{"id":1158,"date":"2020-12-03T09:19:04","date_gmt":"2020-12-03T09:19:04","guid":{"rendered":"http:\/\/nueva.mikelatseuskaltegia.com\/?p=1158"},"modified":"2021-05-04T11:15:23","modified_gmt":"2021-05-04T11:15:23","slug":"dia-internacional-euskera","status":"publish","type":"post","link":"https:\/\/mikelatseuskaltegia.com\/eu\/dia-internacional-euskera\/","title":{"rendered":"Hoy se celebra el D\u00eda Internacional del Euskera"},"content":{"rendered":"<h4>El consistorio Bilba\u00edno ha organizado m\u00faltiples actividades para promocionar el uso de la lengua vasca.<\/h4>\r\n<p>Hoy es 3 de diciembre, <strong>D\u00eda Internacional del Euskera (Euskararen Nazioarteko Eguna)<\/strong>, una fecha para festejar el orgullo de conocer esta lengua, la m\u00e1s antigua de Europa y que m\u00e1s misterios suscita ya que hasta ahora, nadie sabe cu\u00e1l es su origen.<\/p>\r\n<p>Para celebrarlo, desde el pasado d\u00eda 1, el ayuntamiento de Bilbao ha arrancado su programaci\u00f3n cultural de Navidad <strong>#BilbaoGabonak<\/strong> en el que ha organizado una charla musicalizada bajo el t\u00edtulo \u201cKoplak Koplari\u201d en Bidebarrieta Kulturgunea as\u00ed como un sinf\u00edn de actividades m\u00e1s.<\/p>\r\n<h2><strong>Origen del festejo\u00a0\u00a0\u00a0\u00a0\u00a0\u00a0\u00a0\u00a0\u00a0\u00a0\u00a0\u00a0\u00a0\u00a0\u00a0\u00a0\u00a0\u00a0\u00a0\u00a0\u00a0\u00a0\u00a0\u00a0\u00a0\u00a0\u00a0\u00a0\u00a0\u00a0\u00a0\u00a0\u00a0\u00a0\u00a0\u00a0\u00a0\u00a0\u00a0\u00a0 <\/strong><\/h2>\r\n<p>La primera vez que se celebr\u00f3 el d\u00eda del Euskera, fue en 1949 pero, debido a la dif\u00edcil situaci\u00f3n pol\u00edtica, \u00a0no fue hasta 1995 que se institucionaliz\u00f3 gracias a la colaboraci\u00f3n entre el <strong>Gobierno Vasco y Euskaltzaindia. <\/strong><\/p>\r\n<p><strong>La Sociedad de Estudios Vasco <\/strong>eligi\u00f3 esta fecha en honor a <strong>San Francisco Javier<\/strong>, un misionero navarro que en vida trat\u00f3 de aprender todos los idiomas posibles con el objetivo de evangelizar a todas las personas que pudiese y que falleci\u00f3 ese mismo d\u00eda, 3 de diciembre en 1552, pronunciando sus \u00faltimas palabras en euskera.<\/p>\r\n<p>La pasi\u00f3n y dedicaci\u00f3n que este hombre demostr\u00f3 le convirtieron en todo un referente y la persona que mejor representa lo que \u00e9ste d\u00eda simboliza que no es otra cosa que el amor por el euskera y Euskal Herria.<\/p>\r\n<h2><strong>C\u00f3mo celebrarlo<\/strong><\/h2>\r\n<p>Desde el pasado martes, el ayuntamiento de Bilbao ha arrancado su programaci\u00f3n cultural de Navidad, del 1 de diciembre al 5 de enero, con el objetivo de hacer disfrutar a toda la ciudadan\u00eda con la iniciativa #BilbaoGabonak.<\/p>\r\n<p>Entre todas las actividades, y con motivo del D\u00eda del Euskera va a celebrarse una charla musicalizada bajo el t\u00edtulo \u201cKoplariak Koplari\u201d en Bidebarrieta Kulturgunea. La charla ser\u00e1 impartida por Xabier Amuriza y Agus Barandiaran y estar\u00e1 basada en las coplas que Amuriza ha reunido y creado en las \u00faltimas d\u00e9cadas. Con este evento lo que se pretende, adem\u00e1s de celebrar el Euskera, es dar a conocer al p\u00fablico las coplas antiguas y nuevas, a la vez que mostrar la influencia que han tenido en la m\u00fasica popular.<\/p>\r\n<p>La programaci\u00f3n navide\u00f1a tambi\u00e9n re\u00fane otra serie de actividades muy interesantes y divertidas que a pesar de no darse todas el d\u00eda 3, tambi\u00e9n ponen de relieve nuestras costumbres y tradiciones como: sesi\u00f3n de bertsos, teatro en euskera, jornada de magia y un sinf\u00edn de eventos para todas las edades.<\/p>\r\n<p>En definitiva, este d\u00eda sirve para recordarnos nuestras ra\u00edces y tradiciones y para celebrarlo, basta con involucrarnos en estas costumbres, visitar territorios vascos, disfrutar de la gastronom\u00eda\u2026 y por supuesto, <strong>poner en pr\u00e1ctica el euskera <\/strong>d\u00e1ndole el valor que merece y evitando que caiga en el olvido.<\/p>\r\n<p><strong>Animatu zaitez!<\/strong><\/p>\r\n<p><\/p>\r\n<p>&nbsp;<\/p>","protected":false},"excerpt":{"rendered":"<p>El consistorio Bilba\u00edno ha organizado m\u00faltiples actividades para promocionar el uso de la lengua vasca. Hoy es 3 de diciembre, [&hellip;]<\/p>\n","protected":false},"author":3,"featured_media":1162,"comment_status":"open","ping_status":"open","sticky":false,"template":"","format":"standard","meta":{"_vp_format_video_url":"","_vp_image_focal_point":{"x":0.51,"y":0.51},"footnotes":""},"categories":[27],"tags":[],"class_list":["post-1158","post","type-post","status-publish","format-standard","has-post-thumbnail","hentry","category-euskera"],"yoast_head":"<!-- This site is optimized with the Yoast SEO plugin v27.4 - https:\/\/yoast.com\/product\/yoast-seo-wordpress\/ -->\n<title>Hoy se celebra el D\u00eda Internacional del Euskera<\/title>\n<meta name=\"description\" content=\"Hoy es el D\u00eda Internacional del Euskera y para celebrarlo, el ayuntamiento de Bilbao ha organizado algunas actividades especiales.\" \/>\n<meta name=\"robots\" content=\"index, follow, max-snippet:-1, max-image-preview:large, max-video-preview:-1\" \/>\n<link rel=\"canonical\" href=\"https:\/\/mikelatseuskaltegia.com\/eu\/dia-internacional-euskera\/\" \/>\n<meta property=\"og:locale\" content=\"en_US\" \/>\n<meta property=\"og:locale:alternate\" content=\"es_ES\" \/>\n<meta property=\"og:type\" content=\"article\" \/>\n<meta property=\"og:title\" content=\"Hoy se celebra el D\u00eda Internacional del Euskera\" \/>\n<meta property=\"og:description\" content=\"Hoy es el D\u00eda Internacional del Euskera y para celebrarlo, el ayuntamiento de Bilbao ha organizado algunas actividades especiales.\" \/>\n<meta property=\"og:url\" content=\"https:\/\/mikelatseuskaltegia.com\/eu\/dia-internacional-euskera\/\" \/>\n<meta property=\"og:site_name\" content=\"Mikelats Euskaltegia\" \/>\n<meta property=\"article:published_time\" content=\"2020-12-03T09:19:04+00:00\" \/>\n<meta property=\"article:modified_time\" content=\"2021-05-04T11:15:23+00:00\" \/>\n<meta property=\"og:image\" content=\"https:\/\/mikelatseuskaltegia.com\/wp-content\/uploads\/2020\/12\/euskerareneguna.jpg\" \/>\n\t<meta property=\"og:image:width\" content=\"992\" \/>\n\t<meta property=\"og:image:height\" content=\"558\" \/>\n\t<meta property=\"og:image:type\" content=\"image\/jpeg\" \/>\n<meta name=\"author\" content=\"Mikelats\" \/>\n<meta name=\"twitter:card\" content=\"summary_large_image\" \/>\n<meta name=\"twitter:label1\" content=\"Written by\" \/>\n\t<meta name=\"twitter:data1\" content=\"Mikelats\" \/>\n\t<meta name=\"twitter:label2\" content=\"Est. reading time\" \/>\n\t<meta name=\"twitter:data2\" content=\"3 minutua\" \/>\n<script type=\"application\/ld+json\" class=\"yoast-schema-graph\">{\"@context\":\"https:\\\/\\\/schema.org\",\"@graph\":[{\"@type\":\"Article\",\"@id\":\"https:\\\/\\\/mikelatseuskaltegia.com\\\/dia-internacional-euskera\\\/#article\",\"isPartOf\":{\"@id\":\"https:\\\/\\\/mikelatseuskaltegia.com\\\/dia-internacional-euskera\\\/\"},\"author\":{\"name\":\"Mikelats\",\"@id\":\"https:\\\/\\\/mikelatseuskaltegia.com\\\/#\\\/schema\\\/person\\\/d3639b04a236985dcc30249b35c9b58a\"},\"headline\":\"Hoy se celebra el D\u00eda Internacional del Euskera\",\"datePublished\":\"2020-12-03T09:19:04+00:00\",\"dateModified\":\"2021-05-04T11:15:23+00:00\",\"mainEntityOfPage\":{\"@id\":\"https:\\\/\\\/mikelatseuskaltegia.com\\\/dia-internacional-euskera\\\/\"},\"wordCount\":1007,\"commentCount\":0,\"publisher\":{\"@id\":\"https:\\\/\\\/mikelatseuskaltegia.com\\\/#organization\"},\"image\":{\"@id\":\"https:\\\/\\\/mikelatseuskaltegia.com\\\/dia-internacional-euskera\\\/#primaryimage\"},\"thumbnailUrl\":\"https:\\\/\\\/mikelatseuskaltegia.com\\\/wp-content\\\/uploads\\\/2020\\\/12\\\/euskerareneguna.jpg\",\"articleSection\":[\"Euskera\"],\"inLanguage\":\"eu\"},{\"@type\":\"WebPage\",\"@id\":\"https:\\\/\\\/mikelatseuskaltegia.com\\\/dia-internacional-euskera\\\/\",\"url\":\"https:\\\/\\\/mikelatseuskaltegia.com\\\/dia-internacional-euskera\\\/\",\"name\":\"Hoy se celebra el D\u00eda Internacional del Euskera\",\"isPartOf\":{\"@id\":\"https:\\\/\\\/mikelatseuskaltegia.com\\\/#website\"},\"primaryImageOfPage\":{\"@id\":\"https:\\\/\\\/mikelatseuskaltegia.com\\\/dia-internacional-euskera\\\/#primaryimage\"},\"image\":{\"@id\":\"https:\\\/\\\/mikelatseuskaltegia.com\\\/dia-internacional-euskera\\\/#primaryimage\"},\"thumbnailUrl\":\"https:\\\/\\\/mikelatseuskaltegia.com\\\/wp-content\\\/uploads\\\/2020\\\/12\\\/euskerareneguna.jpg\",\"datePublished\":\"2020-12-03T09:19:04+00:00\",\"dateModified\":\"2021-05-04T11:15:23+00:00\",\"description\":\"Hoy es el D\u00eda Internacional del Euskera y para celebrarlo, el ayuntamiento de Bilbao ha organizado algunas actividades especiales.\",\"breadcrumb\":{\"@id\":\"https:\\\/\\\/mikelatseuskaltegia.com\\\/dia-internacional-euskera\\\/#breadcrumb\"},\"inLanguage\":\"eu\",\"potentialAction\":[{\"@type\":\"ReadAction\",\"target\":[\"https:\\\/\\\/mikelatseuskaltegia.com\\\/dia-internacional-euskera\\\/\"]}]},{\"@type\":\"ImageObject\",\"inLanguage\":\"eu\",\"@id\":\"https:\\\/\\\/mikelatseuskaltegia.com\\\/dia-internacional-euskera\\\/#primaryimage\",\"url\":\"https:\\\/\\\/mikelatseuskaltegia.com\\\/wp-content\\\/uploads\\\/2020\\\/12\\\/euskerareneguna.jpg\",\"contentUrl\":\"https:\\\/\\\/mikelatseuskaltegia.com\\\/wp-content\\\/uploads\\\/2020\\\/12\\\/euskerareneguna.jpg\",\"width\":992,\"height\":558,\"caption\":\"D\u00eda Internacional del Euskera\"},{\"@type\":\"BreadcrumbList\",\"@id\":\"https:\\\/\\\/mikelatseuskaltegia.com\\\/dia-internacional-euskera\\\/#breadcrumb\",\"itemListElement\":[{\"@type\":\"ListItem\",\"position\":1,\"name\":\"Portada\",\"item\":\"https:\\\/\\\/mikelatseuskaltegia.com\\\/eu\\\/\"},{\"@type\":\"ListItem\",\"position\":2,\"name\":\"Hoy se celebra el D\u00eda Internacional del Euskera\"}]},{\"@type\":\"WebSite\",\"@id\":\"https:\\\/\\\/mikelatseuskaltegia.com\\\/#website\",\"url\":\"https:\\\/\\\/mikelatseuskaltegia.com\\\/\",\"name\":\"Mikelats Euskaltegia\",\"description\":\"Mikelats euskaltegia es especialista en euskaltegi Bilbao\",\"publisher\":{\"@id\":\"https:\\\/\\\/mikelatseuskaltegia.com\\\/#organization\"},\"potentialAction\":[{\"@type\":\"SearchAction\",\"target\":{\"@type\":\"EntryPoint\",\"urlTemplate\":\"https:\\\/\\\/mikelatseuskaltegia.com\\\/?s={search_term_string}\"},\"query-input\":{\"@type\":\"PropertyValueSpecification\",\"valueRequired\":true,\"valueName\":\"search_term_string\"}}],\"inLanguage\":\"eu\"},{\"@type\":\"Organization\",\"@id\":\"https:\\\/\\\/mikelatseuskaltegia.com\\\/#organization\",\"name\":\"Mikelats Euskaltegia\",\"url\":\"https:\\\/\\\/mikelatseuskaltegia.com\\\/\",\"logo\":{\"@type\":\"ImageObject\",\"inLanguage\":\"eu\",\"@id\":\"https:\\\/\\\/mikelatseuskaltegia.com\\\/#\\\/schema\\\/logo\\\/image\\\/\",\"url\":\"http:\\\/\\\/nueva.mikelatseuskaltegia.com\\\/wp-content\\\/uploads\\\/2019\\\/12\\\/logotipo-mikelatz.png\",\"contentUrl\":\"http:\\\/\\\/nueva.mikelatseuskaltegia.com\\\/wp-content\\\/uploads\\\/2019\\\/12\\\/logotipo-mikelatz.png\",\"width\":109,\"height\":77,\"caption\":\"Mikelats Euskaltegia\"},\"image\":{\"@id\":\"https:\\\/\\\/mikelatseuskaltegia.com\\\/#\\\/schema\\\/logo\\\/image\\\/\"}},{\"@type\":\"Person\",\"@id\":\"https:\\\/\\\/mikelatseuskaltegia.com\\\/#\\\/schema\\\/person\\\/d3639b04a236985dcc30249b35c9b58a\",\"name\":\"Mikelats\",\"image\":{\"@type\":\"ImageObject\",\"inLanguage\":\"eu\",\"@id\":\"https:\\\/\\\/secure.gravatar.com\\\/avatar\\\/a69f15aa44e14b786c6ac7076be348a7cf06fefc04c351edeec42417c6990ae7?s=96&d=mm&r=g\",\"url\":\"https:\\\/\\\/secure.gravatar.com\\\/avatar\\\/a69f15aa44e14b786c6ac7076be348a7cf06fefc04c351edeec42417c6990ae7?s=96&d=mm&r=g\",\"contentUrl\":\"https:\\\/\\\/secure.gravatar.com\\\/avatar\\\/a69f15aa44e14b786c6ac7076be348a7cf06fefc04c351edeec42417c6990ae7?s=96&d=mm&r=g\",\"caption\":\"Mikelats\"}}]}<\/script>\n<!-- \/ Yoast SEO plugin. -->","yoast_head_json":{"title":"Hoy se celebra el D\u00eda Internacional del Euskera","description":"Hoy es el D\u00eda Internacional del Euskera y para celebrarlo, el ayuntamiento de Bilbao ha organizado algunas actividades especiales.","robots":{"index":"index","follow":"follow","max-snippet":"max-snippet:-1","max-image-preview":"max-image-preview:large","max-video-preview":"max-video-preview:-1"},"canonical":"https:\/\/mikelatseuskaltegia.com\/eu\/dia-internacional-euskera\/","og_locale":"en_US","og_type":"article","og_title":"[:es]Hoy se celebra el D\u00eda Internacional del Euskera[:eu]Hoy se celebra el D\u00eda Internacional del Euskera[:] - Mikelats Euskaltegia","og_description":"Hoy es el D\u00eda Internacional del Euskera y para celebrarlo, el ayuntamiento de Bilbao ha organizado algunas actividades especiales.","og_url":"https:\/\/mikelatseuskaltegia.com\/eu\/dia-internacional-euskera\/","og_site_name":"Mikelats Euskaltegia","article_published_time":"2020-12-03T09:19:04+00:00","article_modified_time":"2021-05-04T11:15:23+00:00","og_image":[{"width":992,"height":558,"url":"https:\/\/mikelatseuskaltegia.com\/wp-content\/uploads\/2020\/12\/euskerareneguna.jpg","type":"image\/jpeg"}],"author":"Mikelats","twitter_card":"summary_large_image","twitter_misc":{"Written by":"Mikelats","Est. reading time":"3 minutua"},"schema":{"@context":"https:\/\/schema.org","@graph":[{"@type":"Article","@id":"https:\/\/mikelatseuskaltegia.com\/dia-internacional-euskera\/#article","isPartOf":{"@id":"https:\/\/mikelatseuskaltegia.com\/dia-internacional-euskera\/"},"author":{"name":"Mikelats","@id":"https:\/\/mikelatseuskaltegia.com\/#\/schema\/person\/d3639b04a236985dcc30249b35c9b58a"},"headline":"Hoy se celebra el D\u00eda Internacional del Euskera","datePublished":"2020-12-03T09:19:04+00:00","dateModified":"2021-05-04T11:15:23+00:00","mainEntityOfPage":{"@id":"https:\/\/mikelatseuskaltegia.com\/dia-internacional-euskera\/"},"wordCount":1007,"commentCount":0,"publisher":{"@id":"https:\/\/mikelatseuskaltegia.com\/#organization"},"image":{"@id":"https:\/\/mikelatseuskaltegia.com\/dia-internacional-euskera\/#primaryimage"},"thumbnailUrl":"https:\/\/mikelatseuskaltegia.com\/wp-content\/uploads\/2020\/12\/euskerareneguna.jpg","articleSection":["Euskera"],"inLanguage":"eu"},{"@type":"WebPage","@id":"https:\/\/mikelatseuskaltegia.com\/dia-internacional-euskera\/","url":"https:\/\/mikelatseuskaltegia.com\/dia-internacional-euskera\/","name":"Hoy se celebra el D\u00eda Internacional del Euskera","isPartOf":{"@id":"https:\/\/mikelatseuskaltegia.com\/#website"},"primaryImageOfPage":{"@id":"https:\/\/mikelatseuskaltegia.com\/dia-internacional-euskera\/#primaryimage"},"image":{"@id":"https:\/\/mikelatseuskaltegia.com\/dia-internacional-euskera\/#primaryimage"},"thumbnailUrl":"https:\/\/mikelatseuskaltegia.com\/wp-content\/uploads\/2020\/12\/euskerareneguna.jpg","datePublished":"2020-12-03T09:19:04+00:00","dateModified":"2021-05-04T11:15:23+00:00","description":"Hoy es el D\u00eda Internacional del Euskera y para celebrarlo, el ayuntamiento de Bilbao ha organizado algunas actividades especiales.","breadcrumb":{"@id":"https:\/\/mikelatseuskaltegia.com\/dia-internacional-euskera\/#breadcrumb"},"inLanguage":"eu","potentialAction":[{"@type":"ReadAction","target":["https:\/\/mikelatseuskaltegia.com\/dia-internacional-euskera\/"]}]},{"@type":"ImageObject","inLanguage":"eu","@id":"https:\/\/mikelatseuskaltegia.com\/dia-internacional-euskera\/#primaryimage","url":"https:\/\/mikelatseuskaltegia.com\/wp-content\/uploads\/2020\/12\/euskerareneguna.jpg","contentUrl":"https:\/\/mikelatseuskaltegia.com\/wp-content\/uploads\/2020\/12\/euskerareneguna.jpg","width":992,"height":558,"caption":"D\u00eda Internacional del Euskera"},{"@type":"BreadcrumbList","@id":"https:\/\/mikelatseuskaltegia.com\/dia-internacional-euskera\/#breadcrumb","itemListElement":[{"@type":"ListItem","position":1,"name":"Portada","item":"https:\/\/mikelatseuskaltegia.com\/eu\/"},{"@type":"ListItem","position":2,"name":"Hoy se celebra el D\u00eda Internacional del Euskera"}]},{"@type":"WebSite","@id":"https:\/\/mikelatseuskaltegia.com\/#website","url":"https:\/\/mikelatseuskaltegia.com\/","name":"Mikelats Euskaltegia","description":"Mikelats euskaltegia es especialista en euskaltegi Bilbao","publisher":{"@id":"https:\/\/mikelatseuskaltegia.com\/#organization"},"potentialAction":[{"@type":"SearchAction","target":{"@type":"EntryPoint","urlTemplate":"https:\/\/mikelatseuskaltegia.com\/?s={search_term_string}"},"query-input":{"@type":"PropertyValueSpecification","valueRequired":true,"valueName":"search_term_string"}}],"inLanguage":"eu"},{"@type":"Organization","@id":"https:\/\/mikelatseuskaltegia.com\/#organization","name":"Mikelats Euskaltegia","url":"https:\/\/mikelatseuskaltegia.com\/","logo":{"@type":"ImageObject","inLanguage":"eu","@id":"https:\/\/mikelatseuskaltegia.com\/#\/schema\/logo\/image\/","url":"http:\/\/nueva.mikelatseuskaltegia.com\/wp-content\/uploads\/2019\/12\/logotipo-mikelatz.png","contentUrl":"http:\/\/nueva.mikelatseuskaltegia.com\/wp-content\/uploads\/2019\/12\/logotipo-mikelatz.png","width":109,"height":77,"caption":"Mikelats Euskaltegia"},"image":{"@id":"https:\/\/mikelatseuskaltegia.com\/#\/schema\/logo\/image\/"}},{"@type":"Person","@id":"https:\/\/mikelatseuskaltegia.com\/#\/schema\/person\/d3639b04a236985dcc30249b35c9b58a","name":"Mikelats","image":{"@type":"ImageObject","inLanguage":"eu","@id":"https:\/\/secure.gravatar.com\/avatar\/a69f15aa44e14b786c6ac7076be348a7cf06fefc04c351edeec42417c6990ae7?s=96&d=mm&r=g","url":"https:\/\/secure.gravatar.com\/avatar\/a69f15aa44e14b786c6ac7076be348a7cf06fefc04c351edeec42417c6990ae7?s=96&d=mm&r=g","contentUrl":"https:\/\/secure.gravatar.com\/avatar\/a69f15aa44e14b786c6ac7076be348a7cf06fefc04c351edeec42417c6990ae7?s=96&d=mm&r=g","caption":"Mikelats"}}]}},"_links":{"self":[{"href":"https:\/\/mikelatseuskaltegia.com\/eu\/wp-json\/wp\/v2\/posts\/1158","targetHints":{"allow":["GET"]}}],"collection":[{"href":"https:\/\/mikelatseuskaltegia.com\/eu\/wp-json\/wp\/v2\/posts"}],"about":[{"href":"https:\/\/mikelatseuskaltegia.com\/eu\/wp-json\/wp\/v2\/types\/post"}],"author":[{"embeddable":true,"href":"https:\/\/mikelatseuskaltegia.com\/eu\/wp-json\/wp\/v2\/users\/3"}],"replies":[{"embeddable":true,"href":"https:\/\/mikelatseuskaltegia.com\/eu\/wp-json\/wp\/v2\/comments?post=1158"}],"version-history":[{"count":4,"href":"https:\/\/mikelatseuskaltegia.com\/eu\/wp-json\/wp\/v2\/posts\/1158\/revisions"}],"predecessor-version":[{"id":1387,"href":"https:\/\/mikelatseuskaltegia.com\/eu\/wp-json\/wp\/v2\/posts\/1158\/revisions\/1387"}],"wp:featuredmedia":[{"embeddable":true,"href":"https:\/\/mikelatseuskaltegia.com\/eu\/wp-json\/wp\/v2\/media\/1162"}],"wp:attachment":[{"href":"https:\/\/mikelatseuskaltegia.com\/eu\/wp-json\/wp\/v2\/media?parent=1158"}],"wp:term":[{"taxonomy":"category","embeddable":true,"href":"https:\/\/mikelatseuskaltegia.com\/eu\/wp-json\/wp\/v2\/categories?post=1158"},{"taxonomy":"post_tag","embeddable":true,"href":"https:\/\/mikelatseuskaltegia.com\/eu\/wp-json\/wp\/v2\/tags?post=1158"}],"curies":[{"name":"wp","href":"https:\/\/api.w.org\/{rel}","templated":true}]}}