{"id":1177,"date":"2020-12-14T10:10:14","date_gmt":"2020-12-14T10:10:14","guid":{"rendered":"http:\/\/nueva.mikelatseuskaltegia.com\/?p=1177"},"modified":"2021-05-04T11:14:16","modified_gmt":"2021-05-04T11:14:16","slug":"origen-euskera","status":"publish","type":"post","link":"https:\/\/mikelatseuskaltegia.com\/eu\/origen-euskera\/","title":{"rendered":"La teor\u00eda que relaciona el armenio con el euskera"},"content":{"rendered":"<h4>Sus similitudes parecen llegar, incluso, al ADN.<\/h4>\n<p>El euskera es uno de los idiomas m\u00e1s antiguos de Europa y tambi\u00e9n uno de los m\u00e1s enigm\u00e1ticos ya que su origen es todo un misterio. A lo largo de los a\u00f1os, diferentes ling\u00fcistas e historiadores han defendido y argumentado todo tipo de teor\u00edas, la \u00faltima: <strong>el euskera podr\u00eda venir del armenio. <\/strong><\/p>\n<p>Esta nueva hip\u00f3tesis apunta a que ambos idiomas comparten una serie de palabras y elementos gramaticales que son reconocidos por estudiosos armenios y vascos. Pero no solo eso, las similitudes van m\u00e1s all\u00e1 del lenguaje, compartiendo toponimia, mitolog\u00eda e incluso, ADN.<\/p>\n<p>Aunque la idea no sea nueva, \u00e9sta ha recobrado el inter\u00e9s gracias al trabajo, desarrollado en las \u00faltimas d\u00e9cadas por el ling\u00fcista armenio <strong>Vahan Sargsyan<\/strong> quien ha publicado numerosos libros y estudios sobre el tema, incluido el primer diccionario armenio-euskera en 2001.<\/p>\n<h2><strong>Argumentos a favor<\/strong><\/h2>\n<p>Muchos estudiosos han apoyado esta teor\u00eda con investigaciones cient\u00edficas, como el ling\u00fcista vasco-brit\u00e1nico Edward Spencer Dogson y el fil\u00f3logo alem\u00e1n Joseph Karts, quienes descubrieron 300 coincidencias l\u00e9xicas, gramaticales y fon\u00e9ticas entre el euskera y el armenio, como por ejemplo los t\u00e9rminos \u201ctegi\u201d (lugar) y \u201czati\/zat (porci\u00f3n\/parte). No obstante, parece que las palabras compartidas entre el armenio y el euskera est\u00e1n a estas alturas obsoletas y que no forman parte de ninguno de ambos idiomas actualmente.<\/p>\n<p>Por otro lado, el genetista de poblaciones Mattias Jakobsson y su equipo, encontraron coincidencias de ADN entre los esqueletos de los agricultores neol\u00edticos ib\u00e9ricos, de entre 5.000 y 3.500 a\u00f1os de antig\u00fcedad, y los vascos. A pesar de que el descubrimiento no fue concluyente, bast\u00f3 para plantear algunas ideas y abrir el camino hacia otras posibilidades hasta entonces no imaginadas.<\/p>\n<h2><strong>Argumentos en contra<\/strong><\/h2>\n<p>Para la mayor\u00eda de vascos, el origen etnoling\u00fcistico es aislado, o dicho de otra manera, que su idioma y ADN provienen directamente de los cazadores que llegaron a esta \u00e1rea mucho antes de que la agricultura neol\u00edtica se instalara en la regi\u00f3n hace 7.500 a\u00f1os.<\/p>\n<p>Asimismo, seg\u00fan el secretario de<strong> Euskaltzaindia<\/strong> Xabier Kintana, las palabras compartidas entre ambas lenguas son seguramente pr\u00e9stamos del lat\u00edn, celta y otros idiomas, en su momento, vecinos del vasco, lo que invalida su comparaci\u00f3n. Para \u00e9l, un estudio v\u00e1lido ser\u00eda aquel que comparara las formas antiguas de ambos idiomas para eliminar los pr\u00e9stamos de otras lenguas. No obstante, adem\u00e1s de que realizar esa comparaci\u00f3n es muy complejo, en el caso de encontrar alg\u00fan tipo de conexi\u00f3n, no existen evidencias f\u00edsicas s\u00f3lidas que vinculen ambos pueblos.<\/p>\n<p>Por tanto, una cosa est\u00e1 clara, y es que por el momento, todo son hip\u00f3tesis y que no hay nada concluyente. As\u00ed pues, solo nos queda esperar y estar al tanto de los descubrimientos que se produzcan en el futuro de manera que alg\u00fan d\u00eda seamos capaces de conocer nuestros or\u00edgenes y nuestra historia como pueblo.<\/p>\n<p><span style=\"color: #808080;\"><em>Fotograf\u00eda obtenida de la BBC\u00a0 https:\/\/www.bbc.com\/mundo\/vert-tra-48680918<\/em><\/span><\/p>\n<p>&nbsp;<\/p>\n","protected":false},"excerpt":{"rendered":"<p>Sus similitudes parecen llegar, incluso, al ADN. El euskera es uno de los idiomas m\u00e1s antiguos de Europa y tambi\u00e9n [&hellip;]<\/p>\n","protected":false},"author":3,"featured_media":1178,"comment_status":"open","ping_status":"open","sticky":false,"template":"","format":"standard","meta":{"_vp_format_video_url":"","_vp_image_focal_point":[],"footnotes":""},"categories":[27],"tags":[],"class_list":["post-1177","post","type-post","status-publish","format-standard","has-post-thumbnail","hentry","category-euskera"],"yoast_head":"<!-- This site is optimized with the Yoast SEO plugin v27.4 - https:\/\/yoast.com\/product\/yoast-seo-wordpress\/ -->\n<title>La teor\u00eda que relaciona el armenio con el euskera<\/title>\n<meta name=\"description\" content=\"El origen del euskera es todo un misterio es por eso que a lo largo de los a\u00f1os, numerosos ling\u00fcistas y expertos, han desarrollado teor\u00edas diferentes.\" \/>\n<meta name=\"robots\" content=\"index, follow, max-snippet:-1, max-image-preview:large, max-video-preview:-1\" \/>\n<link rel=\"canonical\" href=\"https:\/\/mikelatseuskaltegia.com\/eu\/origen-euskera\/\" \/>\n<meta property=\"og:locale\" content=\"en_US\" \/>\n<meta property=\"og:locale:alternate\" content=\"es_ES\" \/>\n<meta property=\"og:type\" content=\"article\" \/>\n<meta property=\"og:title\" content=\"La teor\u00eda que relaciona el armenio con el euskera\" \/>\n<meta property=\"og:description\" content=\"El origen del euskera es todo un misterio es por eso que a lo largo de los a\u00f1os, numerosos ling\u00fcistas y expertos, han desarrollado teor\u00edas diferentes.\" \/>\n<meta property=\"og:url\" content=\"https:\/\/mikelatseuskaltegia.com\/eu\/origen-euskera\/\" \/>\n<meta property=\"og:site_name\" content=\"Mikelats Euskaltegia\" \/>\n<meta property=\"article:published_time\" content=\"2020-12-14T10:10:14+00:00\" \/>\n<meta property=\"article:modified_time\" content=\"2021-05-04T11:14:16+00:00\" \/>\n<meta property=\"og:image\" content=\"https:\/\/mikelatseuskaltegia.com\/wp-content\/uploads\/2020\/12\/euskera-y-el-armenio.jpg\" \/>\n\t<meta property=\"og:image:width\" content=\"800\" \/>\n\t<meta property=\"og:image:height\" content=\"450\" \/>\n\t<meta property=\"og:image:type\" content=\"image\/jpeg\" \/>\n<meta name=\"author\" content=\"Mikelats\" \/>\n<meta name=\"twitter:card\" content=\"summary_large_image\" \/>\n<meta name=\"twitter:label1\" content=\"Written by\" \/>\n\t<meta name=\"twitter:data1\" content=\"Mikelats\" \/>\n\t<meta name=\"twitter:label2\" content=\"Est. reading time\" \/>\n\t<meta name=\"twitter:data2\" content=\"3 minutua\" \/>\n<script type=\"application\/ld+json\" class=\"yoast-schema-graph\">{\"@context\":\"https:\\\/\\\/schema.org\",\"@graph\":[{\"@type\":\"Article\",\"@id\":\"https:\\\/\\\/mikelatseuskaltegia.com\\\/origen-euskera\\\/#article\",\"isPartOf\":{\"@id\":\"https:\\\/\\\/mikelatseuskaltegia.com\\\/origen-euskera\\\/\"},\"author\":{\"name\":\"Mikelats\",\"@id\":\"https:\\\/\\\/mikelatseuskaltegia.com\\\/#\\\/schema\\\/person\\\/d3639b04a236985dcc30249b35c9b58a\"},\"headline\":\"La teor\u00eda que relaciona el armenio con el euskera\",\"datePublished\":\"2020-12-14T10:10:14+00:00\",\"dateModified\":\"2021-05-04T11:14:16+00:00\",\"mainEntityOfPage\":{\"@id\":\"https:\\\/\\\/mikelatseuskaltegia.com\\\/origen-euskera\\\/\"},\"wordCount\":1084,\"commentCount\":0,\"publisher\":{\"@id\":\"https:\\\/\\\/mikelatseuskaltegia.com\\\/#organization\"},\"image\":{\"@id\":\"https:\\\/\\\/mikelatseuskaltegia.com\\\/origen-euskera\\\/#primaryimage\"},\"thumbnailUrl\":\"https:\\\/\\\/mikelatseuskaltegia.com\\\/wp-content\\\/uploads\\\/2020\\\/12\\\/euskera-y-el-armenio.jpg\",\"articleSection\":[\"Euskera\"],\"inLanguage\":\"eu\"},{\"@type\":\"WebPage\",\"@id\":\"https:\\\/\\\/mikelatseuskaltegia.com\\\/origen-euskera\\\/\",\"url\":\"https:\\\/\\\/mikelatseuskaltegia.com\\\/origen-euskera\\\/\",\"name\":\"La teor\u00eda que relaciona el armenio con el euskera\",\"isPartOf\":{\"@id\":\"https:\\\/\\\/mikelatseuskaltegia.com\\\/#website\"},\"primaryImageOfPage\":{\"@id\":\"https:\\\/\\\/mikelatseuskaltegia.com\\\/origen-euskera\\\/#primaryimage\"},\"image\":{\"@id\":\"https:\\\/\\\/mikelatseuskaltegia.com\\\/origen-euskera\\\/#primaryimage\"},\"thumbnailUrl\":\"https:\\\/\\\/mikelatseuskaltegia.com\\\/wp-content\\\/uploads\\\/2020\\\/12\\\/euskera-y-el-armenio.jpg\",\"datePublished\":\"2020-12-14T10:10:14+00:00\",\"dateModified\":\"2021-05-04T11:14:16+00:00\",\"description\":\"El origen del euskera es todo un misterio es por eso que a lo largo de los a\u00f1os, numerosos ling\u00fcistas y expertos, han desarrollado teor\u00edas diferentes.\",\"breadcrumb\":{\"@id\":\"https:\\\/\\\/mikelatseuskaltegia.com\\\/origen-euskera\\\/#breadcrumb\"},\"inLanguage\":\"eu\",\"potentialAction\":[{\"@type\":\"ReadAction\",\"target\":[\"https:\\\/\\\/mikelatseuskaltegia.com\\\/origen-euskera\\\/\"]}]},{\"@type\":\"ImageObject\",\"inLanguage\":\"eu\",\"@id\":\"https:\\\/\\\/mikelatseuskaltegia.com\\\/origen-euskera\\\/#primaryimage\",\"url\":\"https:\\\/\\\/mikelatseuskaltegia.com\\\/wp-content\\\/uploads\\\/2020\\\/12\\\/euskera-y-el-armenio.jpg\",\"contentUrl\":\"https:\\\/\\\/mikelatseuskaltegia.com\\\/wp-content\\\/uploads\\\/2020\\\/12\\\/euskera-y-el-armenio.jpg\",\"width\":800,\"height\":450,\"caption\":\"Euskera y el Armenio\"},{\"@type\":\"BreadcrumbList\",\"@id\":\"https:\\\/\\\/mikelatseuskaltegia.com\\\/origen-euskera\\\/#breadcrumb\",\"itemListElement\":[{\"@type\":\"ListItem\",\"position\":1,\"name\":\"Portada\",\"item\":\"https:\\\/\\\/mikelatseuskaltegia.com\\\/eu\\\/\"},{\"@type\":\"ListItem\",\"position\":2,\"name\":\"La teor\u00eda que relaciona el armenio con el euskera\"}]},{\"@type\":\"WebSite\",\"@id\":\"https:\\\/\\\/mikelatseuskaltegia.com\\\/#website\",\"url\":\"https:\\\/\\\/mikelatseuskaltegia.com\\\/\",\"name\":\"Mikelats Euskaltegia\",\"description\":\"Mikelats euskaltegia es especialista en euskaltegi Bilbao\",\"publisher\":{\"@id\":\"https:\\\/\\\/mikelatseuskaltegia.com\\\/#organization\"},\"potentialAction\":[{\"@type\":\"SearchAction\",\"target\":{\"@type\":\"EntryPoint\",\"urlTemplate\":\"https:\\\/\\\/mikelatseuskaltegia.com\\\/?s={search_term_string}\"},\"query-input\":{\"@type\":\"PropertyValueSpecification\",\"valueRequired\":true,\"valueName\":\"search_term_string\"}}],\"inLanguage\":\"eu\"},{\"@type\":\"Organization\",\"@id\":\"https:\\\/\\\/mikelatseuskaltegia.com\\\/#organization\",\"name\":\"Mikelats Euskaltegia\",\"url\":\"https:\\\/\\\/mikelatseuskaltegia.com\\\/\",\"logo\":{\"@type\":\"ImageObject\",\"inLanguage\":\"eu\",\"@id\":\"https:\\\/\\\/mikelatseuskaltegia.com\\\/#\\\/schema\\\/logo\\\/image\\\/\",\"url\":\"http:\\\/\\\/nueva.mikelatseuskaltegia.com\\\/wp-content\\\/uploads\\\/2019\\\/12\\\/logotipo-mikelatz.png\",\"contentUrl\":\"http:\\\/\\\/nueva.mikelatseuskaltegia.com\\\/wp-content\\\/uploads\\\/2019\\\/12\\\/logotipo-mikelatz.png\",\"width\":109,\"height\":77,\"caption\":\"Mikelats Euskaltegia\"},\"image\":{\"@id\":\"https:\\\/\\\/mikelatseuskaltegia.com\\\/#\\\/schema\\\/logo\\\/image\\\/\"}},{\"@type\":\"Person\",\"@id\":\"https:\\\/\\\/mikelatseuskaltegia.com\\\/#\\\/schema\\\/person\\\/d3639b04a236985dcc30249b35c9b58a\",\"name\":\"Mikelats\",\"image\":{\"@type\":\"ImageObject\",\"inLanguage\":\"eu\",\"@id\":\"https:\\\/\\\/secure.gravatar.com\\\/avatar\\\/a69f15aa44e14b786c6ac7076be348a7cf06fefc04c351edeec42417c6990ae7?s=96&d=mm&r=g\",\"url\":\"https:\\\/\\\/secure.gravatar.com\\\/avatar\\\/a69f15aa44e14b786c6ac7076be348a7cf06fefc04c351edeec42417c6990ae7?s=96&d=mm&r=g\",\"contentUrl\":\"https:\\\/\\\/secure.gravatar.com\\\/avatar\\\/a69f15aa44e14b786c6ac7076be348a7cf06fefc04c351edeec42417c6990ae7?s=96&d=mm&r=g\",\"caption\":\"Mikelats\"}}]}<\/script>\n<!-- \/ Yoast SEO plugin. -->","yoast_head_json":{"title":"La teor\u00eda que relaciona el armenio con el euskera","description":"El origen del euskera es todo un misterio es por eso que a lo largo de los a\u00f1os, numerosos ling\u00fcistas y expertos, han desarrollado teor\u00edas diferentes.","robots":{"index":"index","follow":"follow","max-snippet":"max-snippet:-1","max-image-preview":"max-image-preview:large","max-video-preview":"max-video-preview:-1"},"canonical":"https:\/\/mikelatseuskaltegia.com\/eu\/origen-euskera\/","og_locale":"en_US","og_type":"article","og_title":"[:es]La teor\u00eda que relaciona el armenio con el euskera[:eu]La teor\u00eda que relaciona el armenio con el euskera[:] - Mikelats Euskaltegia","og_description":"El origen del euskera es todo un misterio es por eso que a lo largo de los a\u00f1os, numerosos ling\u00fcistas y expertos, han desarrollado teor\u00edas diferentes.","og_url":"https:\/\/mikelatseuskaltegia.com\/eu\/origen-euskera\/","og_site_name":"Mikelats Euskaltegia","article_published_time":"2020-12-14T10:10:14+00:00","article_modified_time":"2021-05-04T11:14:16+00:00","og_image":[{"width":800,"height":450,"url":"https:\/\/mikelatseuskaltegia.com\/wp-content\/uploads\/2020\/12\/euskera-y-el-armenio.jpg","type":"image\/jpeg"}],"author":"Mikelats","twitter_card":"summary_large_image","twitter_misc":{"Written by":"Mikelats","Est. reading time":"3 minutua"},"schema":{"@context":"https:\/\/schema.org","@graph":[{"@type":"Article","@id":"https:\/\/mikelatseuskaltegia.com\/origen-euskera\/#article","isPartOf":{"@id":"https:\/\/mikelatseuskaltegia.com\/origen-euskera\/"},"author":{"name":"Mikelats","@id":"https:\/\/mikelatseuskaltegia.com\/#\/schema\/person\/d3639b04a236985dcc30249b35c9b58a"},"headline":"La teor\u00eda que relaciona el armenio con el euskera","datePublished":"2020-12-14T10:10:14+00:00","dateModified":"2021-05-04T11:14:16+00:00","mainEntityOfPage":{"@id":"https:\/\/mikelatseuskaltegia.com\/origen-euskera\/"},"wordCount":1084,"commentCount":0,"publisher":{"@id":"https:\/\/mikelatseuskaltegia.com\/#organization"},"image":{"@id":"https:\/\/mikelatseuskaltegia.com\/origen-euskera\/#primaryimage"},"thumbnailUrl":"https:\/\/mikelatseuskaltegia.com\/wp-content\/uploads\/2020\/12\/euskera-y-el-armenio.jpg","articleSection":["Euskera"],"inLanguage":"eu"},{"@type":"WebPage","@id":"https:\/\/mikelatseuskaltegia.com\/origen-euskera\/","url":"https:\/\/mikelatseuskaltegia.com\/origen-euskera\/","name":"La teor\u00eda que relaciona el armenio con el euskera","isPartOf":{"@id":"https:\/\/mikelatseuskaltegia.com\/#website"},"primaryImageOfPage":{"@id":"https:\/\/mikelatseuskaltegia.com\/origen-euskera\/#primaryimage"},"image":{"@id":"https:\/\/mikelatseuskaltegia.com\/origen-euskera\/#primaryimage"},"thumbnailUrl":"https:\/\/mikelatseuskaltegia.com\/wp-content\/uploads\/2020\/12\/euskera-y-el-armenio.jpg","datePublished":"2020-12-14T10:10:14+00:00","dateModified":"2021-05-04T11:14:16+00:00","description":"El origen del euskera es todo un misterio es por eso que a lo largo de los a\u00f1os, numerosos ling\u00fcistas y expertos, han desarrollado teor\u00edas diferentes.","breadcrumb":{"@id":"https:\/\/mikelatseuskaltegia.com\/origen-euskera\/#breadcrumb"},"inLanguage":"eu","potentialAction":[{"@type":"ReadAction","target":["https:\/\/mikelatseuskaltegia.com\/origen-euskera\/"]}]},{"@type":"ImageObject","inLanguage":"eu","@id":"https:\/\/mikelatseuskaltegia.com\/origen-euskera\/#primaryimage","url":"https:\/\/mikelatseuskaltegia.com\/wp-content\/uploads\/2020\/12\/euskera-y-el-armenio.jpg","contentUrl":"https:\/\/mikelatseuskaltegia.com\/wp-content\/uploads\/2020\/12\/euskera-y-el-armenio.jpg","width":800,"height":450,"caption":"Euskera y el Armenio"},{"@type":"BreadcrumbList","@id":"https:\/\/mikelatseuskaltegia.com\/origen-euskera\/#breadcrumb","itemListElement":[{"@type":"ListItem","position":1,"name":"Portada","item":"https:\/\/mikelatseuskaltegia.com\/eu\/"},{"@type":"ListItem","position":2,"name":"La teor\u00eda que relaciona el armenio con el euskera"}]},{"@type":"WebSite","@id":"https:\/\/mikelatseuskaltegia.com\/#website","url":"https:\/\/mikelatseuskaltegia.com\/","name":"Mikelats Euskaltegia","description":"Mikelats euskaltegia es especialista en euskaltegi Bilbao","publisher":{"@id":"https:\/\/mikelatseuskaltegia.com\/#organization"},"potentialAction":[{"@type":"SearchAction","target":{"@type":"EntryPoint","urlTemplate":"https:\/\/mikelatseuskaltegia.com\/?s={search_term_string}"},"query-input":{"@type":"PropertyValueSpecification","valueRequired":true,"valueName":"search_term_string"}}],"inLanguage":"eu"},{"@type":"Organization","@id":"https:\/\/mikelatseuskaltegia.com\/#organization","name":"Mikelats Euskaltegia","url":"https:\/\/mikelatseuskaltegia.com\/","logo":{"@type":"ImageObject","inLanguage":"eu","@id":"https:\/\/mikelatseuskaltegia.com\/#\/schema\/logo\/image\/","url":"http:\/\/nueva.mikelatseuskaltegia.com\/wp-content\/uploads\/2019\/12\/logotipo-mikelatz.png","contentUrl":"http:\/\/nueva.mikelatseuskaltegia.com\/wp-content\/uploads\/2019\/12\/logotipo-mikelatz.png","width":109,"height":77,"caption":"Mikelats Euskaltegia"},"image":{"@id":"https:\/\/mikelatseuskaltegia.com\/#\/schema\/logo\/image\/"}},{"@type":"Person","@id":"https:\/\/mikelatseuskaltegia.com\/#\/schema\/person\/d3639b04a236985dcc30249b35c9b58a","name":"Mikelats","image":{"@type":"ImageObject","inLanguage":"eu","@id":"https:\/\/secure.gravatar.com\/avatar\/a69f15aa44e14b786c6ac7076be348a7cf06fefc04c351edeec42417c6990ae7?s=96&d=mm&r=g","url":"https:\/\/secure.gravatar.com\/avatar\/a69f15aa44e14b786c6ac7076be348a7cf06fefc04c351edeec42417c6990ae7?s=96&d=mm&r=g","contentUrl":"https:\/\/secure.gravatar.com\/avatar\/a69f15aa44e14b786c6ac7076be348a7cf06fefc04c351edeec42417c6990ae7?s=96&d=mm&r=g","caption":"Mikelats"}}]}},"_links":{"self":[{"href":"https:\/\/mikelatseuskaltegia.com\/eu\/wp-json\/wp\/v2\/posts\/1177","targetHints":{"allow":["GET"]}}],"collection":[{"href":"https:\/\/mikelatseuskaltegia.com\/eu\/wp-json\/wp\/v2\/posts"}],"about":[{"href":"https:\/\/mikelatseuskaltegia.com\/eu\/wp-json\/wp\/v2\/types\/post"}],"author":[{"embeddable":true,"href":"https:\/\/mikelatseuskaltegia.com\/eu\/wp-json\/wp\/v2\/users\/3"}],"replies":[{"embeddable":true,"href":"https:\/\/mikelatseuskaltegia.com\/eu\/wp-json\/wp\/v2\/comments?post=1177"}],"version-history":[{"count":4,"href":"https:\/\/mikelatseuskaltegia.com\/eu\/wp-json\/wp\/v2\/posts\/1177\/revisions"}],"predecessor-version":[{"id":1385,"href":"https:\/\/mikelatseuskaltegia.com\/eu\/wp-json\/wp\/v2\/posts\/1177\/revisions\/1385"}],"wp:featuredmedia":[{"embeddable":true,"href":"https:\/\/mikelatseuskaltegia.com\/eu\/wp-json\/wp\/v2\/media\/1178"}],"wp:attachment":[{"href":"https:\/\/mikelatseuskaltegia.com\/eu\/wp-json\/wp\/v2\/media?parent=1177"}],"wp:term":[{"taxonomy":"category","embeddable":true,"href":"https:\/\/mikelatseuskaltegia.com\/eu\/wp-json\/wp\/v2\/categories?post=1177"},{"taxonomy":"post_tag","embeddable":true,"href":"https:\/\/mikelatseuskaltegia.com\/eu\/wp-json\/wp\/v2\/tags?post=1177"}],"curies":[{"name":"wp","href":"https:\/\/api.w.org\/{rel}","templated":true}]}}