{"id":1302,"date":"2021-03-29T18:35:23","date_gmt":"2021-03-29T18:35:23","guid":{"rendered":"http:\/\/nueva.mikelatseuskaltegia.com\/?p=1302"},"modified":"2021-06-01T13:42:45","modified_gmt":"2021-06-01T11:42:45","slug":"convenio-fomentar-euskera-en-plataformas-de-informacion","status":"publish","type":"post","link":"https:\/\/mikelatseuskaltegia.com\/eu\/convenio-fomentar-euskera-en-plataformas-de-informacion\/","title":{"rendered":"Renovado el convenio para fomentar la presencia del euskera en las nuevas plataformas de informaci\u00f3n"},"content":{"rendered":"<h4><strong>Euskarabidea y Euskal Wikilarien Kultur Elkartea firman el proyecto \u201cWikipedia Euskaraz\u201d destinado a fomentar la creaci\u00f3n y difusi\u00f3n de contenido en euskera exclusivamente a trav\u00e9s de internet en plataformas como Wikipedia.<\/strong><\/h4>\n<p>El Gobierno de Navarra, a trav\u00e9s de Euskarabidea, ha suscrito un nuevo convenio de colaboraci\u00f3n con Euskal Wikilarien Kultur Elkartea para promover el uso y la presencia del euskera en las nuevas plataformas de la informaci\u00f3n y la comunicaci\u00f3n. El objetivo prioritario es incrementar las publicaciones y la oferta en euskera en los puntos de informaci\u00f3n existentes en internet, as\u00ed como en Wikipedia.<\/p>\n<p>Ana Ollo, consejera de Relaciones Ciudadanas y Xabier Armendaritz, presidente de la asociaci\u00f3n cultural Euskal Wikilarien Kultur Elkartea, han hecho oficial la colaboraci\u00f3n entre ambas instituciones, que cuenta con una aportaci\u00f3n econ\u00f3mica de 30.000 euros, y por la cual la asociaci\u00f3n cultural y Euskarabidea trabajar\u00e1n conjuntamente para implementar en Navarra el programa \u201cWikipedia Euskaraz\u201d a lo largo de este a\u00f1o.<\/p>\n<p>El objetivo de aumentar la oferta de contenido digital y cultural en euskera para la ciudadan\u00eda navarra abarca dentro del Plan Reactivar Navarra \/ Nafarroa Suspertu 2020-2023. <em>\u201cDurante el confinamiento ha quedado todav\u00eda m\u00e1s en evidencia la era digital en la que vivimos, y debemos aprovechar este proceso para seguir ampliando las posibilidades que ofrecemos a la ciudadan\u00eda para poner el euskera y su cultura al alcance de todas las personas\u201d<\/em>.<\/p>\n<h3><strong>Ocho proyectos en total<\/strong><\/h3>\n<p>Euskal Wikilarien Elkartea ha presentado dos memorias donde se plasman los ocho proyectos que ha desarrollado durante los \u00faltimos dos semestres.<\/p>\n<p>Entre estos actos destacan la colaboraci\u00f3n con la UPNA (Universidad P\u00fablica de Navarra) para la coordinaci\u00f3n de actividades con el profesorado de grado de Educaci\u00f3n Primaria para el pr\u00f3ximo curso y la Agencia P\u00fablica de Desarrollo de Sakana, para desarrollar diversas actuaciones de promoci\u00f3n digital del patrimonio cultural de la zona. Tambi\u00e9n resalta la publicaci\u00f3n a trav\u00e9s de Wikicommons de m\u00e1s de 2.000 fotograf\u00edas, de entre 1982 y 1992 que pertenecen al fondo fotogr\u00e1fico de la revista Ttipi- Ttapa.<\/p>\n<p>Adem\u00e1s, Euskal Wikilarien Elkartea ha mantenido el contacto con los museos navarros para publicar textos e im\u00e1genes en la Wikipedia. De este modo, se han compartido diversos fondos con el museo Jorge Oteiza, como la descripci\u00f3n detallada de diez esculturas.<\/p>\n<p>Se han organizado, con varios ayuntamientos, como el de Puente la Reina o el de Zubieta (suspendido por la pandemia), rallys fotogr\u00e1ficos sobre el patrimonio art\u00edstico de estas localidades y se han celebrado charlas para profesorado, alumnado y familiares para la presentaci\u00f3n del proyecto Txipipedia.<\/p>\n<p>Tambi\u00e9n se ha trabajado con el Servicio de Patrimonio Hist\u00f3rico de la Instituci\u00f3n Pr\u00edncipe de Viana para publicar en Wikipedia el mapa del Cat\u00e1logo de Bienes de Inter\u00e9s Cultural y con el Servicio de Turismo del Gobierno de Navarra para compartir textos e im\u00e1genes a trav\u00e9s de la secci\u00f3n de Wikipedia &#8220;WikiBizi Euskal Herria &#8220;, incluyendo hasta 146 itinerarios por la Naturaleza.<\/p>\n<h3><strong>Proyectos en Navarra<\/strong><\/h3>\n<p>Desde la creaci\u00f3n en 2016 de la asociaci\u00f3n cultural Euskal Wikilarien Kultura Elkartea, ha trabajado en diferentes proyectos asociados a Navarra que se ver\u00e1n reforzados y podr\u00e1n proseguir gracias al convenio firmado este 10 de marzo. Han desarrollado su labor colaborado con agentes y entidades locales para promocionar el patrimonio cultural navarro a trav\u00e9s de Wikipedia donde se informara acerca de la toponimia local, dialectos, historias y monumentos.<\/p>\n<p><strong>Fotograf\u00eda sacada de\u00a0 Navarra.es .<\/strong><\/p>\n","protected":false},"excerpt":{"rendered":"<p>Euskarabidea y Euskal Wikilarien Kultur Elkartea firman el proyecto \u201cWikipedia Euskaraz\u201d destinado a fomentar la creaci\u00f3n y difusi\u00f3n de contenido [&hellip;]<\/p>\n","protected":false},"author":3,"featured_media":1305,"comment_status":"open","ping_status":"open","sticky":false,"template":"","format":"standard","meta":{"_vp_format_video_url":"","_vp_image_focal_point":[],"footnotes":""},"categories":[27],"tags":[],"class_list":["post-1302","post","type-post","status-publish","format-standard","has-post-thumbnail","hentry","category-euskera"],"yoast_head":"<!-- This site is optimized with the Yoast SEO plugin v27.4 - https:\/\/yoast.com\/product\/yoast-seo-wordpress\/ -->\n<title>Renovado el convenio para fomentar la presencia del euskera en las nuevas plataformas de informaci\u00f3n<\/title>\n<meta name=\"description\" content=\"Euskarabidea y Euskal Wikilarien Kultur Elkartea firman el proyecto \u201cWikipedia Euskaraz\u201d destinado a fomentar la creaci\u00f3n y difusi\u00f3n\" \/>\n<meta name=\"robots\" content=\"index, follow, max-snippet:-1, max-image-preview:large, max-video-preview:-1\" \/>\n<link rel=\"canonical\" href=\"https:\/\/mikelatseuskaltegia.com\/eu\/convenio-fomentar-euskera-en-plataformas-de-informacion\/\" \/>\n<meta property=\"og:locale\" content=\"en_US\" \/>\n<meta property=\"og:locale:alternate\" content=\"es_ES\" \/>\n<meta property=\"og:type\" content=\"article\" \/>\n<meta property=\"og:title\" content=\"Renovado el convenio para fomentar la presencia del euskera en las nuevas plataformas de informaci\u00f3n\" \/>\n<meta property=\"og:description\" content=\"Euskarabidea y Euskal Wikilarien Kultur Elkartea firman el proyecto \u201cWikipedia Euskaraz\u201d destinado a fomentar la creaci\u00f3n y difusi\u00f3n\" \/>\n<meta property=\"og:url\" content=\"https:\/\/mikelatseuskaltegia.com\/eu\/convenio-fomentar-euskera-en-plataformas-de-informacion\/\" \/>\n<meta property=\"og:site_name\" content=\"Mikelats Euskaltegia\" \/>\n<meta property=\"article:published_time\" content=\"2021-03-29T18:35:23+00:00\" \/>\n<meta property=\"article:modified_time\" content=\"2021-06-01T11:42:45+00:00\" \/>\n<meta property=\"og:image\" content=\"https:\/\/mikelatseuskaltegia.com\/wp-content\/uploads\/2021\/03\/gobierno-navarra.jpg\" \/>\n\t<meta property=\"og:image:width\" content=\"990\" \/>\n\t<meta property=\"og:image:height\" content=\"660\" \/>\n\t<meta property=\"og:image:type\" content=\"image\/jpeg\" \/>\n<meta name=\"author\" content=\"Mikelats\" \/>\n<meta name=\"twitter:card\" content=\"summary_large_image\" \/>\n<meta name=\"twitter:label1\" content=\"Written by\" \/>\n\t<meta name=\"twitter:data1\" content=\"Mikelats\" \/>\n\t<meta name=\"twitter:label2\" content=\"Est. reading time\" \/>\n\t<meta name=\"twitter:data2\" content=\"3 minutua\" \/>\n<script type=\"application\/ld+json\" class=\"yoast-schema-graph\">{\"@context\":\"https:\\\/\\\/schema.org\",\"@graph\":[{\"@type\":\"Article\",\"@id\":\"https:\\\/\\\/mikelatseuskaltegia.com\\\/convenio-fomentar-euskera-en-plataformas-de-informacion\\\/#article\",\"isPartOf\":{\"@id\":\"https:\\\/\\\/mikelatseuskaltegia.com\\\/convenio-fomentar-euskera-en-plataformas-de-informacion\\\/\"},\"author\":{\"name\":\"Mikelats\",\"@id\":\"https:\\\/\\\/mikelatseuskaltegia.com\\\/#\\\/schema\\\/person\\\/d3639b04a236985dcc30249b35c9b58a\"},\"headline\":\"Renovado el convenio para fomentar la presencia del euskera en las nuevas plataformas de informaci\u00f3n\",\"datePublished\":\"2021-03-29T18:35:23+00:00\",\"dateModified\":\"2021-06-01T11:42:45+00:00\",\"mainEntityOfPage\":{\"@id\":\"https:\\\/\\\/mikelatseuskaltegia.com\\\/convenio-fomentar-euskera-en-plataformas-de-informacion\\\/\"},\"wordCount\":1228,\"commentCount\":0,\"publisher\":{\"@id\":\"https:\\\/\\\/mikelatseuskaltegia.com\\\/#organization\"},\"image\":{\"@id\":\"https:\\\/\\\/mikelatseuskaltegia.com\\\/convenio-fomentar-euskera-en-plataformas-de-informacion\\\/#primaryimage\"},\"thumbnailUrl\":\"https:\\\/\\\/mikelatseuskaltegia.com\\\/wp-content\\\/uploads\\\/2021\\\/03\\\/gobierno-navarra.jpg\",\"articleSection\":[\"Euskera\"],\"inLanguage\":\"eu\"},{\"@type\":\"WebPage\",\"@id\":\"https:\\\/\\\/mikelatseuskaltegia.com\\\/convenio-fomentar-euskera-en-plataformas-de-informacion\\\/\",\"url\":\"https:\\\/\\\/mikelatseuskaltegia.com\\\/convenio-fomentar-euskera-en-plataformas-de-informacion\\\/\",\"name\":\"Renovado el convenio para fomentar la presencia del euskera en las nuevas plataformas de informaci\u00f3n\",\"isPartOf\":{\"@id\":\"https:\\\/\\\/mikelatseuskaltegia.com\\\/#website\"},\"primaryImageOfPage\":{\"@id\":\"https:\\\/\\\/mikelatseuskaltegia.com\\\/convenio-fomentar-euskera-en-plataformas-de-informacion\\\/#primaryimage\"},\"image\":{\"@id\":\"https:\\\/\\\/mikelatseuskaltegia.com\\\/convenio-fomentar-euskera-en-plataformas-de-informacion\\\/#primaryimage\"},\"thumbnailUrl\":\"https:\\\/\\\/mikelatseuskaltegia.com\\\/wp-content\\\/uploads\\\/2021\\\/03\\\/gobierno-navarra.jpg\",\"datePublished\":\"2021-03-29T18:35:23+00:00\",\"dateModified\":\"2021-06-01T11:42:45+00:00\",\"description\":\"Euskarabidea y Euskal Wikilarien Kultur Elkartea firman el proyecto \u201cWikipedia Euskaraz\u201d destinado a fomentar la creaci\u00f3n y difusi\u00f3n\",\"breadcrumb\":{\"@id\":\"https:\\\/\\\/mikelatseuskaltegia.com\\\/convenio-fomentar-euskera-en-plataformas-de-informacion\\\/#breadcrumb\"},\"inLanguage\":\"eu\",\"potentialAction\":[{\"@type\":\"ReadAction\",\"target\":[\"https:\\\/\\\/mikelatseuskaltegia.com\\\/convenio-fomentar-euskera-en-plataformas-de-informacion\\\/\"]}]},{\"@type\":\"ImageObject\",\"inLanguage\":\"eu\",\"@id\":\"https:\\\/\\\/mikelatseuskaltegia.com\\\/convenio-fomentar-euskera-en-plataformas-de-informacion\\\/#primaryimage\",\"url\":\"https:\\\/\\\/mikelatseuskaltegia.com\\\/wp-content\\\/uploads\\\/2021\\\/03\\\/gobierno-navarra.jpg\",\"contentUrl\":\"https:\\\/\\\/mikelatseuskaltegia.com\\\/wp-content\\\/uploads\\\/2021\\\/03\\\/gobierno-navarra.jpg\",\"width\":990,\"height\":660,\"caption\":\"De izquierda a derecha, el director gerente de Euskarabidea, Mikel Arregi; la consejera Ollo, el presidente de Euskal Wikilarien Kultura Elkartea, Xabier Armendaritz, y el encargado del proyecto en Navarra, Alex Pulido.\"},{\"@type\":\"BreadcrumbList\",\"@id\":\"https:\\\/\\\/mikelatseuskaltegia.com\\\/convenio-fomentar-euskera-en-plataformas-de-informacion\\\/#breadcrumb\",\"itemListElement\":[{\"@type\":\"ListItem\",\"position\":1,\"name\":\"Portada\",\"item\":\"https:\\\/\\\/mikelatseuskaltegia.com\\\/eu\\\/\"},{\"@type\":\"ListItem\",\"position\":2,\"name\":\"Renovado el convenio para fomentar la presencia del euskera en las nuevas plataformas de informaci\u00f3n\"}]},{\"@type\":\"WebSite\",\"@id\":\"https:\\\/\\\/mikelatseuskaltegia.com\\\/#website\",\"url\":\"https:\\\/\\\/mikelatseuskaltegia.com\\\/\",\"name\":\"Mikelats Euskaltegia\",\"description\":\"Mikelats euskaltegia es especialista en euskaltegi Bilbao\",\"publisher\":{\"@id\":\"https:\\\/\\\/mikelatseuskaltegia.com\\\/#organization\"},\"potentialAction\":[{\"@type\":\"SearchAction\",\"target\":{\"@type\":\"EntryPoint\",\"urlTemplate\":\"https:\\\/\\\/mikelatseuskaltegia.com\\\/?s={search_term_string}\"},\"query-input\":{\"@type\":\"PropertyValueSpecification\",\"valueRequired\":true,\"valueName\":\"search_term_string\"}}],\"inLanguage\":\"eu\"},{\"@type\":\"Organization\",\"@id\":\"https:\\\/\\\/mikelatseuskaltegia.com\\\/#organization\",\"name\":\"Mikelats Euskaltegia\",\"url\":\"https:\\\/\\\/mikelatseuskaltegia.com\\\/\",\"logo\":{\"@type\":\"ImageObject\",\"inLanguage\":\"eu\",\"@id\":\"https:\\\/\\\/mikelatseuskaltegia.com\\\/#\\\/schema\\\/logo\\\/image\\\/\",\"url\":\"http:\\\/\\\/nueva.mikelatseuskaltegia.com\\\/wp-content\\\/uploads\\\/2019\\\/12\\\/logotipo-mikelatz.png\",\"contentUrl\":\"http:\\\/\\\/nueva.mikelatseuskaltegia.com\\\/wp-content\\\/uploads\\\/2019\\\/12\\\/logotipo-mikelatz.png\",\"width\":109,\"height\":77,\"caption\":\"Mikelats Euskaltegia\"},\"image\":{\"@id\":\"https:\\\/\\\/mikelatseuskaltegia.com\\\/#\\\/schema\\\/logo\\\/image\\\/\"}},{\"@type\":\"Person\",\"@id\":\"https:\\\/\\\/mikelatseuskaltegia.com\\\/#\\\/schema\\\/person\\\/d3639b04a236985dcc30249b35c9b58a\",\"name\":\"Mikelats\",\"image\":{\"@type\":\"ImageObject\",\"inLanguage\":\"eu\",\"@id\":\"https:\\\/\\\/secure.gravatar.com\\\/avatar\\\/a69f15aa44e14b786c6ac7076be348a7cf06fefc04c351edeec42417c6990ae7?s=96&d=mm&r=g\",\"url\":\"https:\\\/\\\/secure.gravatar.com\\\/avatar\\\/a69f15aa44e14b786c6ac7076be348a7cf06fefc04c351edeec42417c6990ae7?s=96&d=mm&r=g\",\"contentUrl\":\"https:\\\/\\\/secure.gravatar.com\\\/avatar\\\/a69f15aa44e14b786c6ac7076be348a7cf06fefc04c351edeec42417c6990ae7?s=96&d=mm&r=g\",\"caption\":\"Mikelats\"}}]}<\/script>\n<!-- \/ Yoast SEO plugin. -->","yoast_head_json":{"title":"Renovado el convenio para fomentar la presencia del euskera en las nuevas plataformas de informaci\u00f3n","description":"Euskarabidea y Euskal Wikilarien Kultur Elkartea firman el proyecto \u201cWikipedia Euskaraz\u201d destinado a fomentar la creaci\u00f3n y difusi\u00f3n","robots":{"index":"index","follow":"follow","max-snippet":"max-snippet:-1","max-image-preview":"max-image-preview:large","max-video-preview":"max-video-preview:-1"},"canonical":"https:\/\/mikelatseuskaltegia.com\/eu\/convenio-fomentar-euskera-en-plataformas-de-informacion\/","og_locale":"en_US","og_type":"article","og_title":"[:es]Renovado el convenio para fomentar la presencia del euskera en las nuevas plataformas de informaci\u00f3n[:eu]Renovado el convenio para fomentar la presencia del euskera en las nuevas plataformas de informaci\u00f3n[:] - Mikelats Euskaltegia","og_description":"Euskarabidea y Euskal Wikilarien Kultur Elkartea firman el proyecto \u201cWikipedia Euskaraz\u201d destinado a fomentar la creaci\u00f3n y difusi\u00f3n","og_url":"https:\/\/mikelatseuskaltegia.com\/eu\/convenio-fomentar-euskera-en-plataformas-de-informacion\/","og_site_name":"Mikelats Euskaltegia","article_published_time":"2021-03-29T18:35:23+00:00","article_modified_time":"2021-06-01T11:42:45+00:00","og_image":[{"width":990,"height":660,"url":"https:\/\/mikelatseuskaltegia.com\/wp-content\/uploads\/2021\/03\/gobierno-navarra.jpg","type":"image\/jpeg"}],"author":"Mikelats","twitter_card":"summary_large_image","twitter_misc":{"Written by":"Mikelats","Est. reading time":"3 minutua"},"schema":{"@context":"https:\/\/schema.org","@graph":[{"@type":"Article","@id":"https:\/\/mikelatseuskaltegia.com\/convenio-fomentar-euskera-en-plataformas-de-informacion\/#article","isPartOf":{"@id":"https:\/\/mikelatseuskaltegia.com\/convenio-fomentar-euskera-en-plataformas-de-informacion\/"},"author":{"name":"Mikelats","@id":"https:\/\/mikelatseuskaltegia.com\/#\/schema\/person\/d3639b04a236985dcc30249b35c9b58a"},"headline":"Renovado el convenio para fomentar la presencia del euskera en las nuevas plataformas de informaci\u00f3n","datePublished":"2021-03-29T18:35:23+00:00","dateModified":"2021-06-01T11:42:45+00:00","mainEntityOfPage":{"@id":"https:\/\/mikelatseuskaltegia.com\/convenio-fomentar-euskera-en-plataformas-de-informacion\/"},"wordCount":1228,"commentCount":0,"publisher":{"@id":"https:\/\/mikelatseuskaltegia.com\/#organization"},"image":{"@id":"https:\/\/mikelatseuskaltegia.com\/convenio-fomentar-euskera-en-plataformas-de-informacion\/#primaryimage"},"thumbnailUrl":"https:\/\/mikelatseuskaltegia.com\/wp-content\/uploads\/2021\/03\/gobierno-navarra.jpg","articleSection":["Euskera"],"inLanguage":"eu"},{"@type":"WebPage","@id":"https:\/\/mikelatseuskaltegia.com\/convenio-fomentar-euskera-en-plataformas-de-informacion\/","url":"https:\/\/mikelatseuskaltegia.com\/convenio-fomentar-euskera-en-plataformas-de-informacion\/","name":"Renovado el convenio para fomentar la presencia del euskera en las nuevas plataformas de informaci\u00f3n","isPartOf":{"@id":"https:\/\/mikelatseuskaltegia.com\/#website"},"primaryImageOfPage":{"@id":"https:\/\/mikelatseuskaltegia.com\/convenio-fomentar-euskera-en-plataformas-de-informacion\/#primaryimage"},"image":{"@id":"https:\/\/mikelatseuskaltegia.com\/convenio-fomentar-euskera-en-plataformas-de-informacion\/#primaryimage"},"thumbnailUrl":"https:\/\/mikelatseuskaltegia.com\/wp-content\/uploads\/2021\/03\/gobierno-navarra.jpg","datePublished":"2021-03-29T18:35:23+00:00","dateModified":"2021-06-01T11:42:45+00:00","description":"Euskarabidea y Euskal Wikilarien Kultur Elkartea firman el proyecto \u201cWikipedia Euskaraz\u201d destinado a fomentar la creaci\u00f3n y difusi\u00f3n","breadcrumb":{"@id":"https:\/\/mikelatseuskaltegia.com\/convenio-fomentar-euskera-en-plataformas-de-informacion\/#breadcrumb"},"inLanguage":"eu","potentialAction":[{"@type":"ReadAction","target":["https:\/\/mikelatseuskaltegia.com\/convenio-fomentar-euskera-en-plataformas-de-informacion\/"]}]},{"@type":"ImageObject","inLanguage":"eu","@id":"https:\/\/mikelatseuskaltegia.com\/convenio-fomentar-euskera-en-plataformas-de-informacion\/#primaryimage","url":"https:\/\/mikelatseuskaltegia.com\/wp-content\/uploads\/2021\/03\/gobierno-navarra.jpg","contentUrl":"https:\/\/mikelatseuskaltegia.com\/wp-content\/uploads\/2021\/03\/gobierno-navarra.jpg","width":990,"height":660,"caption":"De izquierda a derecha, el director gerente de Euskarabidea, Mikel Arregi; la consejera Ollo, el presidente de Euskal Wikilarien Kultura Elkartea, Xabier Armendaritz, y el encargado del proyecto en Navarra, Alex Pulido."},{"@type":"BreadcrumbList","@id":"https:\/\/mikelatseuskaltegia.com\/convenio-fomentar-euskera-en-plataformas-de-informacion\/#breadcrumb","itemListElement":[{"@type":"ListItem","position":1,"name":"Portada","item":"https:\/\/mikelatseuskaltegia.com\/eu\/"},{"@type":"ListItem","position":2,"name":"Renovado el convenio para fomentar la presencia del euskera en las nuevas plataformas de informaci\u00f3n"}]},{"@type":"WebSite","@id":"https:\/\/mikelatseuskaltegia.com\/#website","url":"https:\/\/mikelatseuskaltegia.com\/","name":"Mikelats Euskaltegia","description":"Mikelats euskaltegia es especialista en euskaltegi Bilbao","publisher":{"@id":"https:\/\/mikelatseuskaltegia.com\/#organization"},"potentialAction":[{"@type":"SearchAction","target":{"@type":"EntryPoint","urlTemplate":"https:\/\/mikelatseuskaltegia.com\/?s={search_term_string}"},"query-input":{"@type":"PropertyValueSpecification","valueRequired":true,"valueName":"search_term_string"}}],"inLanguage":"eu"},{"@type":"Organization","@id":"https:\/\/mikelatseuskaltegia.com\/#organization","name":"Mikelats Euskaltegia","url":"https:\/\/mikelatseuskaltegia.com\/","logo":{"@type":"ImageObject","inLanguage":"eu","@id":"https:\/\/mikelatseuskaltegia.com\/#\/schema\/logo\/image\/","url":"http:\/\/nueva.mikelatseuskaltegia.com\/wp-content\/uploads\/2019\/12\/logotipo-mikelatz.png","contentUrl":"http:\/\/nueva.mikelatseuskaltegia.com\/wp-content\/uploads\/2019\/12\/logotipo-mikelatz.png","width":109,"height":77,"caption":"Mikelats Euskaltegia"},"image":{"@id":"https:\/\/mikelatseuskaltegia.com\/#\/schema\/logo\/image\/"}},{"@type":"Person","@id":"https:\/\/mikelatseuskaltegia.com\/#\/schema\/person\/d3639b04a236985dcc30249b35c9b58a","name":"Mikelats","image":{"@type":"ImageObject","inLanguage":"eu","@id":"https:\/\/secure.gravatar.com\/avatar\/a69f15aa44e14b786c6ac7076be348a7cf06fefc04c351edeec42417c6990ae7?s=96&d=mm&r=g","url":"https:\/\/secure.gravatar.com\/avatar\/a69f15aa44e14b786c6ac7076be348a7cf06fefc04c351edeec42417c6990ae7?s=96&d=mm&r=g","contentUrl":"https:\/\/secure.gravatar.com\/avatar\/a69f15aa44e14b786c6ac7076be348a7cf06fefc04c351edeec42417c6990ae7?s=96&d=mm&r=g","caption":"Mikelats"}}]}},"_links":{"self":[{"href":"https:\/\/mikelatseuskaltegia.com\/eu\/wp-json\/wp\/v2\/posts\/1302","targetHints":{"allow":["GET"]}}],"collection":[{"href":"https:\/\/mikelatseuskaltegia.com\/eu\/wp-json\/wp\/v2\/posts"}],"about":[{"href":"https:\/\/mikelatseuskaltegia.com\/eu\/wp-json\/wp\/v2\/types\/post"}],"author":[{"embeddable":true,"href":"https:\/\/mikelatseuskaltegia.com\/eu\/wp-json\/wp\/v2\/users\/3"}],"replies":[{"embeddable":true,"href":"https:\/\/mikelatseuskaltegia.com\/eu\/wp-json\/wp\/v2\/comments?post=1302"}],"version-history":[{"count":7,"href":"https:\/\/mikelatseuskaltegia.com\/eu\/wp-json\/wp\/v2\/posts\/1302\/revisions"}],"predecessor-version":[{"id":1379,"href":"https:\/\/mikelatseuskaltegia.com\/eu\/wp-json\/wp\/v2\/posts\/1302\/revisions\/1379"}],"wp:featuredmedia":[{"embeddable":true,"href":"https:\/\/mikelatseuskaltegia.com\/eu\/wp-json\/wp\/v2\/media\/1305"}],"wp:attachment":[{"href":"https:\/\/mikelatseuskaltegia.com\/eu\/wp-json\/wp\/v2\/media?parent=1302"}],"wp:term":[{"taxonomy":"category","embeddable":true,"href":"https:\/\/mikelatseuskaltegia.com\/eu\/wp-json\/wp\/v2\/categories?post=1302"},{"taxonomy":"post_tag","embeddable":true,"href":"https:\/\/mikelatseuskaltegia.com\/eu\/wp-json\/wp\/v2\/tags?post=1302"}],"curies":[{"name":"wp","href":"https:\/\/api.w.org\/{rel}","templated":true}]}}