{"id":1431,"date":"2021-05-24T11:17:16","date_gmt":"2021-05-24T09:17:16","guid":{"rendered":"http:\/\/nueva.mikelatseuskaltegia.com\/?p=1431"},"modified":"2021-06-01T13:00:36","modified_gmt":"2021-06-01T11:00:36","slug":"fomentar-el-euskera-en-el-cine-y-en-el-ambito-socio-laboral","status":"publish","type":"post","link":"https:\/\/mikelatseuskaltegia.com\/eu\/fomentar-el-euskera-en-el-cine-y-en-el-ambito-socio-laboral\/","title":{"rendered":"Fomentar el euskera en el cine y en el \u00e1mbito socio laboral"},"content":{"rendered":"<h5><strong>El ayuntamiento de Vitoria subvenciona iniciativas de los colectivos Tinko y Bai Euskarari para aumentar el uso del Euskera<\/strong><\/h5>\n<p>El Ayuntamiento de Gasteiz firmar\u00e1\u00a0dos convenios\u00a0con las asociaciones\u00a0Tinko y\u00a0Bai Euskarari,\u00a0que potenciar\u00e1n la programaci\u00f3n de\u00a0pel\u00edculas dobladas en euskera, y tambi\u00e9n\u00a0\u00a0 promocionar\u00e1n \u00a0la lengua en el\u00a0\u00e1mbito socio laboral.<\/p>\n<h2>Euskera en el ocio de los j\u00f3venes<\/h2>\n<p>El programa de la asociaci\u00f3n de Tinko, quiere conseguir \u00a0el fomento del euskera en el cine y dar m\u00e1s opciones al p\u00fablico juvenil. &#8220;Trabajamos para impulsar el\u00a0uso de nuestro idioma\u00a0en actividades de ocio y tiempo libre. Sobre todo, para ampliar la oferta a la poblaci\u00f3n infantil y juvenil y a las familias&#8221;, destaca el alcalde de Gasteiz, Gorka Urtaran.<\/p>\n<p>La asociaci\u00f3n, fundada desde el 2006, crea proyecciones en euskera en las tres provincias vascas a trav\u00e9s del proyecto Euskara zine aretoetara(El euskera a las salas de cine). Las sesiones se hacen a trav\u00e9s de centros escolares y se celebran durante la jornada lectiva. Adem\u00e1s, el ayuntamiento aportar\u00e1\u00a010.500 euros\u00a0de cara al pr\u00f3ximo curso escolar para reforzar la lectura y el habla a la poblaci\u00f3n infantil y juvenil.<\/p>\n<h2>El Euskera dentro de las empresas<\/h2>\n<p><img loading=\"lazy\" decoding=\"async\" class=\"wp-image-1434 alignleft\" src=\"http:\/\/nueva.mikelatseuskaltegia.com\/wp-content\/uploads\/2021\/05\/net3.jpg\" alt=\"\" width=\"260\" height=\"174\" srcset=\"https:\/\/mikelatseuskaltegia.com\/wp-content\/uploads\/2021\/05\/net3.jpg 500w, https:\/\/mikelatseuskaltegia.com\/wp-content\/uploads\/2021\/05\/net3-300x200.jpg 300w, https:\/\/mikelatseuskaltegia.com\/wp-content\/uploads\/2021\/05\/net3-272x182.jpg 272w\" sizes=\"auto, (max-width: 260px) 100vw, 260px\" \/><\/p>\n<p>Por otro lado, la asociaci\u00f3n Bai Euskarari\u00a0 tiene por objetivo impulsar el uso del idioma en empresas, establecimientos comerciales y otro tipo de entidades, ayud\u00e1ndoles a implantar medidas de\u00a0normalizaci\u00f3n ling\u00fc\u00edstica\u00a0en el entorno laboral. el Consistorio apoyar\u00e1 esta iniciativa aportando\u00a023.100 euros.<\/p>\n<p>&nbsp;<\/p>\n<p>&nbsp;<\/p>\n<h2>Por un Netflix en Euskera<\/h2>\n<p>El colectivo \u201cNetflix Euskaraz \u201c ha llegado a recoger m\u00e1s de 10.000 firmas para que Netflix emita m\u00e1s contenidos en euskera. Los organizadores de esta campa\u00f1a denuncian que de un cat\u00e1logo que ofrece en cartelera de 3.500 pel\u00edculas y series, solamente se pueden ver cuatro filmes en lengua vasca.<\/p>\n<p>&nbsp;<\/p>\n","protected":false},"excerpt":{"rendered":"<p>El ayuntamiento de Vitoria subvenciona iniciativas de los colectivos Tinko y Bai Euskarari para aumentar el uso del Euskera El [&hellip;]<\/p>\n","protected":false},"author":3,"featured_media":1433,"comment_status":"open","ping_status":"open","sticky":false,"template":"","format":"standard","meta":{"_vp_format_video_url":"","_vp_image_focal_point":[],"footnotes":""},"categories":[27,21],"tags":[],"class_list":["post-1431","post","type-post","status-publish","format-standard","has-post-thumbnail","hentry","category-euskera","category-mikelats"],"yoast_head":"<!-- This site is optimized with the Yoast SEO plugin v27.4 - https:\/\/yoast.com\/product\/yoast-seo-wordpress\/ -->\n<title>Fomentar el euskera en el cine y en el \u00e1mbito socio laboral<\/title>\n<meta name=\"description\" content=\"El Ayuntamiento de Gasteiz firmar\u00e1\u00a0dos convenios\u00a0con las asociaciones\u00a0Tinko y\u00a0Bai Euskarari,\u00a0que potenciar\u00e1n la programaci\u00f3n de\u00a0pel\u00edculas dobladas en euskera, y tambi\u00e9n\u00a0\u00a0 promocionar\u00e1n \u00a0la lengua en el\u00a0\u00e1mbito socio laboral.\" \/>\n<meta name=\"robots\" content=\"index, follow, max-snippet:-1, max-image-preview:large, max-video-preview:-1\" \/>\n<link rel=\"canonical\" href=\"https:\/\/mikelatseuskaltegia.com\/eu\/fomentar-el-euskera-en-el-cine-y-en-el-ambito-socio-laboral\/\" \/>\n<meta property=\"og:locale\" content=\"en_US\" \/>\n<meta property=\"og:locale:alternate\" content=\"es_ES\" \/>\n<meta property=\"og:type\" content=\"article\" \/>\n<meta property=\"og:title\" content=\"Fomentar el euskera en el cine y en el \u00e1mbito socio laboral\" \/>\n<meta property=\"og:description\" content=\"El Ayuntamiento de Gasteiz firmar\u00e1\u00a0dos convenios\u00a0con las asociaciones\u00a0Tinko y\u00a0Bai Euskarari,\u00a0que potenciar\u00e1n la programaci\u00f3n de\u00a0pel\u00edculas dobladas en euskera, y tambi\u00e9n\u00a0\u00a0 promocionar\u00e1n \u00a0la lengua en el\u00a0\u00e1mbito socio laboral.\" \/>\n<meta property=\"og:url\" content=\"https:\/\/mikelatseuskaltegia.com\/eu\/fomentar-el-euskera-en-el-cine-y-en-el-ambito-socio-laboral\/\" \/>\n<meta property=\"og:site_name\" content=\"Mikelats Euskaltegia\" \/>\n<meta property=\"article:published_time\" content=\"2021-05-24T09:17:16+00:00\" \/>\n<meta property=\"article:modified_time\" content=\"2021-06-01T11:00:36+00:00\" \/>\n<meta property=\"og:image\" content=\"https:\/\/mikelatseuskaltegia.com\/wp-content\/uploads\/2021\/05\/net2.jpg\" \/>\n\t<meta property=\"og:image:width\" content=\"800\" \/>\n\t<meta property=\"og:image:height\" content=\"600\" \/>\n\t<meta property=\"og:image:type\" content=\"image\/jpeg\" \/>\n<meta name=\"author\" content=\"Mikelats\" \/>\n<meta name=\"twitter:card\" content=\"summary_large_image\" \/>\n<meta name=\"twitter:label1\" content=\"Written by\" \/>\n\t<meta name=\"twitter:data1\" content=\"Mikelats\" \/>\n\t<meta name=\"twitter:label2\" content=\"Est. reading time\" \/>\n\t<meta name=\"twitter:data2\" content=\"2 minutua\" \/>\n<script type=\"application\/ld+json\" class=\"yoast-schema-graph\">{\"@context\":\"https:\\\/\\\/schema.org\",\"@graph\":[{\"@type\":\"Article\",\"@id\":\"https:\\\/\\\/mikelatseuskaltegia.com\\\/fomentar-el-euskera-en-el-cine-y-en-el-ambito-socio-laboral\\\/#article\",\"isPartOf\":{\"@id\":\"https:\\\/\\\/mikelatseuskaltegia.com\\\/fomentar-el-euskera-en-el-cine-y-en-el-ambito-socio-laboral\\\/\"},\"author\":{\"name\":\"Mikelats\",\"@id\":\"https:\\\/\\\/mikelatseuskaltegia.com\\\/#\\\/schema\\\/person\\\/d3639b04a236985dcc30249b35c9b58a\"},\"headline\":\"Fomentar el euskera en el cine y en el \u00e1mbito socio laboral\",\"datePublished\":\"2021-05-24T09:17:16+00:00\",\"dateModified\":\"2021-06-01T11:00:36+00:00\",\"mainEntityOfPage\":{\"@id\":\"https:\\\/\\\/mikelatseuskaltegia.com\\\/fomentar-el-euskera-en-el-cine-y-en-el-ambito-socio-laboral\\\/\"},\"wordCount\":658,\"commentCount\":0,\"publisher\":{\"@id\":\"https:\\\/\\\/mikelatseuskaltegia.com\\\/#organization\"},\"image\":{\"@id\":\"https:\\\/\\\/mikelatseuskaltegia.com\\\/fomentar-el-euskera-en-el-cine-y-en-el-ambito-socio-laboral\\\/#primaryimage\"},\"thumbnailUrl\":\"https:\\\/\\\/mikelatseuskaltegia.com\\\/wp-content\\\/uploads\\\/2021\\\/05\\\/net2.jpg\",\"articleSection\":[\"Euskera\",\"Mikelats\"],\"inLanguage\":\"eu\"},{\"@type\":\"WebPage\",\"@id\":\"https:\\\/\\\/mikelatseuskaltegia.com\\\/fomentar-el-euskera-en-el-cine-y-en-el-ambito-socio-laboral\\\/\",\"url\":\"https:\\\/\\\/mikelatseuskaltegia.com\\\/fomentar-el-euskera-en-el-cine-y-en-el-ambito-socio-laboral\\\/\",\"name\":\"Fomentar el euskera en el cine y en el \u00e1mbito socio laboral\",\"isPartOf\":{\"@id\":\"https:\\\/\\\/mikelatseuskaltegia.com\\\/#website\"},\"primaryImageOfPage\":{\"@id\":\"https:\\\/\\\/mikelatseuskaltegia.com\\\/fomentar-el-euskera-en-el-cine-y-en-el-ambito-socio-laboral\\\/#primaryimage\"},\"image\":{\"@id\":\"https:\\\/\\\/mikelatseuskaltegia.com\\\/fomentar-el-euskera-en-el-cine-y-en-el-ambito-socio-laboral\\\/#primaryimage\"},\"thumbnailUrl\":\"https:\\\/\\\/mikelatseuskaltegia.com\\\/wp-content\\\/uploads\\\/2021\\\/05\\\/net2.jpg\",\"datePublished\":\"2021-05-24T09:17:16+00:00\",\"dateModified\":\"2021-06-01T11:00:36+00:00\",\"description\":\"El Ayuntamiento de Gasteiz firmar\u00e1\u00a0dos convenios\u00a0con las asociaciones\u00a0Tinko y\u00a0Bai Euskarari,\u00a0que potenciar\u00e1n la programaci\u00f3n de\u00a0pel\u00edculas dobladas en euskera, y tambi\u00e9n\u00a0\u00a0 promocionar\u00e1n \u00a0la lengua en el\u00a0\u00e1mbito socio laboral.\",\"breadcrumb\":{\"@id\":\"https:\\\/\\\/mikelatseuskaltegia.com\\\/fomentar-el-euskera-en-el-cine-y-en-el-ambito-socio-laboral\\\/#breadcrumb\"},\"inLanguage\":\"eu\",\"potentialAction\":[{\"@type\":\"ReadAction\",\"target\":[\"https:\\\/\\\/mikelatseuskaltegia.com\\\/fomentar-el-euskera-en-el-cine-y-en-el-ambito-socio-laboral\\\/\"]}]},{\"@type\":\"ImageObject\",\"inLanguage\":\"eu\",\"@id\":\"https:\\\/\\\/mikelatseuskaltegia.com\\\/fomentar-el-euskera-en-el-cine-y-en-el-ambito-socio-laboral\\\/#primaryimage\",\"url\":\"https:\\\/\\\/mikelatseuskaltegia.com\\\/wp-content\\\/uploads\\\/2021\\\/05\\\/net2.jpg\",\"contentUrl\":\"https:\\\/\\\/mikelatseuskaltegia.com\\\/wp-content\\\/uploads\\\/2021\\\/05\\\/net2.jpg\",\"width\":800,\"height\":600},{\"@type\":\"BreadcrumbList\",\"@id\":\"https:\\\/\\\/mikelatseuskaltegia.com\\\/fomentar-el-euskera-en-el-cine-y-en-el-ambito-socio-laboral\\\/#breadcrumb\",\"itemListElement\":[{\"@type\":\"ListItem\",\"position\":1,\"name\":\"Portada\",\"item\":\"https:\\\/\\\/mikelatseuskaltegia.com\\\/eu\\\/\"},{\"@type\":\"ListItem\",\"position\":2,\"name\":\"Fomentar el euskera en el cine y en el \u00e1mbito socio laboral\"}]},{\"@type\":\"WebSite\",\"@id\":\"https:\\\/\\\/mikelatseuskaltegia.com\\\/#website\",\"url\":\"https:\\\/\\\/mikelatseuskaltegia.com\\\/\",\"name\":\"Mikelats Euskaltegia\",\"description\":\"Mikelats euskaltegia es especialista en euskaltegi Bilbao\",\"publisher\":{\"@id\":\"https:\\\/\\\/mikelatseuskaltegia.com\\\/#organization\"},\"potentialAction\":[{\"@type\":\"SearchAction\",\"target\":{\"@type\":\"EntryPoint\",\"urlTemplate\":\"https:\\\/\\\/mikelatseuskaltegia.com\\\/?s={search_term_string}\"},\"query-input\":{\"@type\":\"PropertyValueSpecification\",\"valueRequired\":true,\"valueName\":\"search_term_string\"}}],\"inLanguage\":\"eu\"},{\"@type\":\"Organization\",\"@id\":\"https:\\\/\\\/mikelatseuskaltegia.com\\\/#organization\",\"name\":\"Mikelats Euskaltegia\",\"url\":\"https:\\\/\\\/mikelatseuskaltegia.com\\\/\",\"logo\":{\"@type\":\"ImageObject\",\"inLanguage\":\"eu\",\"@id\":\"https:\\\/\\\/mikelatseuskaltegia.com\\\/#\\\/schema\\\/logo\\\/image\\\/\",\"url\":\"http:\\\/\\\/nueva.mikelatseuskaltegia.com\\\/wp-content\\\/uploads\\\/2019\\\/12\\\/logotipo-mikelatz.png\",\"contentUrl\":\"http:\\\/\\\/nueva.mikelatseuskaltegia.com\\\/wp-content\\\/uploads\\\/2019\\\/12\\\/logotipo-mikelatz.png\",\"width\":109,\"height\":77,\"caption\":\"Mikelats Euskaltegia\"},\"image\":{\"@id\":\"https:\\\/\\\/mikelatseuskaltegia.com\\\/#\\\/schema\\\/logo\\\/image\\\/\"}},{\"@type\":\"Person\",\"@id\":\"https:\\\/\\\/mikelatseuskaltegia.com\\\/#\\\/schema\\\/person\\\/d3639b04a236985dcc30249b35c9b58a\",\"name\":\"Mikelats\",\"image\":{\"@type\":\"ImageObject\",\"inLanguage\":\"eu\",\"@id\":\"https:\\\/\\\/secure.gravatar.com\\\/avatar\\\/a69f15aa44e14b786c6ac7076be348a7cf06fefc04c351edeec42417c6990ae7?s=96&d=mm&r=g\",\"url\":\"https:\\\/\\\/secure.gravatar.com\\\/avatar\\\/a69f15aa44e14b786c6ac7076be348a7cf06fefc04c351edeec42417c6990ae7?s=96&d=mm&r=g\",\"contentUrl\":\"https:\\\/\\\/secure.gravatar.com\\\/avatar\\\/a69f15aa44e14b786c6ac7076be348a7cf06fefc04c351edeec42417c6990ae7?s=96&d=mm&r=g\",\"caption\":\"Mikelats\"}}]}<\/script>\n<!-- \/ Yoast SEO plugin. -->","yoast_head_json":{"title":"Fomentar el euskera en el cine y en el \u00e1mbito socio laboral","description":"El Ayuntamiento de Gasteiz firmar\u00e1\u00a0dos convenios\u00a0con las asociaciones\u00a0Tinko y\u00a0Bai Euskarari,\u00a0que potenciar\u00e1n la programaci\u00f3n de\u00a0pel\u00edculas dobladas en euskera, y tambi\u00e9n\u00a0\u00a0 promocionar\u00e1n \u00a0la lengua en el\u00a0\u00e1mbito socio laboral.","robots":{"index":"index","follow":"follow","max-snippet":"max-snippet:-1","max-image-preview":"max-image-preview:large","max-video-preview":"max-video-preview:-1"},"canonical":"https:\/\/mikelatseuskaltegia.com\/eu\/fomentar-el-euskera-en-el-cine-y-en-el-ambito-socio-laboral\/","og_locale":"en_US","og_type":"article","og_title":"[:es]Fomentar el euskera en el cine y en el \u00e1mbito socio laboral[:eu]Fomentar el euskera en el cine y en el \u00e1mbito socio laboral[:] - Mikelats Euskaltegia","og_description":"El Ayuntamiento de Gasteiz firmar\u00e1\u00a0dos convenios\u00a0con las asociaciones\u00a0Tinko y\u00a0Bai Euskarari,\u00a0que potenciar\u00e1n la programaci\u00f3n de\u00a0pel\u00edculas dobladas en euskera, y tambi\u00e9n\u00a0\u00a0 promocionar\u00e1n \u00a0la lengua en el\u00a0\u00e1mbito socio laboral.","og_url":"https:\/\/mikelatseuskaltegia.com\/eu\/fomentar-el-euskera-en-el-cine-y-en-el-ambito-socio-laboral\/","og_site_name":"Mikelats Euskaltegia","article_published_time":"2021-05-24T09:17:16+00:00","article_modified_time":"2021-06-01T11:00:36+00:00","og_image":[{"width":800,"height":600,"url":"https:\/\/mikelatseuskaltegia.com\/wp-content\/uploads\/2021\/05\/net2.jpg","type":"image\/jpeg"}],"author":"Mikelats","twitter_card":"summary_large_image","twitter_misc":{"Written by":"Mikelats","Est. reading time":"2 minutua"},"schema":{"@context":"https:\/\/schema.org","@graph":[{"@type":"Article","@id":"https:\/\/mikelatseuskaltegia.com\/fomentar-el-euskera-en-el-cine-y-en-el-ambito-socio-laboral\/#article","isPartOf":{"@id":"https:\/\/mikelatseuskaltegia.com\/fomentar-el-euskera-en-el-cine-y-en-el-ambito-socio-laboral\/"},"author":{"name":"Mikelats","@id":"https:\/\/mikelatseuskaltegia.com\/#\/schema\/person\/d3639b04a236985dcc30249b35c9b58a"},"headline":"Fomentar el euskera en el cine y en el \u00e1mbito socio laboral","datePublished":"2021-05-24T09:17:16+00:00","dateModified":"2021-06-01T11:00:36+00:00","mainEntityOfPage":{"@id":"https:\/\/mikelatseuskaltegia.com\/fomentar-el-euskera-en-el-cine-y-en-el-ambito-socio-laboral\/"},"wordCount":658,"commentCount":0,"publisher":{"@id":"https:\/\/mikelatseuskaltegia.com\/#organization"},"image":{"@id":"https:\/\/mikelatseuskaltegia.com\/fomentar-el-euskera-en-el-cine-y-en-el-ambito-socio-laboral\/#primaryimage"},"thumbnailUrl":"https:\/\/mikelatseuskaltegia.com\/wp-content\/uploads\/2021\/05\/net2.jpg","articleSection":["Euskera","Mikelats"],"inLanguage":"eu"},{"@type":"WebPage","@id":"https:\/\/mikelatseuskaltegia.com\/fomentar-el-euskera-en-el-cine-y-en-el-ambito-socio-laboral\/","url":"https:\/\/mikelatseuskaltegia.com\/fomentar-el-euskera-en-el-cine-y-en-el-ambito-socio-laboral\/","name":"Fomentar el euskera en el cine y en el \u00e1mbito socio laboral","isPartOf":{"@id":"https:\/\/mikelatseuskaltegia.com\/#website"},"primaryImageOfPage":{"@id":"https:\/\/mikelatseuskaltegia.com\/fomentar-el-euskera-en-el-cine-y-en-el-ambito-socio-laboral\/#primaryimage"},"image":{"@id":"https:\/\/mikelatseuskaltegia.com\/fomentar-el-euskera-en-el-cine-y-en-el-ambito-socio-laboral\/#primaryimage"},"thumbnailUrl":"https:\/\/mikelatseuskaltegia.com\/wp-content\/uploads\/2021\/05\/net2.jpg","datePublished":"2021-05-24T09:17:16+00:00","dateModified":"2021-06-01T11:00:36+00:00","description":"El Ayuntamiento de Gasteiz firmar\u00e1\u00a0dos convenios\u00a0con las asociaciones\u00a0Tinko y\u00a0Bai Euskarari,\u00a0que potenciar\u00e1n la programaci\u00f3n de\u00a0pel\u00edculas dobladas en euskera, y tambi\u00e9n\u00a0\u00a0 promocionar\u00e1n \u00a0la lengua en el\u00a0\u00e1mbito socio laboral.","breadcrumb":{"@id":"https:\/\/mikelatseuskaltegia.com\/fomentar-el-euskera-en-el-cine-y-en-el-ambito-socio-laboral\/#breadcrumb"},"inLanguage":"eu","potentialAction":[{"@type":"ReadAction","target":["https:\/\/mikelatseuskaltegia.com\/fomentar-el-euskera-en-el-cine-y-en-el-ambito-socio-laboral\/"]}]},{"@type":"ImageObject","inLanguage":"eu","@id":"https:\/\/mikelatseuskaltegia.com\/fomentar-el-euskera-en-el-cine-y-en-el-ambito-socio-laboral\/#primaryimage","url":"https:\/\/mikelatseuskaltegia.com\/wp-content\/uploads\/2021\/05\/net2.jpg","contentUrl":"https:\/\/mikelatseuskaltegia.com\/wp-content\/uploads\/2021\/05\/net2.jpg","width":800,"height":600},{"@type":"BreadcrumbList","@id":"https:\/\/mikelatseuskaltegia.com\/fomentar-el-euskera-en-el-cine-y-en-el-ambito-socio-laboral\/#breadcrumb","itemListElement":[{"@type":"ListItem","position":1,"name":"Portada","item":"https:\/\/mikelatseuskaltegia.com\/eu\/"},{"@type":"ListItem","position":2,"name":"Fomentar el euskera en el cine y en el \u00e1mbito socio laboral"}]},{"@type":"WebSite","@id":"https:\/\/mikelatseuskaltegia.com\/#website","url":"https:\/\/mikelatseuskaltegia.com\/","name":"Mikelats Euskaltegia","description":"Mikelats euskaltegia es especialista en euskaltegi Bilbao","publisher":{"@id":"https:\/\/mikelatseuskaltegia.com\/#organization"},"potentialAction":[{"@type":"SearchAction","target":{"@type":"EntryPoint","urlTemplate":"https:\/\/mikelatseuskaltegia.com\/?s={search_term_string}"},"query-input":{"@type":"PropertyValueSpecification","valueRequired":true,"valueName":"search_term_string"}}],"inLanguage":"eu"},{"@type":"Organization","@id":"https:\/\/mikelatseuskaltegia.com\/#organization","name":"Mikelats Euskaltegia","url":"https:\/\/mikelatseuskaltegia.com\/","logo":{"@type":"ImageObject","inLanguage":"eu","@id":"https:\/\/mikelatseuskaltegia.com\/#\/schema\/logo\/image\/","url":"http:\/\/nueva.mikelatseuskaltegia.com\/wp-content\/uploads\/2019\/12\/logotipo-mikelatz.png","contentUrl":"http:\/\/nueva.mikelatseuskaltegia.com\/wp-content\/uploads\/2019\/12\/logotipo-mikelatz.png","width":109,"height":77,"caption":"Mikelats Euskaltegia"},"image":{"@id":"https:\/\/mikelatseuskaltegia.com\/#\/schema\/logo\/image\/"}},{"@type":"Person","@id":"https:\/\/mikelatseuskaltegia.com\/#\/schema\/person\/d3639b04a236985dcc30249b35c9b58a","name":"Mikelats","image":{"@type":"ImageObject","inLanguage":"eu","@id":"https:\/\/secure.gravatar.com\/avatar\/a69f15aa44e14b786c6ac7076be348a7cf06fefc04c351edeec42417c6990ae7?s=96&d=mm&r=g","url":"https:\/\/secure.gravatar.com\/avatar\/a69f15aa44e14b786c6ac7076be348a7cf06fefc04c351edeec42417c6990ae7?s=96&d=mm&r=g","contentUrl":"https:\/\/secure.gravatar.com\/avatar\/a69f15aa44e14b786c6ac7076be348a7cf06fefc04c351edeec42417c6990ae7?s=96&d=mm&r=g","caption":"Mikelats"}}]}},"_links":{"self":[{"href":"https:\/\/mikelatseuskaltegia.com\/eu\/wp-json\/wp\/v2\/posts\/1431","targetHints":{"allow":["GET"]}}],"collection":[{"href":"https:\/\/mikelatseuskaltegia.com\/eu\/wp-json\/wp\/v2\/posts"}],"about":[{"href":"https:\/\/mikelatseuskaltegia.com\/eu\/wp-json\/wp\/v2\/types\/post"}],"author":[{"embeddable":true,"href":"https:\/\/mikelatseuskaltegia.com\/eu\/wp-json\/wp\/v2\/users\/3"}],"replies":[{"embeddable":true,"href":"https:\/\/mikelatseuskaltegia.com\/eu\/wp-json\/wp\/v2\/comments?post=1431"}],"version-history":[{"count":4,"href":"https:\/\/mikelatseuskaltegia.com\/eu\/wp-json\/wp\/v2\/posts\/1431\/revisions"}],"predecessor-version":[{"id":1454,"href":"https:\/\/mikelatseuskaltegia.com\/eu\/wp-json\/wp\/v2\/posts\/1431\/revisions\/1454"}],"wp:featuredmedia":[{"embeddable":true,"href":"https:\/\/mikelatseuskaltegia.com\/eu\/wp-json\/wp\/v2\/media\/1433"}],"wp:attachment":[{"href":"https:\/\/mikelatseuskaltegia.com\/eu\/wp-json\/wp\/v2\/media?parent=1431"}],"wp:term":[{"taxonomy":"category","embeddable":true,"href":"https:\/\/mikelatseuskaltegia.com\/eu\/wp-json\/wp\/v2\/categories?post=1431"},{"taxonomy":"post_tag","embeddable":true,"href":"https:\/\/mikelatseuskaltegia.com\/eu\/wp-json\/wp\/v2\/tags?post=1431"}],"curies":[{"name":"wp","href":"https:\/\/api.w.org\/{rel}","templated":true}]}}