{"id":1978,"date":"2022-04-11T16:27:53","date_gmt":"2022-04-11T14:27:53","guid":{"rendered":"http:\/\/nueva.mikelatseuskaltegia.com\/eu\/?p=1978"},"modified":"2022-04-26T16:32:10","modified_gmt":"2022-04-26T14:32:10","slug":"donostia-se-vistio-de-fiesta-en-el-final-de-la-korrika-2022","status":"publish","type":"post","link":"https:\/\/mikelatseuskaltegia.com\/eu\/donostia-se-vistio-de-fiesta-en-el-final-de-la-korrika-2022\/","title":{"rendered":"Donostia se visti\u00f3 de fiesta en el final de la Korrika 2022"},"content":{"rendered":"<h3>Hubo m\u00faltiples actividades con participaci\u00f3n masiva de p\u00fablico<\/h3>\n<p>A diferencia de otras ediciones la Korrika 2022 no termin\u00f3 a mediod\u00eda con la lectura del mensaje oculto escrito por Karmele Jaio tras la llegada de miles de personas al Boulevard de San Sebasti\u00e1n. En esta edici\u00f3n los organizadores plantearon un final de fiesta con m\u00faltiples actividades repartidas por la Parte Vieja donostiarra, as\u00ed como por el Centro de la ciudad que fue todo un \u00e9xito de convocatoria.<\/p>\n<p>La novedosa propuesta de despedir la Korrika con una jornada repleta de iniciativas cont\u00f3 con el apoyo de un p\u00fablico entregado a alargar por unas horas la celebraci\u00f3n de esta fiesta del euskera que la pandemia oblig\u00f3 en 2021 a retrasar un a\u00f1o y a la que el buen tiempo quiso sumarse durante toda la jornada.<br \/>\nA la comida popular en dos turnos en la plaza de la Trinidad se le sum\u00f3 la cita con los berstolaris en la zona del puerto, la romer\u00eda en la plaza de la Constituci\u00f3n , la feria de artesan\u00eda en la plaza Gipuzkoay la actuaci\u00f3n por la tarde de los conocidos Pirritx, Porrotx eta Marimotots<\/p>\n<h4>HitzEkin<\/h4>\n<p>La Korrika 2022 que arranc\u00f3 el pasado 31 de marzo en la localidad alavesa de Amurrio. ha ido pasando durante once d\u00edas el testigo de mano en mano y tras recorrer m\u00e1s de 2.500 kil\u00f3metros por distintas localidades vascas hasta llegar a su meta en San Sebasti\u00e1n con solo diez minutos de demora sobre el horario previsto.<\/p>\n<p>Este a\u00f1o el lema elegido por AEK &#8216;HitzEkin&#8217; destacaba la necesidad de impulsar la lengua vasca y acabar con la diferenciaci\u00f3n entre euskaldunberris y euskaldun zaharras como declar\u00f3 la escritora y periodista Karmele Jaio al dar lectura al texto, ouclto en el testigo que ella misma hab\u00eda escrito<br \/>\n\u00abUn idioma empieza y se renueva cada d\u00eda\u00bb, asegur\u00f3. Jaio recordando a quienes han trabajado a favor del euskera e invit\u00f3 a que el resto lo utilice y mantenga la lengua viva.<\/p>\n<p>\u00abLa Korrika, nos ense\u00f1a que el euskera no se hace solo con palabras, tambi\u00e9n con el cuerpo, con las piernas y con las manos que han tra\u00eddo el mensaje\u00bb, manifest\u00f3, al tiempo que incidi\u00f3 en que \u00abun idioma empieza y se renueva cada d\u00eda\u00bb. \u00abEl euskera no es algo que tengamos, es lo que somos\u00bb, a\u00f1adi\u00f3.<\/p>\n<p>Los organizadores de la AEK presentar\u00e1n en breve el balance de la 22\u00aa edici\u00f3n de la Korrika teniendo ya en mente la pr\u00f3xima que se celebrar\u00e1 en 2024.<\/p>\n<p><strong>Si quieres hablar y vivir en euskera, Mikelats Euskaltegia es la mejor opci\u00f3n porque al mismo tiempo prepara tus conocimientos y tus perfiles para las distintas oposiciones o ofertas del mercado laboral.<\/strong><br \/>\n<strong>Tenemos cursos de todas las duraciones y niveles para ayudarte en tu euskaldunizaci\u00f3n<\/strong>. Ven o ll\u00e1manos. Te esperamos<\/p>\n<p>FUENTES Diario Vasco GCI<\/p>\n","protected":false},"excerpt":{"rendered":"<p>Hubo m\u00faltiples actividades con participaci\u00f3n masiva de p\u00fablico A diferencia de otras ediciones la Korrika 2022 no termin\u00f3 a mediod\u00eda [&hellip;]<\/p>\n","protected":false},"author":3,"featured_media":1982,"comment_status":"open","ping_status":"open","sticky":false,"template":"","format":"standard","meta":{"_vp_format_video_url":"","_vp_image_focal_point":[],"footnotes":""},"categories":[27,1],"tags":[],"class_list":["post-1978","post","type-post","status-publish","format-standard","has-post-thumbnail","hentry","category-euskera","category-sin-categorizar"],"yoast_head":"<!-- This site is optimized with the Yoast SEO plugin v27.4 - https:\/\/yoast.com\/product\/yoast-seo-wordpress\/ -->\n<title>Donostia se visti\u00f3 de fiesta en el final de la Korrika 2022<\/title>\n<meta name=\"robots\" content=\"index, follow, max-snippet:-1, max-image-preview:large, max-video-preview:-1\" \/>\n<link rel=\"canonical\" href=\"https:\/\/mikelatseuskaltegia.com\/eu\/donostia-se-vistio-de-fiesta-en-el-final-de-la-korrika-2022\/\" \/>\n<meta property=\"og:locale\" content=\"en_US\" \/>\n<meta property=\"og:locale:alternate\" content=\"es_ES\" \/>\n<meta property=\"og:type\" content=\"article\" \/>\n<meta property=\"og:title\" content=\"Donostia se visti\u00f3 de fiesta en el final de la Korrika 2022\" \/>\n<meta property=\"og:description\" content=\"Hubo m\u00faltiples actividades con participaci\u00f3n masiva de p\u00fablico A diferencia de otras ediciones la Korrika 2022 no termin\u00f3 a mediod\u00eda [&hellip;]\" \/>\n<meta property=\"og:url\" content=\"https:\/\/mikelatseuskaltegia.com\/eu\/donostia-se-vistio-de-fiesta-en-el-final-de-la-korrika-2022\/\" \/>\n<meta property=\"og:site_name\" content=\"Mikelats Euskaltegia\" \/>\n<meta property=\"article:published_time\" content=\"2022-04-11T14:27:53+00:00\" \/>\n<meta property=\"article:modified_time\" content=\"2022-04-26T14:32:10+00:00\" \/>\n<meta property=\"og:image\" content=\"https:\/\/mikelatseuskaltegia.com\/wp-content\/uploads\/2022\/04\/34143022872_e42cd556ef_z.jpg\" \/>\n\t<meta property=\"og:image:width\" content=\"640\" \/>\n\t<meta property=\"og:image:height\" content=\"427\" \/>\n\t<meta property=\"og:image:type\" content=\"image\/jpeg\" \/>\n<meta name=\"author\" content=\"Mikelats\" \/>\n<meta name=\"twitter:card\" content=\"summary_large_image\" \/>\n<meta name=\"twitter:label1\" content=\"Written by\" \/>\n\t<meta name=\"twitter:data1\" content=\"Mikelats\" \/>\n\t<meta name=\"twitter:label2\" content=\"Est. reading time\" \/>\n\t<meta name=\"twitter:data2\" content=\"5 minutua\" \/>\n<script type=\"application\/ld+json\" class=\"yoast-schema-graph\">{\"@context\":\"https:\\\/\\\/schema.org\",\"@graph\":[{\"@type\":\"Article\",\"@id\":\"https:\\\/\\\/mikelatseuskaltegia.com\\\/donostia-se-vistio-de-fiesta-en-el-final-de-la-korrika-2022\\\/#article\",\"isPartOf\":{\"@id\":\"https:\\\/\\\/mikelatseuskaltegia.com\\\/donostia-se-vistio-de-fiesta-en-el-final-de-la-korrika-2022\\\/\"},\"author\":{\"name\":\"Mikelats\",\"@id\":\"https:\\\/\\\/mikelatseuskaltegia.com\\\/#\\\/schema\\\/person\\\/d3639b04a236985dcc30249b35c9b58a\"},\"headline\":\"Donostia se visti\u00f3 de fiesta en el final de la Korrika 2022\",\"datePublished\":\"2022-04-11T14:27:53+00:00\",\"dateModified\":\"2022-04-26T14:32:10+00:00\",\"mainEntityOfPage\":{\"@id\":\"https:\\\/\\\/mikelatseuskaltegia.com\\\/donostia-se-vistio-de-fiesta-en-el-final-de-la-korrika-2022\\\/\"},\"wordCount\":1002,\"commentCount\":0,\"publisher\":{\"@id\":\"https:\\\/\\\/mikelatseuskaltegia.com\\\/#organization\"},\"image\":{\"@id\":\"https:\\\/\\\/mikelatseuskaltegia.com\\\/donostia-se-vistio-de-fiesta-en-el-final-de-la-korrika-2022\\\/#primaryimage\"},\"thumbnailUrl\":\"https:\\\/\\\/mikelatseuskaltegia.com\\\/wp-content\\\/uploads\\\/2022\\\/04\\\/34143022872_e42cd556ef_z.jpg\",\"articleSection\":[\"Euskera\",\"Sin categorizar\"],\"inLanguage\":\"eu\"},{\"@type\":\"WebPage\",\"@id\":\"https:\\\/\\\/mikelatseuskaltegia.com\\\/donostia-se-vistio-de-fiesta-en-el-final-de-la-korrika-2022\\\/\",\"url\":\"https:\\\/\\\/mikelatseuskaltegia.com\\\/donostia-se-vistio-de-fiesta-en-el-final-de-la-korrika-2022\\\/\",\"name\":\"Donostia se visti\u00f3 de fiesta en el final de la Korrika 2022\",\"isPartOf\":{\"@id\":\"https:\\\/\\\/mikelatseuskaltegia.com\\\/#website\"},\"primaryImageOfPage\":{\"@id\":\"https:\\\/\\\/mikelatseuskaltegia.com\\\/donostia-se-vistio-de-fiesta-en-el-final-de-la-korrika-2022\\\/#primaryimage\"},\"image\":{\"@id\":\"https:\\\/\\\/mikelatseuskaltegia.com\\\/donostia-se-vistio-de-fiesta-en-el-final-de-la-korrika-2022\\\/#primaryimage\"},\"thumbnailUrl\":\"https:\\\/\\\/mikelatseuskaltegia.com\\\/wp-content\\\/uploads\\\/2022\\\/04\\\/34143022872_e42cd556ef_z.jpg\",\"datePublished\":\"2022-04-11T14:27:53+00:00\",\"dateModified\":\"2022-04-26T14:32:10+00:00\",\"breadcrumb\":{\"@id\":\"https:\\\/\\\/mikelatseuskaltegia.com\\\/donostia-se-vistio-de-fiesta-en-el-final-de-la-korrika-2022\\\/#breadcrumb\"},\"inLanguage\":\"eu\",\"potentialAction\":[{\"@type\":\"ReadAction\",\"target\":[\"https:\\\/\\\/mikelatseuskaltegia.com\\\/donostia-se-vistio-de-fiesta-en-el-final-de-la-korrika-2022\\\/\"]}]},{\"@type\":\"ImageObject\",\"inLanguage\":\"eu\",\"@id\":\"https:\\\/\\\/mikelatseuskaltegia.com\\\/donostia-se-vistio-de-fiesta-en-el-final-de-la-korrika-2022\\\/#primaryimage\",\"url\":\"https:\\\/\\\/mikelatseuskaltegia.com\\\/wp-content\\\/uploads\\\/2022\\\/04\\\/34143022872_e42cd556ef_z.jpg\",\"contentUrl\":\"https:\\\/\\\/mikelatseuskaltegia.com\\\/wp-content\\\/uploads\\\/2022\\\/04\\\/34143022872_e42cd556ef_z.jpg\",\"width\":640,\"height\":427},{\"@type\":\"BreadcrumbList\",\"@id\":\"https:\\\/\\\/mikelatseuskaltegia.com\\\/donostia-se-vistio-de-fiesta-en-el-final-de-la-korrika-2022\\\/#breadcrumb\",\"itemListElement\":[{\"@type\":\"ListItem\",\"position\":1,\"name\":\"Portada\",\"item\":\"https:\\\/\\\/mikelatseuskaltegia.com\\\/eu\\\/\"},{\"@type\":\"ListItem\",\"position\":2,\"name\":\"Donostia se visti\u00f3 de fiesta en el final de la Korrika 2022\"}]},{\"@type\":\"WebSite\",\"@id\":\"https:\\\/\\\/mikelatseuskaltegia.com\\\/#website\",\"url\":\"https:\\\/\\\/mikelatseuskaltegia.com\\\/\",\"name\":\"Mikelats Euskaltegia\",\"description\":\"Mikelats euskaltegia es especialista en euskaltegi Bilbao\",\"publisher\":{\"@id\":\"https:\\\/\\\/mikelatseuskaltegia.com\\\/#organization\"},\"potentialAction\":[{\"@type\":\"SearchAction\",\"target\":{\"@type\":\"EntryPoint\",\"urlTemplate\":\"https:\\\/\\\/mikelatseuskaltegia.com\\\/?s={search_term_string}\"},\"query-input\":{\"@type\":\"PropertyValueSpecification\",\"valueRequired\":true,\"valueName\":\"search_term_string\"}}],\"inLanguage\":\"eu\"},{\"@type\":\"Organization\",\"@id\":\"https:\\\/\\\/mikelatseuskaltegia.com\\\/#organization\",\"name\":\"Mikelats Euskaltegia\",\"url\":\"https:\\\/\\\/mikelatseuskaltegia.com\\\/\",\"logo\":{\"@type\":\"ImageObject\",\"inLanguage\":\"eu\",\"@id\":\"https:\\\/\\\/mikelatseuskaltegia.com\\\/#\\\/schema\\\/logo\\\/image\\\/\",\"url\":\"http:\\\/\\\/nueva.mikelatseuskaltegia.com\\\/wp-content\\\/uploads\\\/2019\\\/12\\\/logotipo-mikelatz.png\",\"contentUrl\":\"http:\\\/\\\/nueva.mikelatseuskaltegia.com\\\/wp-content\\\/uploads\\\/2019\\\/12\\\/logotipo-mikelatz.png\",\"width\":109,\"height\":77,\"caption\":\"Mikelats Euskaltegia\"},\"image\":{\"@id\":\"https:\\\/\\\/mikelatseuskaltegia.com\\\/#\\\/schema\\\/logo\\\/image\\\/\"}},{\"@type\":\"Person\",\"@id\":\"https:\\\/\\\/mikelatseuskaltegia.com\\\/#\\\/schema\\\/person\\\/d3639b04a236985dcc30249b35c9b58a\",\"name\":\"Mikelats\",\"image\":{\"@type\":\"ImageObject\",\"inLanguage\":\"eu\",\"@id\":\"https:\\\/\\\/secure.gravatar.com\\\/avatar\\\/a69f15aa44e14b786c6ac7076be348a7cf06fefc04c351edeec42417c6990ae7?s=96&d=mm&r=g\",\"url\":\"https:\\\/\\\/secure.gravatar.com\\\/avatar\\\/a69f15aa44e14b786c6ac7076be348a7cf06fefc04c351edeec42417c6990ae7?s=96&d=mm&r=g\",\"contentUrl\":\"https:\\\/\\\/secure.gravatar.com\\\/avatar\\\/a69f15aa44e14b786c6ac7076be348a7cf06fefc04c351edeec42417c6990ae7?s=96&d=mm&r=g\",\"caption\":\"Mikelats\"}}]}<\/script>\n<!-- \/ Yoast SEO plugin. -->","yoast_head_json":{"title":"Donostia se visti\u00f3 de fiesta en el final de la Korrika 2022","robots":{"index":"index","follow":"follow","max-snippet":"max-snippet:-1","max-image-preview":"max-image-preview:large","max-video-preview":"max-video-preview:-1"},"canonical":"https:\/\/mikelatseuskaltegia.com\/eu\/donostia-se-vistio-de-fiesta-en-el-final-de-la-korrika-2022\/","og_locale":"en_US","og_type":"article","og_title":"[:es]Donostia se visti\u00f3 de fiesta en el final de la Korrika 2022[:eu]Donostia se visti\u00f3 de fiesta en el final de la Korrika 2022[:] - Mikelats Euskaltegia","og_description":"Hubo m\u00faltiples actividades con participaci\u00f3n masiva de p\u00fablico A diferencia de otras ediciones la Korrika 2022 no termin\u00f3 a mediod\u00eda [&hellip;]","og_url":"https:\/\/mikelatseuskaltegia.com\/eu\/donostia-se-vistio-de-fiesta-en-el-final-de-la-korrika-2022\/","og_site_name":"Mikelats Euskaltegia","article_published_time":"2022-04-11T14:27:53+00:00","article_modified_time":"2022-04-26T14:32:10+00:00","og_image":[{"width":640,"height":427,"url":"https:\/\/mikelatseuskaltegia.com\/wp-content\/uploads\/2022\/04\/34143022872_e42cd556ef_z.jpg","type":"image\/jpeg"}],"author":"Mikelats","twitter_card":"summary_large_image","twitter_misc":{"Written by":"Mikelats","Est. reading time":"5 minutua"},"schema":{"@context":"https:\/\/schema.org","@graph":[{"@type":"Article","@id":"https:\/\/mikelatseuskaltegia.com\/donostia-se-vistio-de-fiesta-en-el-final-de-la-korrika-2022\/#article","isPartOf":{"@id":"https:\/\/mikelatseuskaltegia.com\/donostia-se-vistio-de-fiesta-en-el-final-de-la-korrika-2022\/"},"author":{"name":"Mikelats","@id":"https:\/\/mikelatseuskaltegia.com\/#\/schema\/person\/d3639b04a236985dcc30249b35c9b58a"},"headline":"Donostia se visti\u00f3 de fiesta en el final de la Korrika 2022","datePublished":"2022-04-11T14:27:53+00:00","dateModified":"2022-04-26T14:32:10+00:00","mainEntityOfPage":{"@id":"https:\/\/mikelatseuskaltegia.com\/donostia-se-vistio-de-fiesta-en-el-final-de-la-korrika-2022\/"},"wordCount":1002,"commentCount":0,"publisher":{"@id":"https:\/\/mikelatseuskaltegia.com\/#organization"},"image":{"@id":"https:\/\/mikelatseuskaltegia.com\/donostia-se-vistio-de-fiesta-en-el-final-de-la-korrika-2022\/#primaryimage"},"thumbnailUrl":"https:\/\/mikelatseuskaltegia.com\/wp-content\/uploads\/2022\/04\/34143022872_e42cd556ef_z.jpg","articleSection":["Euskera","Sin categorizar"],"inLanguage":"eu"},{"@type":"WebPage","@id":"https:\/\/mikelatseuskaltegia.com\/donostia-se-vistio-de-fiesta-en-el-final-de-la-korrika-2022\/","url":"https:\/\/mikelatseuskaltegia.com\/donostia-se-vistio-de-fiesta-en-el-final-de-la-korrika-2022\/","name":"Donostia se visti\u00f3 de fiesta en el final de la Korrika 2022","isPartOf":{"@id":"https:\/\/mikelatseuskaltegia.com\/#website"},"primaryImageOfPage":{"@id":"https:\/\/mikelatseuskaltegia.com\/donostia-se-vistio-de-fiesta-en-el-final-de-la-korrika-2022\/#primaryimage"},"image":{"@id":"https:\/\/mikelatseuskaltegia.com\/donostia-se-vistio-de-fiesta-en-el-final-de-la-korrika-2022\/#primaryimage"},"thumbnailUrl":"https:\/\/mikelatseuskaltegia.com\/wp-content\/uploads\/2022\/04\/34143022872_e42cd556ef_z.jpg","datePublished":"2022-04-11T14:27:53+00:00","dateModified":"2022-04-26T14:32:10+00:00","breadcrumb":{"@id":"https:\/\/mikelatseuskaltegia.com\/donostia-se-vistio-de-fiesta-en-el-final-de-la-korrika-2022\/#breadcrumb"},"inLanguage":"eu","potentialAction":[{"@type":"ReadAction","target":["https:\/\/mikelatseuskaltegia.com\/donostia-se-vistio-de-fiesta-en-el-final-de-la-korrika-2022\/"]}]},{"@type":"ImageObject","inLanguage":"eu","@id":"https:\/\/mikelatseuskaltegia.com\/donostia-se-vistio-de-fiesta-en-el-final-de-la-korrika-2022\/#primaryimage","url":"https:\/\/mikelatseuskaltegia.com\/wp-content\/uploads\/2022\/04\/34143022872_e42cd556ef_z.jpg","contentUrl":"https:\/\/mikelatseuskaltegia.com\/wp-content\/uploads\/2022\/04\/34143022872_e42cd556ef_z.jpg","width":640,"height":427},{"@type":"BreadcrumbList","@id":"https:\/\/mikelatseuskaltegia.com\/donostia-se-vistio-de-fiesta-en-el-final-de-la-korrika-2022\/#breadcrumb","itemListElement":[{"@type":"ListItem","position":1,"name":"Portada","item":"https:\/\/mikelatseuskaltegia.com\/eu\/"},{"@type":"ListItem","position":2,"name":"Donostia se visti\u00f3 de fiesta en el final de la Korrika 2022"}]},{"@type":"WebSite","@id":"https:\/\/mikelatseuskaltegia.com\/#website","url":"https:\/\/mikelatseuskaltegia.com\/","name":"Mikelats Euskaltegia","description":"Mikelats euskaltegia es especialista en euskaltegi Bilbao","publisher":{"@id":"https:\/\/mikelatseuskaltegia.com\/#organization"},"potentialAction":[{"@type":"SearchAction","target":{"@type":"EntryPoint","urlTemplate":"https:\/\/mikelatseuskaltegia.com\/?s={search_term_string}"},"query-input":{"@type":"PropertyValueSpecification","valueRequired":true,"valueName":"search_term_string"}}],"inLanguage":"eu"},{"@type":"Organization","@id":"https:\/\/mikelatseuskaltegia.com\/#organization","name":"Mikelats Euskaltegia","url":"https:\/\/mikelatseuskaltegia.com\/","logo":{"@type":"ImageObject","inLanguage":"eu","@id":"https:\/\/mikelatseuskaltegia.com\/#\/schema\/logo\/image\/","url":"http:\/\/nueva.mikelatseuskaltegia.com\/wp-content\/uploads\/2019\/12\/logotipo-mikelatz.png","contentUrl":"http:\/\/nueva.mikelatseuskaltegia.com\/wp-content\/uploads\/2019\/12\/logotipo-mikelatz.png","width":109,"height":77,"caption":"Mikelats Euskaltegia"},"image":{"@id":"https:\/\/mikelatseuskaltegia.com\/#\/schema\/logo\/image\/"}},{"@type":"Person","@id":"https:\/\/mikelatseuskaltegia.com\/#\/schema\/person\/d3639b04a236985dcc30249b35c9b58a","name":"Mikelats","image":{"@type":"ImageObject","inLanguage":"eu","@id":"https:\/\/secure.gravatar.com\/avatar\/a69f15aa44e14b786c6ac7076be348a7cf06fefc04c351edeec42417c6990ae7?s=96&d=mm&r=g","url":"https:\/\/secure.gravatar.com\/avatar\/a69f15aa44e14b786c6ac7076be348a7cf06fefc04c351edeec42417c6990ae7?s=96&d=mm&r=g","contentUrl":"https:\/\/secure.gravatar.com\/avatar\/a69f15aa44e14b786c6ac7076be348a7cf06fefc04c351edeec42417c6990ae7?s=96&d=mm&r=g","caption":"Mikelats"}}]}},"_links":{"self":[{"href":"https:\/\/mikelatseuskaltegia.com\/eu\/wp-json\/wp\/v2\/posts\/1978","targetHints":{"allow":["GET"]}}],"collection":[{"href":"https:\/\/mikelatseuskaltegia.com\/eu\/wp-json\/wp\/v2\/posts"}],"about":[{"href":"https:\/\/mikelatseuskaltegia.com\/eu\/wp-json\/wp\/v2\/types\/post"}],"author":[{"embeddable":true,"href":"https:\/\/mikelatseuskaltegia.com\/eu\/wp-json\/wp\/v2\/users\/3"}],"replies":[{"embeddable":true,"href":"https:\/\/mikelatseuskaltegia.com\/eu\/wp-json\/wp\/v2\/comments?post=1978"}],"version-history":[{"count":3,"href":"https:\/\/mikelatseuskaltegia.com\/eu\/wp-json\/wp\/v2\/posts\/1978\/revisions"}],"predecessor-version":[{"id":1983,"href":"https:\/\/mikelatseuskaltegia.com\/eu\/wp-json\/wp\/v2\/posts\/1978\/revisions\/1983"}],"wp:featuredmedia":[{"embeddable":true,"href":"https:\/\/mikelatseuskaltegia.com\/eu\/wp-json\/wp\/v2\/media\/1982"}],"wp:attachment":[{"href":"https:\/\/mikelatseuskaltegia.com\/eu\/wp-json\/wp\/v2\/media?parent=1978"}],"wp:term":[{"taxonomy":"category","embeddable":true,"href":"https:\/\/mikelatseuskaltegia.com\/eu\/wp-json\/wp\/v2\/categories?post=1978"},{"taxonomy":"post_tag","embeddable":true,"href":"https:\/\/mikelatseuskaltegia.com\/eu\/wp-json\/wp\/v2\/tags?post=1978"}],"curies":[{"name":"wp","href":"https:\/\/api.w.org\/{rel}","templated":true}]}}