{"id":1984,"date":"2022-04-26T16:48:55","date_gmt":"2022-04-26T14:48:55","guid":{"rendered":"http:\/\/nueva.mikelatseuskaltegia.com\/eu\/?p=1984"},"modified":"2022-04-26T16:48:55","modified_gmt":"2022-04-26T14:48:55","slug":"justicia-se-sale-de-la-tabla-con-el-uso-del-euskera","status":"publish","type":"post","link":"https:\/\/mikelatseuskaltegia.com\/eu\/justicia-se-sale-de-la-tabla-con-el-uso-del-euskera\/","title":{"rendered":"Justicia se sale de la tabla con el uso del euskera"},"content":{"rendered":"<h2>El 45% del personal su tiene ya el perfil de euskera exigido y supera en 10 puntos las previsiones del plan de normalizaci\u00f3n ling\u00fc\u00edstica en esta \u00e1rea.<\/h2>\n<p>Las previsiones iniciales del Plan de Normalizaci\u00f3n Ling\u00fc\u00edstica de la Administraci\u00f3n de Justicia 2011-2020 se han visto superadas con creces, concretamente en 10 puntos ya que el 45,2 % de las 2.366 personas que trabajan en el \u00e1mbito de la Justicia ya ha acreditado el perfil de euskera.<\/p>\n<p>El mayor uso de la lengua se da en los colectivos transferidos a la Administraci\u00f3n vasca: cuerpo de auxilio judicial, tramitaci\u00f3n procesal y administrativa, gesti\u00f3n procesal qued\u00e1ndose s\u00f3lo el de medicina forense por debajo de la media con un 10% de sus trabajadores.<\/p>\n<p>Sin embargo, en los colectivos no transferidos a la Administraci\u00f3n auton\u00f3mica (jueces, fiscales y letrados) el nivel de euskera sigue siendo bajo ya que solo tienen alg\u00fan perfil 108 de los 601 profesionales.<\/p>\n<p>Por territorios, Gipuzkoa supera el 60%, Bizkaia tiene un 47% y Araba se queda en el 42% y en todos se aprecia un aumento constante del uso de documentos administrativos biling\u00fces pasado del 35 % al comienzo del plan al 61 %\u00a0actual.<\/p>\n<h3>Euskera oral a\u00fan en suspenso<\/h3>\n<p>Seg\u00fan declaraciones de la Viceconsejera de Justicia Ana Aguirre, \u201caunque los datos son muy positivos y en los \u00faltimos a\u00f1os ha habido un incremento de las declaraciones y comparecencias realizadas en este idioma, el uso oral del euskera ofrece resultados mucho menores\u201d.<\/p>\n<p>\u201cNo obstante, puntualiz\u00f3, son un gran paso si se tiene en cuenta que la Administraci\u00f3n de Justicia se incorpor\u00f3 m\u00e1s tarde que el resto de la funci\u00f3n p\u00fablica a las pol\u00edticas de euskaldunizaci\u00f3n, a\u00fan queda un largo camino por recorrer para garantizar el derecho de la ciudadan\u00eda a ser atendida en la lengua oficial de su elecci\u00f3n&#8221;.<\/p>\n<p>Si est\u00e1s preparando una oposici\u00f3n para trabajar en Justicia recuerda de <strong>Mikelats Euskaltegia<\/strong> no es un centro de ense\u00f1anza m\u00e1s <strong>sino el \u00fanico especializado en la preparaci\u00f3n de perfiles ling\u00fc\u00edsticos para oposiciones.<\/strong> Por eso sea cual sea tu nivel de euskera <strong>ll\u00e1manos porque podemos ayudarte a obtener tu plaza.<\/strong><\/p>\n<p>FUENTES: DEIA-GCI<\/p>\n","protected":false},"excerpt":{"rendered":"<p>El 45% del personal su tiene ya el perfil de euskera exigido y supera en 10 puntos las previsiones del [&hellip;]<\/p>\n","protected":false},"author":3,"featured_media":1986,"comment_status":"open","ping_status":"open","sticky":false,"template":"","format":"standard","meta":{"_vp_format_video_url":"","_vp_image_focal_point":[],"footnotes":""},"categories":[27,12],"tags":[],"class_list":["post-1984","post","type-post","status-publish","format-standard","has-post-thumbnail","hentry","category-euskera","category-oposiciones"],"yoast_head":"<!-- This site is optimized with the Yoast SEO plugin v27.4 - https:\/\/yoast.com\/product\/yoast-seo-wordpress\/ -->\n<title>Justicia se sale de la tabla con el uso del euskera<\/title>\n<meta name=\"description\" content=\"El 45% del personal su tiene ya el perfil de euskera exigido y supera en 10 puntos las previsiones del plan de normalizaci\u00f3n ling\u00fc\u00edstica\" \/>\n<meta name=\"robots\" content=\"index, follow, max-snippet:-1, max-image-preview:large, max-video-preview:-1\" \/>\n<link rel=\"canonical\" href=\"https:\/\/mikelatseuskaltegia.com\/eu\/justicia-se-sale-de-la-tabla-con-el-uso-del-euskera\/\" \/>\n<meta property=\"og:locale\" content=\"en_US\" \/>\n<meta property=\"og:locale:alternate\" content=\"es_ES\" \/>\n<meta property=\"og:type\" content=\"article\" \/>\n<meta property=\"og:title\" content=\"Justicia se sale de la tabla con el uso del euskera\" \/>\n<meta property=\"og:description\" content=\"El 45% del personal su tiene ya el perfil de euskera exigido y supera en 10 puntos las previsiones del plan de normalizaci\u00f3n ling\u00fc\u00edstica\" \/>\n<meta property=\"og:url\" content=\"https:\/\/mikelatseuskaltegia.com\/eu\/justicia-se-sale-de-la-tabla-con-el-uso-del-euskera\/\" \/>\n<meta property=\"og:site_name\" content=\"Mikelats Euskaltegia\" \/>\n<meta property=\"article:published_time\" content=\"2022-04-26T14:48:55+00:00\" \/>\n<meta property=\"og:image\" content=\"https:\/\/mikelatseuskaltegia.com\/wp-content\/uploads\/2022\/04\/27136816_allegory-of-justice-scaled.jpg\" \/>\n\t<meta property=\"og:image:width\" content=\"2560\" \/>\n\t<meta property=\"og:image:height\" content=\"1709\" \/>\n\t<meta property=\"og:image:type\" content=\"image\/jpeg\" \/>\n<meta name=\"author\" content=\"Mikelats\" \/>\n<meta name=\"twitter:card\" content=\"summary_large_image\" \/>\n<meta name=\"twitter:label1\" content=\"Written by\" \/>\n\t<meta name=\"twitter:data1\" content=\"Mikelats\" \/>\n\t<meta name=\"twitter:label2\" content=\"Est. reading time\" \/>\n\t<meta name=\"twitter:data2\" content=\"4 minutua\" \/>\n<script type=\"application\/ld+json\" class=\"yoast-schema-graph\">{\"@context\":\"https:\\\/\\\/schema.org\",\"@graph\":[{\"@type\":\"Article\",\"@id\":\"https:\\\/\\\/mikelatseuskaltegia.com\\\/justicia-se-sale-de-la-tabla-con-el-uso-del-euskera\\\/#article\",\"isPartOf\":{\"@id\":\"https:\\\/\\\/mikelatseuskaltegia.com\\\/justicia-se-sale-de-la-tabla-con-el-uso-del-euskera\\\/\"},\"author\":{\"name\":\"Mikelats\",\"@id\":\"https:\\\/\\\/mikelatseuskaltegia.com\\\/#\\\/schema\\\/person\\\/d3639b04a236985dcc30249b35c9b58a\"},\"headline\":\"Justicia se sale de la tabla con el uso del euskera\",\"datePublished\":\"2022-04-26T14:48:55+00:00\",\"mainEntityOfPage\":{\"@id\":\"https:\\\/\\\/mikelatseuskaltegia.com\\\/justicia-se-sale-de-la-tabla-con-el-uso-del-euskera\\\/\"},\"wordCount\":758,\"commentCount\":0,\"publisher\":{\"@id\":\"https:\\\/\\\/mikelatseuskaltegia.com\\\/#organization\"},\"image\":{\"@id\":\"https:\\\/\\\/mikelatseuskaltegia.com\\\/justicia-se-sale-de-la-tabla-con-el-uso-del-euskera\\\/#primaryimage\"},\"thumbnailUrl\":\"https:\\\/\\\/mikelatseuskaltegia.com\\\/wp-content\\\/uploads\\\/2022\\\/04\\\/27136816_allegory-of-justice-scaled.jpg\",\"articleSection\":[\"Euskera\",\"Oposizioak\"],\"inLanguage\":\"eu\"},{\"@type\":\"WebPage\",\"@id\":\"https:\\\/\\\/mikelatseuskaltegia.com\\\/justicia-se-sale-de-la-tabla-con-el-uso-del-euskera\\\/\",\"url\":\"https:\\\/\\\/mikelatseuskaltegia.com\\\/justicia-se-sale-de-la-tabla-con-el-uso-del-euskera\\\/\",\"name\":\"Justicia se sale de la tabla con el uso del euskera\",\"isPartOf\":{\"@id\":\"https:\\\/\\\/mikelatseuskaltegia.com\\\/#website\"},\"primaryImageOfPage\":{\"@id\":\"https:\\\/\\\/mikelatseuskaltegia.com\\\/justicia-se-sale-de-la-tabla-con-el-uso-del-euskera\\\/#primaryimage\"},\"image\":{\"@id\":\"https:\\\/\\\/mikelatseuskaltegia.com\\\/justicia-se-sale-de-la-tabla-con-el-uso-del-euskera\\\/#primaryimage\"},\"thumbnailUrl\":\"https:\\\/\\\/mikelatseuskaltegia.com\\\/wp-content\\\/uploads\\\/2022\\\/04\\\/27136816_allegory-of-justice-scaled.jpg\",\"datePublished\":\"2022-04-26T14:48:55+00:00\",\"description\":\"El 45% del personal su tiene ya el perfil de euskera exigido y supera en 10 puntos las previsiones del plan de normalizaci\u00f3n ling\u00fc\u00edstica\",\"breadcrumb\":{\"@id\":\"https:\\\/\\\/mikelatseuskaltegia.com\\\/justicia-se-sale-de-la-tabla-con-el-uso-del-euskera\\\/#breadcrumb\"},\"inLanguage\":\"eu\",\"potentialAction\":[{\"@type\":\"ReadAction\",\"target\":[\"https:\\\/\\\/mikelatseuskaltegia.com\\\/justicia-se-sale-de-la-tabla-con-el-uso-del-euskera\\\/\"]}]},{\"@type\":\"ImageObject\",\"inLanguage\":\"eu\",\"@id\":\"https:\\\/\\\/mikelatseuskaltegia.com\\\/justicia-se-sale-de-la-tabla-con-el-uso-del-euskera\\\/#primaryimage\",\"url\":\"https:\\\/\\\/mikelatseuskaltegia.com\\\/wp-content\\\/uploads\\\/2022\\\/04\\\/27136816_allegory-of-justice-scaled.jpg\",\"contentUrl\":\"https:\\\/\\\/mikelatseuskaltegia.com\\\/wp-content\\\/uploads\\\/2022\\\/04\\\/27136816_allegory-of-justice-scaled.jpg\",\"width\":2560,\"height\":1709},{\"@type\":\"BreadcrumbList\",\"@id\":\"https:\\\/\\\/mikelatseuskaltegia.com\\\/justicia-se-sale-de-la-tabla-con-el-uso-del-euskera\\\/#breadcrumb\",\"itemListElement\":[{\"@type\":\"ListItem\",\"position\":1,\"name\":\"Portada\",\"item\":\"https:\\\/\\\/mikelatseuskaltegia.com\\\/eu\\\/\"},{\"@type\":\"ListItem\",\"position\":2,\"name\":\"Justicia se sale de la tabla con el uso del euskera\"}]},{\"@type\":\"WebSite\",\"@id\":\"https:\\\/\\\/mikelatseuskaltegia.com\\\/#website\",\"url\":\"https:\\\/\\\/mikelatseuskaltegia.com\\\/\",\"name\":\"Mikelats Euskaltegia\",\"description\":\"Mikelats euskaltegia es especialista en euskaltegi Bilbao\",\"publisher\":{\"@id\":\"https:\\\/\\\/mikelatseuskaltegia.com\\\/#organization\"},\"potentialAction\":[{\"@type\":\"SearchAction\",\"target\":{\"@type\":\"EntryPoint\",\"urlTemplate\":\"https:\\\/\\\/mikelatseuskaltegia.com\\\/?s={search_term_string}\"},\"query-input\":{\"@type\":\"PropertyValueSpecification\",\"valueRequired\":true,\"valueName\":\"search_term_string\"}}],\"inLanguage\":\"eu\"},{\"@type\":\"Organization\",\"@id\":\"https:\\\/\\\/mikelatseuskaltegia.com\\\/#organization\",\"name\":\"Mikelats Euskaltegia\",\"url\":\"https:\\\/\\\/mikelatseuskaltegia.com\\\/\",\"logo\":{\"@type\":\"ImageObject\",\"inLanguage\":\"eu\",\"@id\":\"https:\\\/\\\/mikelatseuskaltegia.com\\\/#\\\/schema\\\/logo\\\/image\\\/\",\"url\":\"http:\\\/\\\/nueva.mikelatseuskaltegia.com\\\/wp-content\\\/uploads\\\/2019\\\/12\\\/logotipo-mikelatz.png\",\"contentUrl\":\"http:\\\/\\\/nueva.mikelatseuskaltegia.com\\\/wp-content\\\/uploads\\\/2019\\\/12\\\/logotipo-mikelatz.png\",\"width\":109,\"height\":77,\"caption\":\"Mikelats Euskaltegia\"},\"image\":{\"@id\":\"https:\\\/\\\/mikelatseuskaltegia.com\\\/#\\\/schema\\\/logo\\\/image\\\/\"}},{\"@type\":\"Person\",\"@id\":\"https:\\\/\\\/mikelatseuskaltegia.com\\\/#\\\/schema\\\/person\\\/d3639b04a236985dcc30249b35c9b58a\",\"name\":\"Mikelats\",\"image\":{\"@type\":\"ImageObject\",\"inLanguage\":\"eu\",\"@id\":\"https:\\\/\\\/secure.gravatar.com\\\/avatar\\\/a69f15aa44e14b786c6ac7076be348a7cf06fefc04c351edeec42417c6990ae7?s=96&d=mm&r=g\",\"url\":\"https:\\\/\\\/secure.gravatar.com\\\/avatar\\\/a69f15aa44e14b786c6ac7076be348a7cf06fefc04c351edeec42417c6990ae7?s=96&d=mm&r=g\",\"contentUrl\":\"https:\\\/\\\/secure.gravatar.com\\\/avatar\\\/a69f15aa44e14b786c6ac7076be348a7cf06fefc04c351edeec42417c6990ae7?s=96&d=mm&r=g\",\"caption\":\"Mikelats\"}}]}<\/script>\n<!-- \/ Yoast SEO plugin. -->","yoast_head_json":{"title":"Justicia se sale de la tabla con el uso del euskera","description":"El 45% del personal su tiene ya el perfil de euskera exigido y supera en 10 puntos las previsiones del plan de normalizaci\u00f3n ling\u00fc\u00edstica","robots":{"index":"index","follow":"follow","max-snippet":"max-snippet:-1","max-image-preview":"max-image-preview:large","max-video-preview":"max-video-preview:-1"},"canonical":"https:\/\/mikelatseuskaltegia.com\/eu\/justicia-se-sale-de-la-tabla-con-el-uso-del-euskera\/","og_locale":"en_US","og_type":"article","og_title":"[:es]Justicia se sale de la tabla con el uso del euskera[:eu]Justicia se sale de la tabla con el uso del euskera[:] - Mikelats Euskaltegia","og_description":"El 45% del personal su tiene ya el perfil de euskera exigido y supera en 10 puntos las previsiones del plan de normalizaci\u00f3n ling\u00fc\u00edstica","og_url":"https:\/\/mikelatseuskaltegia.com\/eu\/justicia-se-sale-de-la-tabla-con-el-uso-del-euskera\/","og_site_name":"Mikelats Euskaltegia","article_published_time":"2022-04-26T14:48:55+00:00","og_image":[{"width":2560,"height":1709,"url":"https:\/\/mikelatseuskaltegia.com\/wp-content\/uploads\/2022\/04\/27136816_allegory-of-justice-scaled.jpg","type":"image\/jpeg"}],"author":"Mikelats","twitter_card":"summary_large_image","twitter_misc":{"Written by":"Mikelats","Est. reading time":"4 minutua"},"schema":{"@context":"https:\/\/schema.org","@graph":[{"@type":"Article","@id":"https:\/\/mikelatseuskaltegia.com\/justicia-se-sale-de-la-tabla-con-el-uso-del-euskera\/#article","isPartOf":{"@id":"https:\/\/mikelatseuskaltegia.com\/justicia-se-sale-de-la-tabla-con-el-uso-del-euskera\/"},"author":{"name":"Mikelats","@id":"https:\/\/mikelatseuskaltegia.com\/#\/schema\/person\/d3639b04a236985dcc30249b35c9b58a"},"headline":"Justicia se sale de la tabla con el uso del euskera","datePublished":"2022-04-26T14:48:55+00:00","mainEntityOfPage":{"@id":"https:\/\/mikelatseuskaltegia.com\/justicia-se-sale-de-la-tabla-con-el-uso-del-euskera\/"},"wordCount":758,"commentCount":0,"publisher":{"@id":"https:\/\/mikelatseuskaltegia.com\/#organization"},"image":{"@id":"https:\/\/mikelatseuskaltegia.com\/justicia-se-sale-de-la-tabla-con-el-uso-del-euskera\/#primaryimage"},"thumbnailUrl":"https:\/\/mikelatseuskaltegia.com\/wp-content\/uploads\/2022\/04\/27136816_allegory-of-justice-scaled.jpg","articleSection":["Euskera","Oposizioak"],"inLanguage":"eu"},{"@type":"WebPage","@id":"https:\/\/mikelatseuskaltegia.com\/justicia-se-sale-de-la-tabla-con-el-uso-del-euskera\/","url":"https:\/\/mikelatseuskaltegia.com\/justicia-se-sale-de-la-tabla-con-el-uso-del-euskera\/","name":"Justicia se sale de la tabla con el uso del euskera","isPartOf":{"@id":"https:\/\/mikelatseuskaltegia.com\/#website"},"primaryImageOfPage":{"@id":"https:\/\/mikelatseuskaltegia.com\/justicia-se-sale-de-la-tabla-con-el-uso-del-euskera\/#primaryimage"},"image":{"@id":"https:\/\/mikelatseuskaltegia.com\/justicia-se-sale-de-la-tabla-con-el-uso-del-euskera\/#primaryimage"},"thumbnailUrl":"https:\/\/mikelatseuskaltegia.com\/wp-content\/uploads\/2022\/04\/27136816_allegory-of-justice-scaled.jpg","datePublished":"2022-04-26T14:48:55+00:00","description":"El 45% del personal su tiene ya el perfil de euskera exigido y supera en 10 puntos las previsiones del plan de normalizaci\u00f3n ling\u00fc\u00edstica","breadcrumb":{"@id":"https:\/\/mikelatseuskaltegia.com\/justicia-se-sale-de-la-tabla-con-el-uso-del-euskera\/#breadcrumb"},"inLanguage":"eu","potentialAction":[{"@type":"ReadAction","target":["https:\/\/mikelatseuskaltegia.com\/justicia-se-sale-de-la-tabla-con-el-uso-del-euskera\/"]}]},{"@type":"ImageObject","inLanguage":"eu","@id":"https:\/\/mikelatseuskaltegia.com\/justicia-se-sale-de-la-tabla-con-el-uso-del-euskera\/#primaryimage","url":"https:\/\/mikelatseuskaltegia.com\/wp-content\/uploads\/2022\/04\/27136816_allegory-of-justice-scaled.jpg","contentUrl":"https:\/\/mikelatseuskaltegia.com\/wp-content\/uploads\/2022\/04\/27136816_allegory-of-justice-scaled.jpg","width":2560,"height":1709},{"@type":"BreadcrumbList","@id":"https:\/\/mikelatseuskaltegia.com\/justicia-se-sale-de-la-tabla-con-el-uso-del-euskera\/#breadcrumb","itemListElement":[{"@type":"ListItem","position":1,"name":"Portada","item":"https:\/\/mikelatseuskaltegia.com\/eu\/"},{"@type":"ListItem","position":2,"name":"Justicia se sale de la tabla con el uso del euskera"}]},{"@type":"WebSite","@id":"https:\/\/mikelatseuskaltegia.com\/#website","url":"https:\/\/mikelatseuskaltegia.com\/","name":"Mikelats Euskaltegia","description":"Mikelats euskaltegia es especialista en euskaltegi Bilbao","publisher":{"@id":"https:\/\/mikelatseuskaltegia.com\/#organization"},"potentialAction":[{"@type":"SearchAction","target":{"@type":"EntryPoint","urlTemplate":"https:\/\/mikelatseuskaltegia.com\/?s={search_term_string}"},"query-input":{"@type":"PropertyValueSpecification","valueRequired":true,"valueName":"search_term_string"}}],"inLanguage":"eu"},{"@type":"Organization","@id":"https:\/\/mikelatseuskaltegia.com\/#organization","name":"Mikelats Euskaltegia","url":"https:\/\/mikelatseuskaltegia.com\/","logo":{"@type":"ImageObject","inLanguage":"eu","@id":"https:\/\/mikelatseuskaltegia.com\/#\/schema\/logo\/image\/","url":"http:\/\/nueva.mikelatseuskaltegia.com\/wp-content\/uploads\/2019\/12\/logotipo-mikelatz.png","contentUrl":"http:\/\/nueva.mikelatseuskaltegia.com\/wp-content\/uploads\/2019\/12\/logotipo-mikelatz.png","width":109,"height":77,"caption":"Mikelats Euskaltegia"},"image":{"@id":"https:\/\/mikelatseuskaltegia.com\/#\/schema\/logo\/image\/"}},{"@type":"Person","@id":"https:\/\/mikelatseuskaltegia.com\/#\/schema\/person\/d3639b04a236985dcc30249b35c9b58a","name":"Mikelats","image":{"@type":"ImageObject","inLanguage":"eu","@id":"https:\/\/secure.gravatar.com\/avatar\/a69f15aa44e14b786c6ac7076be348a7cf06fefc04c351edeec42417c6990ae7?s=96&d=mm&r=g","url":"https:\/\/secure.gravatar.com\/avatar\/a69f15aa44e14b786c6ac7076be348a7cf06fefc04c351edeec42417c6990ae7?s=96&d=mm&r=g","contentUrl":"https:\/\/secure.gravatar.com\/avatar\/a69f15aa44e14b786c6ac7076be348a7cf06fefc04c351edeec42417c6990ae7?s=96&d=mm&r=g","caption":"Mikelats"}}]}},"_links":{"self":[{"href":"https:\/\/mikelatseuskaltegia.com\/eu\/wp-json\/wp\/v2\/posts\/1984","targetHints":{"allow":["GET"]}}],"collection":[{"href":"https:\/\/mikelatseuskaltegia.com\/eu\/wp-json\/wp\/v2\/posts"}],"about":[{"href":"https:\/\/mikelatseuskaltegia.com\/eu\/wp-json\/wp\/v2\/types\/post"}],"author":[{"embeddable":true,"href":"https:\/\/mikelatseuskaltegia.com\/eu\/wp-json\/wp\/v2\/users\/3"}],"replies":[{"embeddable":true,"href":"https:\/\/mikelatseuskaltegia.com\/eu\/wp-json\/wp\/v2\/comments?post=1984"}],"version-history":[{"count":2,"href":"https:\/\/mikelatseuskaltegia.com\/eu\/wp-json\/wp\/v2\/posts\/1984\/revisions"}],"predecessor-version":[{"id":1987,"href":"https:\/\/mikelatseuskaltegia.com\/eu\/wp-json\/wp\/v2\/posts\/1984\/revisions\/1987"}],"wp:featuredmedia":[{"embeddable":true,"href":"https:\/\/mikelatseuskaltegia.com\/eu\/wp-json\/wp\/v2\/media\/1986"}],"wp:attachment":[{"href":"https:\/\/mikelatseuskaltegia.com\/eu\/wp-json\/wp\/v2\/media?parent=1984"}],"wp:term":[{"taxonomy":"category","embeddable":true,"href":"https:\/\/mikelatseuskaltegia.com\/eu\/wp-json\/wp\/v2\/categories?post=1984"},{"taxonomy":"post_tag","embeddable":true,"href":"https:\/\/mikelatseuskaltegia.com\/eu\/wp-json\/wp\/v2\/tags?post=1984"}],"curies":[{"name":"wp","href":"https:\/\/api.w.org\/{rel}","templated":true}]}}