{"id":3213,"date":"2023-06-27T11:52:36","date_gmt":"2023-06-27T09:52:36","guid":{"rendered":"http:\/\/nueva.mikelatseuskaltegia.com\/?p=3213"},"modified":"2023-06-27T11:58:42","modified_gmt":"2023-06-27T09:58:42","slug":"comienza-excavacion-arqueologica-en-irulegi","status":"publish","type":"post","link":"https:\/\/mikelatseuskaltegia.com\/eu\/comienza-excavacion-arqueologica-en-irulegi\/","title":{"rendered":"Comienza la excavaci\u00f3n arqueol\u00f3gica en el poblado de la Edad de Hierro de Irulegi"},"content":{"rendered":"<h3><strong>Se espera que aporte informaci\u00f3n sobre el origen del euskera y la sociedad vascona de hace 2000 a\u00f1os<\/strong><\/h3>\n<p>La Sociedad de Ciencias Aranzadi ha anunciado el inicio de la excavaci\u00f3n arqueol\u00f3gica de un edificio completo con el objetivo de ampliar la investigaci\u00f3n sobre las diferentes etapas de ocupaci\u00f3n en el asentamiento donde se descubri\u00f3 la mano de Irulegi, ubicado en el pueblo de la Edad de Hierro en el monte Irulegi &#8211; Aranguren, Navarra.<\/p>\n<p>La\u00a0<a href=\"https:\/\/elpais.com\/cultura\/2022-11-27\/la-mano-de-irulegi-mas-incognitas-que-respuestas-sobre-el-origen-del-euskera.html\">Mano de Irulegi<\/a>, una plancha de bronce de apenas 36 gramos de peso, 14,3 cent\u00edmetros de altura y un grosor de un mil\u00edmetro, ha revolucionado las investigaciones sobre el origen del euskera por la inscripci\u00f3n que contiene con el vocablo\u00a0<em>sorioneku,\u00a0<\/em>similar al vocablo vasco actual\u00a0<em>zorioneko,<\/em>\u00a0que puede traducirse como \u201cbuena fortuna\u201d. Fechada en el siglo I antes de Cristo, est\u00e1 considerada como el primer documento escrito en vasc\u00f3nico, el precedente del vasco.<\/p>\n<p>Sin embargo, la importancia arqueol\u00f3gica del poblado de la Edad de Hierro de Irulegi va m\u00e1s all\u00e1 de este hallazgo \u00fanico, y su excavaci\u00f3n continua es crucial para una mejor comprensi\u00f3n de la sociedad de los vascones hace aproximadamente 2000 a\u00f1os.<\/p>\n<p>Para llevar a cabo la misi\u00f3n el equipo de arque\u00f3logos trabajar\u00e1\u00a0hasta el 17 de septiembre, de mi\u00e9rcoles a domingo, con casi 100 voluntarios repartidos en seis turnos. El proyecto de investigaci\u00f3n cuenta con la colaboraci\u00f3n del Ayuntamiento del Valle de Aranguren y el Gobierno de Navarra.<\/p>\n<h5><strong>Pol\u00e9mica mercantil<\/strong><\/h5>\n<p>Despu\u00e9s de que se hiciera p\u00fablico este hallazgo hist\u00f3rico, en cuesti\u00f3n de d\u00edas, una gran cantidad de productos con la imagen de la mano empezaron a inundar el mercado. El fuerte olor a oportunidad de negocio ha llevado a que, desde ese mismo d\u00eda, al menos diez empresas y particulares, hayan buscado adquirir los derechos de propiedad de la marca &#8220;Mano de Irulegi \/ Irulegiko Eskua&#8221; o de la imagen en s\u00ed. Adem\u00e1s, el Gobierno de Navarra, como propietario legal del hallazgo, ha presentado una solicitud para obtener la titularidad con el objetivo de utilizarla en \u00e1mbitos educativos y culturales.<\/p>\n<p>Pero una solicitud ha destacado por encima de todas las dem\u00e1s: la presentada por la Sociedad de Ciencias Aranzadi, no fue bien recibida por el Gobierno de Navarra. En respuesta, anunci\u00f3 su intenci\u00f3n de oponerse a las solicitudes de registro presentadas, con el objetivo de asegurar que tanto la marca como la imagen sean de libre acceso y gratuitas para aquellos que deseen utilizarlas con fines comerciales.<\/p>\n<h5><strong>La importancia de La Mano de Irulegi<\/strong><\/h5>\n<p>La Mano de Irulegi ha generado un intenso debate en relaci\u00f3n a su conexi\u00f3n con la cultura celtib\u00e9rica y su contenido vinculado a un tratado de amistad. Estos descubrimientos refuerzan la posibilidad de una influencia celta en la tribu vascona y, por consiguiente, ofrecen una nueva perspectiva valiosa para comprender la historia y la identidad de los vascones.<\/p>\n<p>No obstante, es importante considerar que la cuesti\u00f3n de la etnicidad de los vascones es un tema controvertido, y existen m\u00faltiples teor\u00edas en disputa. Aunque la Mano de Irulegi proporciona indicios intrigantes, es necesario llevar a cabo una investigaci\u00f3n m\u00e1s exhaustiva a fin de obtener conclusiones definitivas.<\/p>\n<p>A medida que avanzamos en nuestra comprensi\u00f3n del origen del euskera, nos acercamos cada vez m\u00e1s a desentra\u00f1ar sus misterios. Hoy en d\u00eda, este idioma ha experimentado un crecimiento significativo en el \u00e1mbito de la administraci\u00f3n p\u00fablica. Conscientes de la importancia de fortalecer nuestras habilidades ling\u00fc\u00edsticas en euskera, Mikelats Euskaltegi ha preparado<a href=\"http:\/\/nueva.mikelatseuskaltegia.com\/cursos-verano\/\"> cursos intensivos de verano<\/a> durante los meses de julio y septiembre. Si est\u00e1s interesado en aprovechar esta oportunidad para sumergirte en el idioma y ampliar tus horizontes ling\u00fc\u00edsticos, no dudes en solicitar informaci\u00f3n llamando al 94 415 32 95 o escribiendo a <a href=\"mailto:mikelats@izar.net\">mikelats@izar.net<\/a>.<\/p>\n<p>Fuentes: Eitb, El Pa\u00eds, G.G. Estudio Arqueol\u00f3gico<\/p>\n<p>Fotograf\u00eda : www.aranguren.es\/noticias<\/p>\n","protected":false},"excerpt":{"rendered":"<p>Se espera que aporte informaci\u00f3n sobre el origen del euskera y la sociedad vascona de hace 2000 a\u00f1os La Sociedad [&hellip;]<\/p>\n","protected":false},"author":3,"featured_media":3215,"comment_status":"open","ping_status":"open","sticky":false,"template":"","format":"standard","meta":{"_vp_format_video_url":"","_vp_image_focal_point":[],"footnotes":""},"categories":[27,67],"tags":[],"class_list":["post-3213","post","type-post","status-publish","format-standard","has-post-thumbnail","hentry","category-euskera","category-noticias"],"yoast_head":"<!-- This site is optimized with the Yoast SEO plugin v27.4 - https:\/\/yoast.com\/product\/yoast-seo-wordpress\/ -->\n<title>Comienza la excavaci\u00f3n arqueol\u00f3gica en el poblado de la Edad de Hierro de Irulegi<\/title>\n<meta name=\"description\" content=\"La Sociedad de Ciencias Aranzadi comienza la excavaci\u00f3n arqueol\u00f3gica en Irulegi. Se espera que aporte informaci\u00f3n sobre el origen del euskera\" \/>\n<meta name=\"robots\" content=\"index, follow, max-snippet:-1, max-image-preview:large, max-video-preview:-1\" \/>\n<link rel=\"canonical\" href=\"https:\/\/mikelatseuskaltegia.com\/eu\/comienza-excavacion-arqueologica-en-irulegi\/\" \/>\n<meta property=\"og:locale\" content=\"en_US\" \/>\n<meta property=\"og:locale:alternate\" content=\"es_ES\" \/>\n<meta property=\"og:type\" content=\"article\" \/>\n<meta property=\"og:title\" content=\"Comienza la excavaci\u00f3n arqueol\u00f3gica en el poblado de la Edad de Hierro de Irulegi\" \/>\n<meta property=\"og:description\" content=\"La Sociedad de Ciencias Aranzadi comienza la excavaci\u00f3n arqueol\u00f3gica en Irulegi. Se espera que aporte informaci\u00f3n sobre el origen del euskera\" \/>\n<meta property=\"og:url\" content=\"https:\/\/mikelatseuskaltegia.com\/eu\/comienza-excavacion-arqueologica-en-irulegi\/\" \/>\n<meta property=\"og:site_name\" content=\"Mikelats Euskaltegia\" \/>\n<meta property=\"article:published_time\" content=\"2023-06-27T09:52:36+00:00\" \/>\n<meta property=\"article:modified_time\" content=\"2023-06-27T09:58:42+00:00\" \/>\n<meta property=\"og:image\" content=\"https:\/\/mikelatseuskaltegia.com\/wp-content\/uploads\/2023\/06\/irulegi.jpg\" \/>\n\t<meta property=\"og:image:width\" content=\"786\" \/>\n\t<meta property=\"og:image:height\" content=\"467\" \/>\n\t<meta property=\"og:image:type\" content=\"image\/jpeg\" \/>\n<meta name=\"author\" content=\"Mikelats\" \/>\n<meta name=\"twitter:card\" content=\"summary_large_image\" \/>\n<meta name=\"twitter:label1\" content=\"Written by\" \/>\n\t<meta name=\"twitter:data1\" content=\"Mikelats\" \/>\n\t<meta name=\"twitter:label2\" content=\"Est. reading time\" \/>\n\t<meta name=\"twitter:data2\" content=\"3 minutua\" \/>\n<script type=\"application\/ld+json\" class=\"yoast-schema-graph\">{\"@context\":\"https:\\\/\\\/schema.org\",\"@graph\":[{\"@type\":\"Article\",\"@id\":\"https:\\\/\\\/mikelatseuskaltegia.com\\\/comienza-excavacion-arqueologica-en-irulegi\\\/#article\",\"isPartOf\":{\"@id\":\"https:\\\/\\\/mikelatseuskaltegia.com\\\/comienza-excavacion-arqueologica-en-irulegi\\\/\"},\"author\":{\"name\":\"Mikelats\",\"@id\":\"https:\\\/\\\/mikelatseuskaltegia.com\\\/#\\\/schema\\\/person\\\/d3639b04a236985dcc30249b35c9b58a\"},\"headline\":\"Comienza la excavaci\u00f3n arqueol\u00f3gica en el poblado de la Edad de Hierro de Irulegi\",\"datePublished\":\"2023-06-27T09:52:36+00:00\",\"dateModified\":\"2023-06-27T09:58:42+00:00\",\"mainEntityOfPage\":{\"@id\":\"https:\\\/\\\/mikelatseuskaltegia.com\\\/comienza-excavacion-arqueologica-en-irulegi\\\/\"},\"wordCount\":686,\"commentCount\":0,\"publisher\":{\"@id\":\"https:\\\/\\\/mikelatseuskaltegia.com\\\/#organization\"},\"image\":{\"@id\":\"https:\\\/\\\/mikelatseuskaltegia.com\\\/comienza-excavacion-arqueologica-en-irulegi\\\/#primaryimage\"},\"thumbnailUrl\":\"https:\\\/\\\/mikelatseuskaltegia.com\\\/wp-content\\\/uploads\\\/2023\\\/06\\\/irulegi.jpg\",\"articleSection\":[\"Euskera\",\"Albisteak\"],\"inLanguage\":\"eu\"},{\"@type\":\"WebPage\",\"@id\":\"https:\\\/\\\/mikelatseuskaltegia.com\\\/comienza-excavacion-arqueologica-en-irulegi\\\/\",\"url\":\"https:\\\/\\\/mikelatseuskaltegia.com\\\/comienza-excavacion-arqueologica-en-irulegi\\\/\",\"name\":\"Comienza la excavaci\u00f3n arqueol\u00f3gica en el poblado de la Edad de Hierro de Irulegi\",\"isPartOf\":{\"@id\":\"https:\\\/\\\/mikelatseuskaltegia.com\\\/#website\"},\"primaryImageOfPage\":{\"@id\":\"https:\\\/\\\/mikelatseuskaltegia.com\\\/comienza-excavacion-arqueologica-en-irulegi\\\/#primaryimage\"},\"image\":{\"@id\":\"https:\\\/\\\/mikelatseuskaltegia.com\\\/comienza-excavacion-arqueologica-en-irulegi\\\/#primaryimage\"},\"thumbnailUrl\":\"https:\\\/\\\/mikelatseuskaltegia.com\\\/wp-content\\\/uploads\\\/2023\\\/06\\\/irulegi.jpg\",\"datePublished\":\"2023-06-27T09:52:36+00:00\",\"dateModified\":\"2023-06-27T09:58:42+00:00\",\"description\":\"La Sociedad de Ciencias Aranzadi comienza la excavaci\u00f3n arqueol\u00f3gica en Irulegi. Se espera que aporte informaci\u00f3n sobre el origen del euskera\",\"breadcrumb\":{\"@id\":\"https:\\\/\\\/mikelatseuskaltegia.com\\\/comienza-excavacion-arqueologica-en-irulegi\\\/#breadcrumb\"},\"inLanguage\":\"eu\",\"potentialAction\":[{\"@type\":\"ReadAction\",\"target\":[\"https:\\\/\\\/mikelatseuskaltegia.com\\\/comienza-excavacion-arqueologica-en-irulegi\\\/\"]}]},{\"@type\":\"ImageObject\",\"inLanguage\":\"eu\",\"@id\":\"https:\\\/\\\/mikelatseuskaltegia.com\\\/comienza-excavacion-arqueologica-en-irulegi\\\/#primaryimage\",\"url\":\"https:\\\/\\\/mikelatseuskaltegia.com\\\/wp-content\\\/uploads\\\/2023\\\/06\\\/irulegi.jpg\",\"contentUrl\":\"https:\\\/\\\/mikelatseuskaltegia.com\\\/wp-content\\\/uploads\\\/2023\\\/06\\\/irulegi.jpg\",\"width\":786,\"height\":467,\"caption\":\"www.aranguren.es\\\/noticias\"},{\"@type\":\"BreadcrumbList\",\"@id\":\"https:\\\/\\\/mikelatseuskaltegia.com\\\/comienza-excavacion-arqueologica-en-irulegi\\\/#breadcrumb\",\"itemListElement\":[{\"@type\":\"ListItem\",\"position\":1,\"name\":\"Portada\",\"item\":\"https:\\\/\\\/mikelatseuskaltegia.com\\\/eu\\\/\"},{\"@type\":\"ListItem\",\"position\":2,\"name\":\"Comienza la excavaci\u00f3n arqueol\u00f3gica en el poblado de la Edad de Hierro de Irulegi\"}]},{\"@type\":\"WebSite\",\"@id\":\"https:\\\/\\\/mikelatseuskaltegia.com\\\/#website\",\"url\":\"https:\\\/\\\/mikelatseuskaltegia.com\\\/\",\"name\":\"Mikelats Euskaltegia\",\"description\":\"Mikelats euskaltegia es especialista en euskaltegi Bilbao\",\"publisher\":{\"@id\":\"https:\\\/\\\/mikelatseuskaltegia.com\\\/#organization\"},\"potentialAction\":[{\"@type\":\"SearchAction\",\"target\":{\"@type\":\"EntryPoint\",\"urlTemplate\":\"https:\\\/\\\/mikelatseuskaltegia.com\\\/?s={search_term_string}\"},\"query-input\":{\"@type\":\"PropertyValueSpecification\",\"valueRequired\":true,\"valueName\":\"search_term_string\"}}],\"inLanguage\":\"eu\"},{\"@type\":\"Organization\",\"@id\":\"https:\\\/\\\/mikelatseuskaltegia.com\\\/#organization\",\"name\":\"Mikelats Euskaltegia\",\"url\":\"https:\\\/\\\/mikelatseuskaltegia.com\\\/\",\"logo\":{\"@type\":\"ImageObject\",\"inLanguage\":\"eu\",\"@id\":\"https:\\\/\\\/mikelatseuskaltegia.com\\\/#\\\/schema\\\/logo\\\/image\\\/\",\"url\":\"http:\\\/\\\/nueva.mikelatseuskaltegia.com\\\/wp-content\\\/uploads\\\/2019\\\/12\\\/logotipo-mikelatz.png\",\"contentUrl\":\"http:\\\/\\\/nueva.mikelatseuskaltegia.com\\\/wp-content\\\/uploads\\\/2019\\\/12\\\/logotipo-mikelatz.png\",\"width\":109,\"height\":77,\"caption\":\"Mikelats Euskaltegia\"},\"image\":{\"@id\":\"https:\\\/\\\/mikelatseuskaltegia.com\\\/#\\\/schema\\\/logo\\\/image\\\/\"}},{\"@type\":\"Person\",\"@id\":\"https:\\\/\\\/mikelatseuskaltegia.com\\\/#\\\/schema\\\/person\\\/d3639b04a236985dcc30249b35c9b58a\",\"name\":\"Mikelats\",\"image\":{\"@type\":\"ImageObject\",\"inLanguage\":\"eu\",\"@id\":\"https:\\\/\\\/secure.gravatar.com\\\/avatar\\\/a69f15aa44e14b786c6ac7076be348a7cf06fefc04c351edeec42417c6990ae7?s=96&d=mm&r=g\",\"url\":\"https:\\\/\\\/secure.gravatar.com\\\/avatar\\\/a69f15aa44e14b786c6ac7076be348a7cf06fefc04c351edeec42417c6990ae7?s=96&d=mm&r=g\",\"contentUrl\":\"https:\\\/\\\/secure.gravatar.com\\\/avatar\\\/a69f15aa44e14b786c6ac7076be348a7cf06fefc04c351edeec42417c6990ae7?s=96&d=mm&r=g\",\"caption\":\"Mikelats\"}}]}<\/script>\n<!-- \/ Yoast SEO plugin. -->","yoast_head_json":{"title":"Comienza la excavaci\u00f3n arqueol\u00f3gica en el poblado de la Edad de Hierro de Irulegi","description":"La Sociedad de Ciencias Aranzadi comienza la excavaci\u00f3n arqueol\u00f3gica en Irulegi. Se espera que aporte informaci\u00f3n sobre el origen del euskera","robots":{"index":"index","follow":"follow","max-snippet":"max-snippet:-1","max-image-preview":"max-image-preview:large","max-video-preview":"max-video-preview:-1"},"canonical":"https:\/\/mikelatseuskaltegia.com\/eu\/comienza-excavacion-arqueologica-en-irulegi\/","og_locale":"en_US","og_type":"article","og_title":"[:es]Comienza la excavaci\u00f3n arqueol\u00f3gica en el poblado de la Edad de Hierro de Irulegi[:] - Mikelats Euskaltegia","og_description":"La Sociedad de Ciencias Aranzadi comienza la excavaci\u00f3n arqueol\u00f3gica en Irulegi. Se espera que aporte informaci\u00f3n sobre el origen del euskera","og_url":"https:\/\/mikelatseuskaltegia.com\/eu\/comienza-excavacion-arqueologica-en-irulegi\/","og_site_name":"Mikelats Euskaltegia","article_published_time":"2023-06-27T09:52:36+00:00","article_modified_time":"2023-06-27T09:58:42+00:00","og_image":[{"width":786,"height":467,"url":"https:\/\/mikelatseuskaltegia.com\/wp-content\/uploads\/2023\/06\/irulegi.jpg","type":"image\/jpeg"}],"author":"Mikelats","twitter_card":"summary_large_image","twitter_misc":{"Written by":"Mikelats","Est. reading time":"3 minutua"},"schema":{"@context":"https:\/\/schema.org","@graph":[{"@type":"Article","@id":"https:\/\/mikelatseuskaltegia.com\/comienza-excavacion-arqueologica-en-irulegi\/#article","isPartOf":{"@id":"https:\/\/mikelatseuskaltegia.com\/comienza-excavacion-arqueologica-en-irulegi\/"},"author":{"name":"Mikelats","@id":"https:\/\/mikelatseuskaltegia.com\/#\/schema\/person\/d3639b04a236985dcc30249b35c9b58a"},"headline":"Comienza la excavaci\u00f3n arqueol\u00f3gica en el poblado de la Edad de Hierro de Irulegi","datePublished":"2023-06-27T09:52:36+00:00","dateModified":"2023-06-27T09:58:42+00:00","mainEntityOfPage":{"@id":"https:\/\/mikelatseuskaltegia.com\/comienza-excavacion-arqueologica-en-irulegi\/"},"wordCount":686,"commentCount":0,"publisher":{"@id":"https:\/\/mikelatseuskaltegia.com\/#organization"},"image":{"@id":"https:\/\/mikelatseuskaltegia.com\/comienza-excavacion-arqueologica-en-irulegi\/#primaryimage"},"thumbnailUrl":"https:\/\/mikelatseuskaltegia.com\/wp-content\/uploads\/2023\/06\/irulegi.jpg","articleSection":["Euskera","Albisteak"],"inLanguage":"eu"},{"@type":"WebPage","@id":"https:\/\/mikelatseuskaltegia.com\/comienza-excavacion-arqueologica-en-irulegi\/","url":"https:\/\/mikelatseuskaltegia.com\/comienza-excavacion-arqueologica-en-irulegi\/","name":"Comienza la excavaci\u00f3n arqueol\u00f3gica en el poblado de la Edad de Hierro de Irulegi","isPartOf":{"@id":"https:\/\/mikelatseuskaltegia.com\/#website"},"primaryImageOfPage":{"@id":"https:\/\/mikelatseuskaltegia.com\/comienza-excavacion-arqueologica-en-irulegi\/#primaryimage"},"image":{"@id":"https:\/\/mikelatseuskaltegia.com\/comienza-excavacion-arqueologica-en-irulegi\/#primaryimage"},"thumbnailUrl":"https:\/\/mikelatseuskaltegia.com\/wp-content\/uploads\/2023\/06\/irulegi.jpg","datePublished":"2023-06-27T09:52:36+00:00","dateModified":"2023-06-27T09:58:42+00:00","description":"La Sociedad de Ciencias Aranzadi comienza la excavaci\u00f3n arqueol\u00f3gica en Irulegi. Se espera que aporte informaci\u00f3n sobre el origen del euskera","breadcrumb":{"@id":"https:\/\/mikelatseuskaltegia.com\/comienza-excavacion-arqueologica-en-irulegi\/#breadcrumb"},"inLanguage":"eu","potentialAction":[{"@type":"ReadAction","target":["https:\/\/mikelatseuskaltegia.com\/comienza-excavacion-arqueologica-en-irulegi\/"]}]},{"@type":"ImageObject","inLanguage":"eu","@id":"https:\/\/mikelatseuskaltegia.com\/comienza-excavacion-arqueologica-en-irulegi\/#primaryimage","url":"https:\/\/mikelatseuskaltegia.com\/wp-content\/uploads\/2023\/06\/irulegi.jpg","contentUrl":"https:\/\/mikelatseuskaltegia.com\/wp-content\/uploads\/2023\/06\/irulegi.jpg","width":786,"height":467,"caption":"www.aranguren.es\/noticias"},{"@type":"BreadcrumbList","@id":"https:\/\/mikelatseuskaltegia.com\/comienza-excavacion-arqueologica-en-irulegi\/#breadcrumb","itemListElement":[{"@type":"ListItem","position":1,"name":"Portada","item":"https:\/\/mikelatseuskaltegia.com\/eu\/"},{"@type":"ListItem","position":2,"name":"Comienza la excavaci\u00f3n arqueol\u00f3gica en el poblado de la Edad de Hierro de Irulegi"}]},{"@type":"WebSite","@id":"https:\/\/mikelatseuskaltegia.com\/#website","url":"https:\/\/mikelatseuskaltegia.com\/","name":"Mikelats Euskaltegia","description":"Mikelats euskaltegia es especialista en euskaltegi Bilbao","publisher":{"@id":"https:\/\/mikelatseuskaltegia.com\/#organization"},"potentialAction":[{"@type":"SearchAction","target":{"@type":"EntryPoint","urlTemplate":"https:\/\/mikelatseuskaltegia.com\/?s={search_term_string}"},"query-input":{"@type":"PropertyValueSpecification","valueRequired":true,"valueName":"search_term_string"}}],"inLanguage":"eu"},{"@type":"Organization","@id":"https:\/\/mikelatseuskaltegia.com\/#organization","name":"Mikelats Euskaltegia","url":"https:\/\/mikelatseuskaltegia.com\/","logo":{"@type":"ImageObject","inLanguage":"eu","@id":"https:\/\/mikelatseuskaltegia.com\/#\/schema\/logo\/image\/","url":"http:\/\/nueva.mikelatseuskaltegia.com\/wp-content\/uploads\/2019\/12\/logotipo-mikelatz.png","contentUrl":"http:\/\/nueva.mikelatseuskaltegia.com\/wp-content\/uploads\/2019\/12\/logotipo-mikelatz.png","width":109,"height":77,"caption":"Mikelats Euskaltegia"},"image":{"@id":"https:\/\/mikelatseuskaltegia.com\/#\/schema\/logo\/image\/"}},{"@type":"Person","@id":"https:\/\/mikelatseuskaltegia.com\/#\/schema\/person\/d3639b04a236985dcc30249b35c9b58a","name":"Mikelats","image":{"@type":"ImageObject","inLanguage":"eu","@id":"https:\/\/secure.gravatar.com\/avatar\/a69f15aa44e14b786c6ac7076be348a7cf06fefc04c351edeec42417c6990ae7?s=96&d=mm&r=g","url":"https:\/\/secure.gravatar.com\/avatar\/a69f15aa44e14b786c6ac7076be348a7cf06fefc04c351edeec42417c6990ae7?s=96&d=mm&r=g","contentUrl":"https:\/\/secure.gravatar.com\/avatar\/a69f15aa44e14b786c6ac7076be348a7cf06fefc04c351edeec42417c6990ae7?s=96&d=mm&r=g","caption":"Mikelats"}}]}},"_links":{"self":[{"href":"https:\/\/mikelatseuskaltegia.com\/eu\/wp-json\/wp\/v2\/posts\/3213","targetHints":{"allow":["GET"]}}],"collection":[{"href":"https:\/\/mikelatseuskaltegia.com\/eu\/wp-json\/wp\/v2\/posts"}],"about":[{"href":"https:\/\/mikelatseuskaltegia.com\/eu\/wp-json\/wp\/v2\/types\/post"}],"author":[{"embeddable":true,"href":"https:\/\/mikelatseuskaltegia.com\/eu\/wp-json\/wp\/v2\/users\/3"}],"replies":[{"embeddable":true,"href":"https:\/\/mikelatseuskaltegia.com\/eu\/wp-json\/wp\/v2\/comments?post=3213"}],"version-history":[{"count":7,"href":"https:\/\/mikelatseuskaltegia.com\/eu\/wp-json\/wp\/v2\/posts\/3213\/revisions"}],"predecessor-version":[{"id":3221,"href":"https:\/\/mikelatseuskaltegia.com\/eu\/wp-json\/wp\/v2\/posts\/3213\/revisions\/3221"}],"wp:featuredmedia":[{"embeddable":true,"href":"https:\/\/mikelatseuskaltegia.com\/eu\/wp-json\/wp\/v2\/media\/3215"}],"wp:attachment":[{"href":"https:\/\/mikelatseuskaltegia.com\/eu\/wp-json\/wp\/v2\/media?parent=3213"}],"wp:term":[{"taxonomy":"category","embeddable":true,"href":"https:\/\/mikelatseuskaltegia.com\/eu\/wp-json\/wp\/v2\/categories?post=3213"},{"taxonomy":"post_tag","embeddable":true,"href":"https:\/\/mikelatseuskaltegia.com\/eu\/wp-json\/wp\/v2\/tags?post=3213"}],"curies":[{"name":"wp","href":"https:\/\/api.w.org\/{rel}","templated":true}]}}