{"id":3231,"date":"2023-07-17T14:05:23","date_gmt":"2023-07-17T12:05:23","guid":{"rendered":"http:\/\/nueva.mikelatseuskaltegia.com\/?p=3231"},"modified":"2023-07-18T09:55:09","modified_gmt":"2023-07-18T07:55:09","slug":"alcaldes-vascos-defienden-el-euskera-en-sus-ayuntamientos","status":"publish","type":"post","link":"https:\/\/mikelatseuskaltegia.com\/eu\/alcaldes-vascos-defienden-el-euskera-en-sus-ayuntamientos\/","title":{"rendered":"Alcaldes vascos defienden el euskera en sus Ayuntamientos"},"content":{"rendered":"<h3><em>PNV y EH Bildu protestan por la sentencia del Constitucional que anula la ley vasca que promueve su uso \u201cpreferente\u201d<\/em><\/h3>\n<p>La sentencia del Tribunal Constitucional (TC) anulando los art\u00edculos de la ley municipal vasca, que permit\u00edan el uso preferente del euskera en los ayuntamientos. Ha generado fuertes reacciones entre los alcaldes nacionalistas de la regi\u00f3n. Un total de 77 alcaldes del PNV y EH Bildu, de un total de 251 municipios en el Pa\u00eds Vasco, han alzado sus bastones de mando en protesta contra esta decisi\u00f3n judicial, la cual consideran como parte de una &#8220;<em>ofensiva m\u00e1s amplia que busca socavar las lenguas minoritarias<\/em>&#8220;.<\/p>\n<p>En la movilizaci\u00f3n, el 13 de julio, se encontraban Juan Mari Aburto, alcalde de Bilbao y Eneko Goia, alcalde de San Sebasti\u00e1n, mientras la alcaldesa socialista de Vitoria, Maider Etxebarria, no particip\u00f3 en el evento \u201cpor no tener conocimiento de la convocatoria\u201d, <a href=\"https:\/\/elpais.com\/espana\/2023-07-15\/alcaldes-vascos-se-rebelan-contra-la-justicia-en-defensa-del-euskera-en-sus-ayuntamientos.html\">declaraba<\/a> el pasado viernes.<\/p>\n<p>La protesta de los alcaldes surge como consecuencia de la decisi\u00f3n judicial de anular el art\u00edculo 6.2 de la ley de Instituciones Locales de Euskadi, tambi\u00e9n conocida como la ley municipal vasca. Dicho art\u00edculo permit\u00eda a los ayuntamientos operar internamente y en relaci\u00f3n con otras instituciones p\u00fablicas exclusivamente en euskera. Esta pol\u00e9mica disposici\u00f3n establec\u00eda que <em>&#8220;las convocatorias, \u00f3rdenes del d\u00eda, mociones, votos particulares, propuestas de acuerdo, dict\u00e1menes de las comisiones informativas, acuerdos y actas de los \u00f3rganos de las entidades locales podr\u00e1n ser redactados en euskera [&#8230;] siempre que no se lesionen los derechos de ning\u00fan miembro de la entidad local que pueda alegar v\u00e1lidamente el desconocimiento de esta lengua&#8221;<\/em>. Seg\u00fan la normativa, un concejal o trabajador del ayuntamiento deb\u00eda declarar expl\u00edcitamente que no sab\u00eda euskera para que los documentos se le tradujeran al castellano. Sin embargo, el Tribunal Constitucional considera que esto supone un &#8220;uso preferente&#8221; del euskera que infringe varios art\u00edculos de la Constituci\u00f3n y va en contra de la doctrina constitucional.<\/p>\n<h5><strong>Origen del conflicto <\/strong><\/h5>\n<p>El pronunciamiento del Tribunal Constitucional surge a ra\u00edz de un conflicto planteado por el Tribunal Superior de Justicia del Pa\u00eds Vasco en septiembre de 2021. Dicho tribunal ya hab\u00eda expresado dudas sobre la legalidad del contenido de la ley vasca, argumentando que otorgaba una primac\u00eda al euskera que limitaba la libertad de elecci\u00f3n de los hablantes de los dos idiomas oficiales en el Pa\u00eds Vasco y coartaba el equilibrio entre ambas lenguas. El Tribunal Constitucional ha coincidido con esta postura y considera que el euskera recibe un &#8220;trato preferente&#8221; que perjudica los derechos ling\u00fc\u00edsticos de aquellos que no conocen la lengua vasca.<\/p>\n<p>Los alcaldes nacionalistas interpretan la decisi\u00f3n del Tribunal Constitucional como un &#8220;obst\u00e1culo&#8221; para la normalizaci\u00f3n del euskera. En una declaraci\u00f3n le\u00edda frente a la sede del Tribunal Superior de Justicia vasco, argumentaron que la sentencia del 6 de julio &#8220;desprecia tanto al euskera como a las personas vascoparlantes y obstaculiza el desarrollo de pol\u00edticas ling\u00fc\u00edsticas capaces de hacer frente a los grandes desaf\u00edos de futuro en el camino de la normalizaci\u00f3n y la revitalizaci\u00f3n del euskera&#8221;. Los alcaldes firmantes afirman que el fallo de los jueces va en contra de la revitalizaci\u00f3n de la lengua vasca y es contrario al deseo de la mayor\u00eda de la sociedad, ya que la ley municipal impugnada ahora por el Tribunal Constitucional fue aprobada con un &#8220;amplio consenso social&#8221; en el Parlamento aut\u00f3nomo. Adem\u00e1s, destacan que cuestiona la capacidad de decisi\u00f3n de la ciudadan\u00eda y de los ayuntamientos.<\/p>\n<h5>Seguir con la lucha<\/h5>\n<p>El Gobierno Vasco ha anunciado su intenci\u00f3n de recurrir esta sentencia y continuar luchando por los derechos ling\u00fc\u00edsticos de los vascos. Los alcaldes est\u00e1n decididos a defender y promover el uso del euskera en sus Ayuntamientos y su protesta nos recuerda la importancia de preservar la lengua ancestral que es una parte vital de nuestra identidad. Aprender euskera no solo permite la comunicaci\u00f3n en la lengua de los antepasados, sino que tambi\u00e9n abre las puertas a una comprensi\u00f3n m\u00e1s profunda de la historia y la conexi\u00f3n con la tierra.<\/p>\n<p>Si estas interesado en sumergirte en esta rica lengua y cultura, inscr\u00edbete para el <a href=\"http:\/\/nueva.mikelatseuskaltegia.com\/cursos-anuales\/\">pr\u00f3ximo curso<\/a> de Mikelats Euskaltegia. Solicita informaci\u00f3n llamando al 94 415 32 95 o escribiendo a <a href=\"mailto:mikelats@izar.net\">mikelats@izar.net<\/a>.<\/p>\n<p>Fuentes: El Pa\u00eds, Onda Vasca<\/p>\n","protected":false},"excerpt":{"rendered":"<p>PNV y EH Bildu protestan por la sentencia del Constitucional que anula la ley vasca que promueve su uso \u201cpreferente\u201d [&hellip;]<\/p>\n","protected":false},"author":3,"featured_media":3233,"comment_status":"open","ping_status":"open","sticky":false,"template":"","format":"standard","meta":{"_vp_format_video_url":"","_vp_image_focal_point":[],"footnotes":""},"categories":[27,67,1],"tags":[],"class_list":["post-3231","post","type-post","status-publish","format-standard","has-post-thumbnail","hentry","category-euskera","category-noticias","category-sin-categorizar"],"yoast_head":"<!-- This site is optimized with the Yoast SEO plugin v27.4 - https:\/\/yoast.com\/product\/yoast-seo-wordpress\/ -->\n<title>Alcaldes vascos defienden el euskera en sus Ayuntamientos<\/title>\n<meta name=\"description\" content=\"La sentencia del TC anulando los art\u00edculos de la ley municipal vasca, ha generado fuertes reacciones entre los alcaldes nacionalistas.\" \/>\n<meta name=\"robots\" content=\"index, follow, max-snippet:-1, max-image-preview:large, max-video-preview:-1\" \/>\n<link rel=\"canonical\" href=\"https:\/\/mikelatseuskaltegia.com\/eu\/alcaldes-vascos-defienden-el-euskera-en-sus-ayuntamientos\/\" \/>\n<meta property=\"og:locale\" content=\"en_US\" \/>\n<meta property=\"og:locale:alternate\" content=\"es_ES\" \/>\n<meta property=\"og:type\" content=\"article\" \/>\n<meta property=\"og:title\" content=\"Alcaldes vascos defienden el euskera en sus Ayuntamientos\" \/>\n<meta property=\"og:description\" content=\"La sentencia del TC anulando los art\u00edculos de la ley municipal vasca, ha generado fuertes reacciones entre los alcaldes nacionalistas.\" \/>\n<meta property=\"og:url\" content=\"https:\/\/mikelatseuskaltegia.com\/eu\/alcaldes-vascos-defienden-el-euskera-en-sus-ayuntamientos\/\" \/>\n<meta property=\"og:site_name\" content=\"Mikelats Euskaltegia\" \/>\n<meta property=\"article:published_time\" content=\"2023-07-17T12:05:23+00:00\" \/>\n<meta property=\"article:modified_time\" content=\"2023-07-18T07:55:09+00:00\" \/>\n<meta property=\"og:image\" content=\"https:\/\/mikelatseuskaltegia.com\/wp-content\/uploads\/2023\/07\/alcaldes-vascos.jpg\" \/>\n\t<meta property=\"og:image:width\" content=\"786\" \/>\n\t<meta property=\"og:image:height\" content=\"467\" \/>\n\t<meta property=\"og:image:type\" content=\"image\/jpeg\" \/>\n<meta name=\"author\" content=\"Mikelats\" \/>\n<meta name=\"twitter:card\" content=\"summary_large_image\" \/>\n<meta name=\"twitter:label1\" content=\"Written by\" \/>\n\t<meta name=\"twitter:data1\" content=\"Mikelats\" \/>\n\t<meta name=\"twitter:label2\" content=\"Est. reading time\" \/>\n\t<meta name=\"twitter:data2\" content=\"4 minutua\" \/>\n<script type=\"application\/ld+json\" class=\"yoast-schema-graph\">{\"@context\":\"https:\\\/\\\/schema.org\",\"@graph\":[{\"@type\":\"Article\",\"@id\":\"https:\\\/\\\/mikelatseuskaltegia.com\\\/alcaldes-vascos-defienden-el-euskera-en-sus-ayuntamientos\\\/#article\",\"isPartOf\":{\"@id\":\"https:\\\/\\\/mikelatseuskaltegia.com\\\/alcaldes-vascos-defienden-el-euskera-en-sus-ayuntamientos\\\/\"},\"author\":{\"name\":\"Mikelats\",\"@id\":\"https:\\\/\\\/mikelatseuskaltegia.com\\\/#\\\/schema\\\/person\\\/d3639b04a236985dcc30249b35c9b58a\"},\"headline\":\"Alcaldes vascos defienden el euskera en sus Ayuntamientos\",\"datePublished\":\"2023-07-17T12:05:23+00:00\",\"dateModified\":\"2023-07-18T07:55:09+00:00\",\"mainEntityOfPage\":{\"@id\":\"https:\\\/\\\/mikelatseuskaltegia.com\\\/alcaldes-vascos-defienden-el-euskera-en-sus-ayuntamientos\\\/\"},\"wordCount\":756,\"commentCount\":0,\"publisher\":{\"@id\":\"https:\\\/\\\/mikelatseuskaltegia.com\\\/#organization\"},\"image\":{\"@id\":\"https:\\\/\\\/mikelatseuskaltegia.com\\\/alcaldes-vascos-defienden-el-euskera-en-sus-ayuntamientos\\\/#primaryimage\"},\"thumbnailUrl\":\"https:\\\/\\\/mikelatseuskaltegia.com\\\/wp-content\\\/uploads\\\/2023\\\/07\\\/alcaldes-vascos.jpg\",\"articleSection\":[\"Euskera\",\"Albisteak\",\"Sin categorizar\"],\"inLanguage\":\"eu\"},{\"@type\":\"WebPage\",\"@id\":\"https:\\\/\\\/mikelatseuskaltegia.com\\\/alcaldes-vascos-defienden-el-euskera-en-sus-ayuntamientos\\\/\",\"url\":\"https:\\\/\\\/mikelatseuskaltegia.com\\\/alcaldes-vascos-defienden-el-euskera-en-sus-ayuntamientos\\\/\",\"name\":\"Alcaldes vascos defienden el euskera en sus Ayuntamientos\",\"isPartOf\":{\"@id\":\"https:\\\/\\\/mikelatseuskaltegia.com\\\/#website\"},\"primaryImageOfPage\":{\"@id\":\"https:\\\/\\\/mikelatseuskaltegia.com\\\/alcaldes-vascos-defienden-el-euskera-en-sus-ayuntamientos\\\/#primaryimage\"},\"image\":{\"@id\":\"https:\\\/\\\/mikelatseuskaltegia.com\\\/alcaldes-vascos-defienden-el-euskera-en-sus-ayuntamientos\\\/#primaryimage\"},\"thumbnailUrl\":\"https:\\\/\\\/mikelatseuskaltegia.com\\\/wp-content\\\/uploads\\\/2023\\\/07\\\/alcaldes-vascos.jpg\",\"datePublished\":\"2023-07-17T12:05:23+00:00\",\"dateModified\":\"2023-07-18T07:55:09+00:00\",\"description\":\"La sentencia del TC anulando los art\u00edculos de la ley municipal vasca, ha generado fuertes reacciones entre los alcaldes nacionalistas.\",\"breadcrumb\":{\"@id\":\"https:\\\/\\\/mikelatseuskaltegia.com\\\/alcaldes-vascos-defienden-el-euskera-en-sus-ayuntamientos\\\/#breadcrumb\"},\"inLanguage\":\"eu\",\"potentialAction\":[{\"@type\":\"ReadAction\",\"target\":[\"https:\\\/\\\/mikelatseuskaltegia.com\\\/alcaldes-vascos-defienden-el-euskera-en-sus-ayuntamientos\\\/\"]}]},{\"@type\":\"ImageObject\",\"inLanguage\":\"eu\",\"@id\":\"https:\\\/\\\/mikelatseuskaltegia.com\\\/alcaldes-vascos-defienden-el-euskera-en-sus-ayuntamientos\\\/#primaryimage\",\"url\":\"https:\\\/\\\/mikelatseuskaltegia.com\\\/wp-content\\\/uploads\\\/2023\\\/07\\\/alcaldes-vascos.jpg\",\"contentUrl\":\"https:\\\/\\\/mikelatseuskaltegia.com\\\/wp-content\\\/uploads\\\/2023\\\/07\\\/alcaldes-vascos.jpg\",\"width\":786,\"height\":467},{\"@type\":\"BreadcrumbList\",\"@id\":\"https:\\\/\\\/mikelatseuskaltegia.com\\\/alcaldes-vascos-defienden-el-euskera-en-sus-ayuntamientos\\\/#breadcrumb\",\"itemListElement\":[{\"@type\":\"ListItem\",\"position\":1,\"name\":\"Portada\",\"item\":\"https:\\\/\\\/mikelatseuskaltegia.com\\\/eu\\\/\"},{\"@type\":\"ListItem\",\"position\":2,\"name\":\"Alcaldes vascos defienden el euskera en sus Ayuntamientos\"}]},{\"@type\":\"WebSite\",\"@id\":\"https:\\\/\\\/mikelatseuskaltegia.com\\\/#website\",\"url\":\"https:\\\/\\\/mikelatseuskaltegia.com\\\/\",\"name\":\"Mikelats Euskaltegia\",\"description\":\"Mikelats euskaltegia es especialista en euskaltegi Bilbao\",\"publisher\":{\"@id\":\"https:\\\/\\\/mikelatseuskaltegia.com\\\/#organization\"},\"potentialAction\":[{\"@type\":\"SearchAction\",\"target\":{\"@type\":\"EntryPoint\",\"urlTemplate\":\"https:\\\/\\\/mikelatseuskaltegia.com\\\/?s={search_term_string}\"},\"query-input\":{\"@type\":\"PropertyValueSpecification\",\"valueRequired\":true,\"valueName\":\"search_term_string\"}}],\"inLanguage\":\"eu\"},{\"@type\":\"Organization\",\"@id\":\"https:\\\/\\\/mikelatseuskaltegia.com\\\/#organization\",\"name\":\"Mikelats Euskaltegia\",\"url\":\"https:\\\/\\\/mikelatseuskaltegia.com\\\/\",\"logo\":{\"@type\":\"ImageObject\",\"inLanguage\":\"eu\",\"@id\":\"https:\\\/\\\/mikelatseuskaltegia.com\\\/#\\\/schema\\\/logo\\\/image\\\/\",\"url\":\"http:\\\/\\\/nueva.mikelatseuskaltegia.com\\\/wp-content\\\/uploads\\\/2019\\\/12\\\/logotipo-mikelatz.png\",\"contentUrl\":\"http:\\\/\\\/nueva.mikelatseuskaltegia.com\\\/wp-content\\\/uploads\\\/2019\\\/12\\\/logotipo-mikelatz.png\",\"width\":109,\"height\":77,\"caption\":\"Mikelats Euskaltegia\"},\"image\":{\"@id\":\"https:\\\/\\\/mikelatseuskaltegia.com\\\/#\\\/schema\\\/logo\\\/image\\\/\"}},{\"@type\":\"Person\",\"@id\":\"https:\\\/\\\/mikelatseuskaltegia.com\\\/#\\\/schema\\\/person\\\/d3639b04a236985dcc30249b35c9b58a\",\"name\":\"Mikelats\",\"image\":{\"@type\":\"ImageObject\",\"inLanguage\":\"eu\",\"@id\":\"https:\\\/\\\/secure.gravatar.com\\\/avatar\\\/a69f15aa44e14b786c6ac7076be348a7cf06fefc04c351edeec42417c6990ae7?s=96&d=mm&r=g\",\"url\":\"https:\\\/\\\/secure.gravatar.com\\\/avatar\\\/a69f15aa44e14b786c6ac7076be348a7cf06fefc04c351edeec42417c6990ae7?s=96&d=mm&r=g\",\"contentUrl\":\"https:\\\/\\\/secure.gravatar.com\\\/avatar\\\/a69f15aa44e14b786c6ac7076be348a7cf06fefc04c351edeec42417c6990ae7?s=96&d=mm&r=g\",\"caption\":\"Mikelats\"}}]}<\/script>\n<!-- \/ Yoast SEO plugin. -->","yoast_head_json":{"title":"Alcaldes vascos defienden el euskera en sus Ayuntamientos","description":"La sentencia del TC anulando los art\u00edculos de la ley municipal vasca, ha generado fuertes reacciones entre los alcaldes nacionalistas.","robots":{"index":"index","follow":"follow","max-snippet":"max-snippet:-1","max-image-preview":"max-image-preview:large","max-video-preview":"max-video-preview:-1"},"canonical":"https:\/\/mikelatseuskaltegia.com\/eu\/alcaldes-vascos-defienden-el-euskera-en-sus-ayuntamientos\/","og_locale":"en_US","og_type":"article","og_title":"[:es]Alcaldes vascos defienden el euskera en sus Ayuntamientos[:] - Mikelats Euskaltegia","og_description":"La sentencia del TC anulando los art\u00edculos de la ley municipal vasca, ha generado fuertes reacciones entre los alcaldes nacionalistas.","og_url":"https:\/\/mikelatseuskaltegia.com\/eu\/alcaldes-vascos-defienden-el-euskera-en-sus-ayuntamientos\/","og_site_name":"Mikelats Euskaltegia","article_published_time":"2023-07-17T12:05:23+00:00","article_modified_time":"2023-07-18T07:55:09+00:00","og_image":[{"width":786,"height":467,"url":"https:\/\/mikelatseuskaltegia.com\/wp-content\/uploads\/2023\/07\/alcaldes-vascos.jpg","type":"image\/jpeg"}],"author":"Mikelats","twitter_card":"summary_large_image","twitter_misc":{"Written by":"Mikelats","Est. reading time":"4 minutua"},"schema":{"@context":"https:\/\/schema.org","@graph":[{"@type":"Article","@id":"https:\/\/mikelatseuskaltegia.com\/alcaldes-vascos-defienden-el-euskera-en-sus-ayuntamientos\/#article","isPartOf":{"@id":"https:\/\/mikelatseuskaltegia.com\/alcaldes-vascos-defienden-el-euskera-en-sus-ayuntamientos\/"},"author":{"name":"Mikelats","@id":"https:\/\/mikelatseuskaltegia.com\/#\/schema\/person\/d3639b04a236985dcc30249b35c9b58a"},"headline":"Alcaldes vascos defienden el euskera en sus Ayuntamientos","datePublished":"2023-07-17T12:05:23+00:00","dateModified":"2023-07-18T07:55:09+00:00","mainEntityOfPage":{"@id":"https:\/\/mikelatseuskaltegia.com\/alcaldes-vascos-defienden-el-euskera-en-sus-ayuntamientos\/"},"wordCount":756,"commentCount":0,"publisher":{"@id":"https:\/\/mikelatseuskaltegia.com\/#organization"},"image":{"@id":"https:\/\/mikelatseuskaltegia.com\/alcaldes-vascos-defienden-el-euskera-en-sus-ayuntamientos\/#primaryimage"},"thumbnailUrl":"https:\/\/mikelatseuskaltegia.com\/wp-content\/uploads\/2023\/07\/alcaldes-vascos.jpg","articleSection":["Euskera","Albisteak","Sin categorizar"],"inLanguage":"eu"},{"@type":"WebPage","@id":"https:\/\/mikelatseuskaltegia.com\/alcaldes-vascos-defienden-el-euskera-en-sus-ayuntamientos\/","url":"https:\/\/mikelatseuskaltegia.com\/alcaldes-vascos-defienden-el-euskera-en-sus-ayuntamientos\/","name":"Alcaldes vascos defienden el euskera en sus Ayuntamientos","isPartOf":{"@id":"https:\/\/mikelatseuskaltegia.com\/#website"},"primaryImageOfPage":{"@id":"https:\/\/mikelatseuskaltegia.com\/alcaldes-vascos-defienden-el-euskera-en-sus-ayuntamientos\/#primaryimage"},"image":{"@id":"https:\/\/mikelatseuskaltegia.com\/alcaldes-vascos-defienden-el-euskera-en-sus-ayuntamientos\/#primaryimage"},"thumbnailUrl":"https:\/\/mikelatseuskaltegia.com\/wp-content\/uploads\/2023\/07\/alcaldes-vascos.jpg","datePublished":"2023-07-17T12:05:23+00:00","dateModified":"2023-07-18T07:55:09+00:00","description":"La sentencia del TC anulando los art\u00edculos de la ley municipal vasca, ha generado fuertes reacciones entre los alcaldes nacionalistas.","breadcrumb":{"@id":"https:\/\/mikelatseuskaltegia.com\/alcaldes-vascos-defienden-el-euskera-en-sus-ayuntamientos\/#breadcrumb"},"inLanguage":"eu","potentialAction":[{"@type":"ReadAction","target":["https:\/\/mikelatseuskaltegia.com\/alcaldes-vascos-defienden-el-euskera-en-sus-ayuntamientos\/"]}]},{"@type":"ImageObject","inLanguage":"eu","@id":"https:\/\/mikelatseuskaltegia.com\/alcaldes-vascos-defienden-el-euskera-en-sus-ayuntamientos\/#primaryimage","url":"https:\/\/mikelatseuskaltegia.com\/wp-content\/uploads\/2023\/07\/alcaldes-vascos.jpg","contentUrl":"https:\/\/mikelatseuskaltegia.com\/wp-content\/uploads\/2023\/07\/alcaldes-vascos.jpg","width":786,"height":467},{"@type":"BreadcrumbList","@id":"https:\/\/mikelatseuskaltegia.com\/alcaldes-vascos-defienden-el-euskera-en-sus-ayuntamientos\/#breadcrumb","itemListElement":[{"@type":"ListItem","position":1,"name":"Portada","item":"https:\/\/mikelatseuskaltegia.com\/eu\/"},{"@type":"ListItem","position":2,"name":"Alcaldes vascos defienden el euskera en sus Ayuntamientos"}]},{"@type":"WebSite","@id":"https:\/\/mikelatseuskaltegia.com\/#website","url":"https:\/\/mikelatseuskaltegia.com\/","name":"Mikelats Euskaltegia","description":"Mikelats euskaltegia es especialista en euskaltegi Bilbao","publisher":{"@id":"https:\/\/mikelatseuskaltegia.com\/#organization"},"potentialAction":[{"@type":"SearchAction","target":{"@type":"EntryPoint","urlTemplate":"https:\/\/mikelatseuskaltegia.com\/?s={search_term_string}"},"query-input":{"@type":"PropertyValueSpecification","valueRequired":true,"valueName":"search_term_string"}}],"inLanguage":"eu"},{"@type":"Organization","@id":"https:\/\/mikelatseuskaltegia.com\/#organization","name":"Mikelats Euskaltegia","url":"https:\/\/mikelatseuskaltegia.com\/","logo":{"@type":"ImageObject","inLanguage":"eu","@id":"https:\/\/mikelatseuskaltegia.com\/#\/schema\/logo\/image\/","url":"http:\/\/nueva.mikelatseuskaltegia.com\/wp-content\/uploads\/2019\/12\/logotipo-mikelatz.png","contentUrl":"http:\/\/nueva.mikelatseuskaltegia.com\/wp-content\/uploads\/2019\/12\/logotipo-mikelatz.png","width":109,"height":77,"caption":"Mikelats Euskaltegia"},"image":{"@id":"https:\/\/mikelatseuskaltegia.com\/#\/schema\/logo\/image\/"}},{"@type":"Person","@id":"https:\/\/mikelatseuskaltegia.com\/#\/schema\/person\/d3639b04a236985dcc30249b35c9b58a","name":"Mikelats","image":{"@type":"ImageObject","inLanguage":"eu","@id":"https:\/\/secure.gravatar.com\/avatar\/a69f15aa44e14b786c6ac7076be348a7cf06fefc04c351edeec42417c6990ae7?s=96&d=mm&r=g","url":"https:\/\/secure.gravatar.com\/avatar\/a69f15aa44e14b786c6ac7076be348a7cf06fefc04c351edeec42417c6990ae7?s=96&d=mm&r=g","contentUrl":"https:\/\/secure.gravatar.com\/avatar\/a69f15aa44e14b786c6ac7076be348a7cf06fefc04c351edeec42417c6990ae7?s=96&d=mm&r=g","caption":"Mikelats"}}]}},"_links":{"self":[{"href":"https:\/\/mikelatseuskaltegia.com\/eu\/wp-json\/wp\/v2\/posts\/3231","targetHints":{"allow":["GET"]}}],"collection":[{"href":"https:\/\/mikelatseuskaltegia.com\/eu\/wp-json\/wp\/v2\/posts"}],"about":[{"href":"https:\/\/mikelatseuskaltegia.com\/eu\/wp-json\/wp\/v2\/types\/post"}],"author":[{"embeddable":true,"href":"https:\/\/mikelatseuskaltegia.com\/eu\/wp-json\/wp\/v2\/users\/3"}],"replies":[{"embeddable":true,"href":"https:\/\/mikelatseuskaltegia.com\/eu\/wp-json\/wp\/v2\/comments?post=3231"}],"version-history":[{"count":4,"href":"https:\/\/mikelatseuskaltegia.com\/eu\/wp-json\/wp\/v2\/posts\/3231\/revisions"}],"predecessor-version":[{"id":3236,"href":"https:\/\/mikelatseuskaltegia.com\/eu\/wp-json\/wp\/v2\/posts\/3231\/revisions\/3236"}],"wp:featuredmedia":[{"embeddable":true,"href":"https:\/\/mikelatseuskaltegia.com\/eu\/wp-json\/wp\/v2\/media\/3233"}],"wp:attachment":[{"href":"https:\/\/mikelatseuskaltegia.com\/eu\/wp-json\/wp\/v2\/media?parent=3231"}],"wp:term":[{"taxonomy":"category","embeddable":true,"href":"https:\/\/mikelatseuskaltegia.com\/eu\/wp-json\/wp\/v2\/categories?post=3231"},{"taxonomy":"post_tag","embeddable":true,"href":"https:\/\/mikelatseuskaltegia.com\/eu\/wp-json\/wp\/v2\/tags?post=3231"}],"curies":[{"name":"wp","href":"https:\/\/api.w.org\/{rel}","templated":true}]}}