{"id":3248,"date":"2023-08-07T13:04:30","date_gmt":"2023-08-07T11:04:30","guid":{"rendered":"http:\/\/nueva.mikelatseuskaltegia.com\/?p=3248"},"modified":"2023-08-07T13:05:50","modified_gmt":"2023-08-07T11:05:50","slug":"aprender-euskera-en-las-fiestas-populares-de-verano","status":"publish","type":"post","link":"https:\/\/mikelatseuskaltegia.com\/eu\/aprender-euskera-en-las-fiestas-populares-de-verano\/","title":{"rendered":"Aprender euskera en las fiestas populares de verano"},"content":{"rendered":"<h3><em>La Aste Nagusia y las Euskal Jaiak, son ocasiones perfectas para practicarlo en un ambiente distendido fuera del marco acad\u00e9mico<\/em><\/h3>\n<p>El verano en el Pa\u00eds Vasco es sin\u00f3nimo de fiestas llenas de alegr\u00eda, m\u00fasica, danzas y, por supuesto, el euskera, el idioma que forma parte intr\u00ednseca de nuestra cultura local. Si buscas seguir cultivando tu amor por esta lengua, estas fechas son una oportunidad \u00fanica para sumergirte en la cultura y practicarlo en un ambiente festivo y acogedor.<\/p>\n<p>En este art\u00edculo, te invitamos a descubrir algunas de las festividades m\u00e1s destacadas de la temporada estival y c\u00f3mo puedes participar en ellas para vivir una experiencia aut\u00e9ntica.<\/p>\n<h5><strong>Cultura Vasca <\/strong><\/h5>\n<p>Al igual que en ediciones anteriores durante la Aste Nagusia, que este a\u00f1o se celebrar\u00e1 del 19 al 27 de agosto, la ciudad se transforma en el epicentro del euskal folklore con m\u00e1s de 100 actividades y eventos tradicionales. El emblem\u00e1tico <strong>Casco Viejo<\/strong> ser\u00e1 el coraz\u00f3n de la acci\u00f3n, con los sonidos matutinos de los txistularis y gaiteros dando los buenos d\u00edas cada ma\u00f1ana, seguidos por las kalejiras de gigantes y cabezudos, culminando en una espectacular cita el \u00faltimo d\u00eda de las fiestas. Por las tardes, la <strong>Plaza Nueva<\/strong> se convertir\u00e1 en el epicentro de la m\u00fasica y las danzas vascas, con romer\u00edas y alardes que pondr\u00e1n a todos a bailar al son de la tradici\u00f3n.<\/p>\n<p>Los mediod\u00edas ser\u00e1n una fiesta para los amantes de la improvisaci\u00f3n po\u00e9tica, ya que los bertsolaris desplegar\u00e1n su talento en el <strong>Parque Do\u00f1a Casilda<\/strong>. Y si eso no es suficiente para saciar tu apetito cultural, podr\u00e1s disfrutar de variadas actuaciones musicales en ese mismo escenario, con bilbainadas, habaneras, pasodobles y m\u00fasica euskaldun.<\/p>\n<p>Esta es una oportunidad de oro para sumergirse en la riqueza cultural de Euskadi. Los talleres de danzas vascas, los conciertos de grupos locales que cantan en euskera y las actividades organizadas por asociaciones culturales vascas ser\u00e1n el escenario perfecto para empaparse de la esencia de esta tierra.<\/p>\n<p>En la <strong>Plaza Arriaga<\/strong> los asistentes podr\u00e1n deleitarse con la destreza y fuerza de los participantes en modalidades como harrijasotze, txingaerutea y aizkolaritza, demostrando la esencia pura del deporte vasco.<\/p>\n<h5><strong>Pon a prueba tu euskera<\/strong><\/h5>\n<p>Las fiestas no se restringen \u00fanicamente a Bilbao, ya que en los pueblos del Pa\u00eds Vasco tambi\u00e9n tienen lugar las Euskal Jaiak a lo largo de todo el verano. Aqu\u00ed tambi\u00e9n podr\u00e1s sumergirte en una variada oferta de eventos que capturan la riqueza cultural de la regi\u00f3n. Desde competencias de deportes rurales vascos hasta cautivadores conciertos de m\u00fasica en euskera. Adem\u00e1s, si lo deseas, tendr\u00e1s la oportunidad de participar en algunas de estas actividades.<\/p>\n<p>Los Herri Kirolak son la ocasi\u00f3n perfecta para reforzar y practicar activamente el euskera, ya que durante los mismos interact\u00faan participantes y espectadores. Ahora bien, si eres un amante de la poes\u00eda, los bertso saioak son eventos especiales que no puedes perderte. En ciertas ocasiones en las localidades m\u00e1s peque\u00f1as, brindan la posibilidad de que cualquier persona interesada demuestre sus habilidades. As\u00ed que, si deseas poner a prueba tu nivel de euskera y disfrutar de la cultura vasca en su m\u00e1xima expresi\u00f3n, <a href=\"https:\/\/bdb.bertsozale.eus\/es\/web\/agenda\">aqu\u00ed te dejamos una agenda<\/a> donde podr\u00e1s encontrar f\u00e1cilmente el pr\u00f3ximo bertso saioak que se encuentre cerca de ti.<\/p>\n<p>Las jaiak en el Pa\u00eds Vasco son una oportunidad \u00fanica para sumergirse en la cultura y la lengua vasca. Los estudiantes de euskera pueden vivir una experiencia inolvidable mientras practican el idioma y participan en actividades tradicionales.<\/p>\n<p>Pero si necesitas m\u00e1s, preparar una oposici\u00f3n y obtener una titulaci\u00f3n que oficialice tu perfil ling\u00fc\u00edstico inscr\u00edbete para el pr\u00f3ximo curso en Mikelats Euskaltegia.<a href=\"http:\/\/nueva.mikelatseuskaltegia.com\/kontaktua\/\"> Solicita informaci\u00f3n<\/a> llamando al 94 415 32 95 o escribiendo a <a href=\"mailto:mikelats@izar.net\">mikelats@izar.net<\/a>. Y, que siga la fiesta.<\/p>\n","protected":false},"excerpt":{"rendered":"<p>La Aste Nagusia y las Euskal Jaiak, son ocasiones perfectas para practicarlo en un ambiente distendido fuera del marco acad\u00e9mico [&hellip;]<\/p>\n","protected":false},"author":1,"featured_media":3253,"comment_status":"open","ping_status":"open","sticky":false,"template":"","format":"standard","meta":{"_vp_format_video_url":"","_vp_image_focal_point":[],"footnotes":""},"categories":[27,21],"tags":[],"class_list":["post-3248","post","type-post","status-publish","format-standard","has-post-thumbnail","hentry","category-euskera","category-mikelats"],"yoast_head":"<!-- This site is optimized with the Yoast SEO plugin v27.4 - https:\/\/yoast.com\/product\/yoast-seo-wordpress\/ -->\n<title>Aprender euskera en las fiestas populares de verano<\/title>\n<meta name=\"description\" content=\"Las fiestas populares de verano en el Pa\u00eds Vasco son la oportunidad perfecta para sumergirte en la cultura y practicar el euskera.\" \/>\n<meta name=\"robots\" content=\"index, follow, max-snippet:-1, max-image-preview:large, max-video-preview:-1\" \/>\n<link rel=\"canonical\" href=\"https:\/\/mikelatseuskaltegia.com\/eu\/aprender-euskera-en-las-fiestas-populares-de-verano\/\" \/>\n<meta property=\"og:locale\" content=\"en_US\" \/>\n<meta property=\"og:locale:alternate\" content=\"es_ES\" \/>\n<meta property=\"og:type\" content=\"article\" \/>\n<meta property=\"og:title\" content=\"Aprender euskera en las fiestas populares de verano\" \/>\n<meta property=\"og:description\" content=\"Las fiestas populares de verano en el Pa\u00eds Vasco son la oportunidad perfecta para sumergirte en la cultura y practicar el euskera.\" \/>\n<meta property=\"og:url\" content=\"https:\/\/mikelatseuskaltegia.com\/eu\/aprender-euskera-en-las-fiestas-populares-de-verano\/\" \/>\n<meta property=\"og:site_name\" content=\"Mikelats Euskaltegia\" \/>\n<meta property=\"article:published_time\" content=\"2023-08-07T11:04:30+00:00\" \/>\n<meta property=\"article:modified_time\" content=\"2023-08-07T11:05:50+00:00\" \/>\n<meta property=\"og:image\" content=\"https:\/\/mikelatseuskaltegia.com\/wp-content\/uploads\/2023\/08\/Aprende-euskera-fiestas.jpg\" \/>\n\t<meta property=\"og:image:width\" content=\"786\" \/>\n\t<meta property=\"og:image:height\" content=\"467\" \/>\n\t<meta property=\"og:image:type\" content=\"image\/jpeg\" \/>\n<meta name=\"author\" content=\"Imagine-Mikelats\" \/>\n<meta name=\"twitter:card\" content=\"summary_large_image\" \/>\n<meta name=\"twitter:label1\" content=\"Written by\" \/>\n\t<meta name=\"twitter:data1\" content=\"Imagine-Mikelats\" \/>\n\t<meta name=\"twitter:label2\" content=\"Est. reading time\" \/>\n\t<meta name=\"twitter:data2\" content=\"3 minutua\" \/>\n<script type=\"application\/ld+json\" class=\"yoast-schema-graph\">{\"@context\":\"https:\\\/\\\/schema.org\",\"@graph\":[{\"@type\":\"Article\",\"@id\":\"https:\\\/\\\/mikelatseuskaltegia.com\\\/aprender-euskera-en-las-fiestas-populares-de-verano\\\/#article\",\"isPartOf\":{\"@id\":\"https:\\\/\\\/mikelatseuskaltegia.com\\\/aprender-euskera-en-las-fiestas-populares-de-verano\\\/\"},\"author\":{\"name\":\"Imagine-Mikelats\",\"@id\":\"https:\\\/\\\/mikelatseuskaltegia.com\\\/#\\\/schema\\\/person\\\/1273fac7eeb78760153815c396487b26\"},\"headline\":\"Aprender euskera en las fiestas populares de verano\",\"datePublished\":\"2023-08-07T11:04:30+00:00\",\"dateModified\":\"2023-08-07T11:05:50+00:00\",\"mainEntityOfPage\":{\"@id\":\"https:\\\/\\\/mikelatseuskaltegia.com\\\/aprender-euskera-en-las-fiestas-populares-de-verano\\\/\"},\"wordCount\":675,\"commentCount\":0,\"publisher\":{\"@id\":\"https:\\\/\\\/mikelatseuskaltegia.com\\\/#organization\"},\"image\":{\"@id\":\"https:\\\/\\\/mikelatseuskaltegia.com\\\/aprender-euskera-en-las-fiestas-populares-de-verano\\\/#primaryimage\"},\"thumbnailUrl\":\"https:\\\/\\\/mikelatseuskaltegia.com\\\/wp-content\\\/uploads\\\/2023\\\/08\\\/Aprende-euskera-fiestas.jpg\",\"articleSection\":[\"Euskera\",\"Mikelats\"],\"inLanguage\":\"eu\"},{\"@type\":\"WebPage\",\"@id\":\"https:\\\/\\\/mikelatseuskaltegia.com\\\/aprender-euskera-en-las-fiestas-populares-de-verano\\\/\",\"url\":\"https:\\\/\\\/mikelatseuskaltegia.com\\\/aprender-euskera-en-las-fiestas-populares-de-verano\\\/\",\"name\":\"Aprender euskera en las fiestas populares de verano\",\"isPartOf\":{\"@id\":\"https:\\\/\\\/mikelatseuskaltegia.com\\\/#website\"},\"primaryImageOfPage\":{\"@id\":\"https:\\\/\\\/mikelatseuskaltegia.com\\\/aprender-euskera-en-las-fiestas-populares-de-verano\\\/#primaryimage\"},\"image\":{\"@id\":\"https:\\\/\\\/mikelatseuskaltegia.com\\\/aprender-euskera-en-las-fiestas-populares-de-verano\\\/#primaryimage\"},\"thumbnailUrl\":\"https:\\\/\\\/mikelatseuskaltegia.com\\\/wp-content\\\/uploads\\\/2023\\\/08\\\/Aprende-euskera-fiestas.jpg\",\"datePublished\":\"2023-08-07T11:04:30+00:00\",\"dateModified\":\"2023-08-07T11:05:50+00:00\",\"description\":\"Las fiestas populares de verano en el Pa\u00eds Vasco son la oportunidad perfecta para sumergirte en la cultura y practicar el euskera.\",\"breadcrumb\":{\"@id\":\"https:\\\/\\\/mikelatseuskaltegia.com\\\/aprender-euskera-en-las-fiestas-populares-de-verano\\\/#breadcrumb\"},\"inLanguage\":\"eu\",\"potentialAction\":[{\"@type\":\"ReadAction\",\"target\":[\"https:\\\/\\\/mikelatseuskaltegia.com\\\/aprender-euskera-en-las-fiestas-populares-de-verano\\\/\"]}]},{\"@type\":\"ImageObject\",\"inLanguage\":\"eu\",\"@id\":\"https:\\\/\\\/mikelatseuskaltegia.com\\\/aprender-euskera-en-las-fiestas-populares-de-verano\\\/#primaryimage\",\"url\":\"https:\\\/\\\/mikelatseuskaltegia.com\\\/wp-content\\\/uploads\\\/2023\\\/08\\\/Aprende-euskera-fiestas.jpg\",\"contentUrl\":\"https:\\\/\\\/mikelatseuskaltegia.com\\\/wp-content\\\/uploads\\\/2023\\\/08\\\/Aprende-euskera-fiestas.jpg\",\"width\":786,\"height\":467,\"caption\":\"Triangle festive decorations and lights\"},{\"@type\":\"BreadcrumbList\",\"@id\":\"https:\\\/\\\/mikelatseuskaltegia.com\\\/aprender-euskera-en-las-fiestas-populares-de-verano\\\/#breadcrumb\",\"itemListElement\":[{\"@type\":\"ListItem\",\"position\":1,\"name\":\"Portada\",\"item\":\"https:\\\/\\\/mikelatseuskaltegia.com\\\/eu\\\/\"},{\"@type\":\"ListItem\",\"position\":2,\"name\":\"Aprender euskera en las fiestas populares de verano\"}]},{\"@type\":\"WebSite\",\"@id\":\"https:\\\/\\\/mikelatseuskaltegia.com\\\/#website\",\"url\":\"https:\\\/\\\/mikelatseuskaltegia.com\\\/\",\"name\":\"Mikelats Euskaltegia\",\"description\":\"Mikelats euskaltegia es especialista en euskaltegi Bilbao\",\"publisher\":{\"@id\":\"https:\\\/\\\/mikelatseuskaltegia.com\\\/#organization\"},\"potentialAction\":[{\"@type\":\"SearchAction\",\"target\":{\"@type\":\"EntryPoint\",\"urlTemplate\":\"https:\\\/\\\/mikelatseuskaltegia.com\\\/?s={search_term_string}\"},\"query-input\":{\"@type\":\"PropertyValueSpecification\",\"valueRequired\":true,\"valueName\":\"search_term_string\"}}],\"inLanguage\":\"eu\"},{\"@type\":\"Organization\",\"@id\":\"https:\\\/\\\/mikelatseuskaltegia.com\\\/#organization\",\"name\":\"Mikelats Euskaltegia\",\"url\":\"https:\\\/\\\/mikelatseuskaltegia.com\\\/\",\"logo\":{\"@type\":\"ImageObject\",\"inLanguage\":\"eu\",\"@id\":\"https:\\\/\\\/mikelatseuskaltegia.com\\\/#\\\/schema\\\/logo\\\/image\\\/\",\"url\":\"http:\\\/\\\/nueva.mikelatseuskaltegia.com\\\/wp-content\\\/uploads\\\/2019\\\/12\\\/logotipo-mikelatz.png\",\"contentUrl\":\"http:\\\/\\\/nueva.mikelatseuskaltegia.com\\\/wp-content\\\/uploads\\\/2019\\\/12\\\/logotipo-mikelatz.png\",\"width\":109,\"height\":77,\"caption\":\"Mikelats Euskaltegia\"},\"image\":{\"@id\":\"https:\\\/\\\/mikelatseuskaltegia.com\\\/#\\\/schema\\\/logo\\\/image\\\/\"}},{\"@type\":\"Person\",\"@id\":\"https:\\\/\\\/mikelatseuskaltegia.com\\\/#\\\/schema\\\/person\\\/1273fac7eeb78760153815c396487b26\",\"name\":\"Imagine-Mikelats\",\"image\":{\"@type\":\"ImageObject\",\"inLanguage\":\"eu\",\"@id\":\"https:\\\/\\\/secure.gravatar.com\\\/avatar\\\/df7a99a00854e304faeadbdd060f9b5f299fa83019935482c10af5b762399989?s=96&d=mm&r=g\",\"url\":\"https:\\\/\\\/secure.gravatar.com\\\/avatar\\\/df7a99a00854e304faeadbdd060f9b5f299fa83019935482c10af5b762399989?s=96&d=mm&r=g\",\"contentUrl\":\"https:\\\/\\\/secure.gravatar.com\\\/avatar\\\/df7a99a00854e304faeadbdd060f9b5f299fa83019935482c10af5b762399989?s=96&d=mm&r=g\",\"caption\":\"Imagine-Mikelats\"}}]}<\/script>\n<!-- \/ Yoast SEO plugin. -->","yoast_head_json":{"title":"Aprender euskera en las fiestas populares de verano","description":"Las fiestas populares de verano en el Pa\u00eds Vasco son la oportunidad perfecta para sumergirte en la cultura y practicar el euskera.","robots":{"index":"index","follow":"follow","max-snippet":"max-snippet:-1","max-image-preview":"max-image-preview:large","max-video-preview":"max-video-preview:-1"},"canonical":"https:\/\/mikelatseuskaltegia.com\/eu\/aprender-euskera-en-las-fiestas-populares-de-verano\/","og_locale":"en_US","og_type":"article","og_title":"[:es]Aprender euskera en las fiestas populares de verano[:] - Mikelats Euskaltegia","og_description":"Las fiestas populares de verano en el Pa\u00eds Vasco son la oportunidad perfecta para sumergirte en la cultura y practicar el euskera.","og_url":"https:\/\/mikelatseuskaltegia.com\/eu\/aprender-euskera-en-las-fiestas-populares-de-verano\/","og_site_name":"Mikelats Euskaltegia","article_published_time":"2023-08-07T11:04:30+00:00","article_modified_time":"2023-08-07T11:05:50+00:00","og_image":[{"width":786,"height":467,"url":"https:\/\/mikelatseuskaltegia.com\/wp-content\/uploads\/2023\/08\/Aprende-euskera-fiestas.jpg","type":"image\/jpeg"}],"author":"Imagine-Mikelats","twitter_card":"summary_large_image","twitter_misc":{"Written by":"Imagine-Mikelats","Est. reading time":"3 minutua"},"schema":{"@context":"https:\/\/schema.org","@graph":[{"@type":"Article","@id":"https:\/\/mikelatseuskaltegia.com\/aprender-euskera-en-las-fiestas-populares-de-verano\/#article","isPartOf":{"@id":"https:\/\/mikelatseuskaltegia.com\/aprender-euskera-en-las-fiestas-populares-de-verano\/"},"author":{"name":"Imagine-Mikelats","@id":"https:\/\/mikelatseuskaltegia.com\/#\/schema\/person\/1273fac7eeb78760153815c396487b26"},"headline":"Aprender euskera en las fiestas populares de verano","datePublished":"2023-08-07T11:04:30+00:00","dateModified":"2023-08-07T11:05:50+00:00","mainEntityOfPage":{"@id":"https:\/\/mikelatseuskaltegia.com\/aprender-euskera-en-las-fiestas-populares-de-verano\/"},"wordCount":675,"commentCount":0,"publisher":{"@id":"https:\/\/mikelatseuskaltegia.com\/#organization"},"image":{"@id":"https:\/\/mikelatseuskaltegia.com\/aprender-euskera-en-las-fiestas-populares-de-verano\/#primaryimage"},"thumbnailUrl":"https:\/\/mikelatseuskaltegia.com\/wp-content\/uploads\/2023\/08\/Aprende-euskera-fiestas.jpg","articleSection":["Euskera","Mikelats"],"inLanguage":"eu"},{"@type":"WebPage","@id":"https:\/\/mikelatseuskaltegia.com\/aprender-euskera-en-las-fiestas-populares-de-verano\/","url":"https:\/\/mikelatseuskaltegia.com\/aprender-euskera-en-las-fiestas-populares-de-verano\/","name":"Aprender euskera en las fiestas populares de verano","isPartOf":{"@id":"https:\/\/mikelatseuskaltegia.com\/#website"},"primaryImageOfPage":{"@id":"https:\/\/mikelatseuskaltegia.com\/aprender-euskera-en-las-fiestas-populares-de-verano\/#primaryimage"},"image":{"@id":"https:\/\/mikelatseuskaltegia.com\/aprender-euskera-en-las-fiestas-populares-de-verano\/#primaryimage"},"thumbnailUrl":"https:\/\/mikelatseuskaltegia.com\/wp-content\/uploads\/2023\/08\/Aprende-euskera-fiestas.jpg","datePublished":"2023-08-07T11:04:30+00:00","dateModified":"2023-08-07T11:05:50+00:00","description":"Las fiestas populares de verano en el Pa\u00eds Vasco son la oportunidad perfecta para sumergirte en la cultura y practicar el euskera.","breadcrumb":{"@id":"https:\/\/mikelatseuskaltegia.com\/aprender-euskera-en-las-fiestas-populares-de-verano\/#breadcrumb"},"inLanguage":"eu","potentialAction":[{"@type":"ReadAction","target":["https:\/\/mikelatseuskaltegia.com\/aprender-euskera-en-las-fiestas-populares-de-verano\/"]}]},{"@type":"ImageObject","inLanguage":"eu","@id":"https:\/\/mikelatseuskaltegia.com\/aprender-euskera-en-las-fiestas-populares-de-verano\/#primaryimage","url":"https:\/\/mikelatseuskaltegia.com\/wp-content\/uploads\/2023\/08\/Aprende-euskera-fiestas.jpg","contentUrl":"https:\/\/mikelatseuskaltegia.com\/wp-content\/uploads\/2023\/08\/Aprende-euskera-fiestas.jpg","width":786,"height":467,"caption":"Triangle festive decorations and lights"},{"@type":"BreadcrumbList","@id":"https:\/\/mikelatseuskaltegia.com\/aprender-euskera-en-las-fiestas-populares-de-verano\/#breadcrumb","itemListElement":[{"@type":"ListItem","position":1,"name":"Portada","item":"https:\/\/mikelatseuskaltegia.com\/eu\/"},{"@type":"ListItem","position":2,"name":"Aprender euskera en las fiestas populares de verano"}]},{"@type":"WebSite","@id":"https:\/\/mikelatseuskaltegia.com\/#website","url":"https:\/\/mikelatseuskaltegia.com\/","name":"Mikelats Euskaltegia","description":"Mikelats euskaltegia es especialista en euskaltegi Bilbao","publisher":{"@id":"https:\/\/mikelatseuskaltegia.com\/#organization"},"potentialAction":[{"@type":"SearchAction","target":{"@type":"EntryPoint","urlTemplate":"https:\/\/mikelatseuskaltegia.com\/?s={search_term_string}"},"query-input":{"@type":"PropertyValueSpecification","valueRequired":true,"valueName":"search_term_string"}}],"inLanguage":"eu"},{"@type":"Organization","@id":"https:\/\/mikelatseuskaltegia.com\/#organization","name":"Mikelats Euskaltegia","url":"https:\/\/mikelatseuskaltegia.com\/","logo":{"@type":"ImageObject","inLanguage":"eu","@id":"https:\/\/mikelatseuskaltegia.com\/#\/schema\/logo\/image\/","url":"http:\/\/nueva.mikelatseuskaltegia.com\/wp-content\/uploads\/2019\/12\/logotipo-mikelatz.png","contentUrl":"http:\/\/nueva.mikelatseuskaltegia.com\/wp-content\/uploads\/2019\/12\/logotipo-mikelatz.png","width":109,"height":77,"caption":"Mikelats Euskaltegia"},"image":{"@id":"https:\/\/mikelatseuskaltegia.com\/#\/schema\/logo\/image\/"}},{"@type":"Person","@id":"https:\/\/mikelatseuskaltegia.com\/#\/schema\/person\/1273fac7eeb78760153815c396487b26","name":"Imagine-Mikelats","image":{"@type":"ImageObject","inLanguage":"eu","@id":"https:\/\/secure.gravatar.com\/avatar\/df7a99a00854e304faeadbdd060f9b5f299fa83019935482c10af5b762399989?s=96&d=mm&r=g","url":"https:\/\/secure.gravatar.com\/avatar\/df7a99a00854e304faeadbdd060f9b5f299fa83019935482c10af5b762399989?s=96&d=mm&r=g","contentUrl":"https:\/\/secure.gravatar.com\/avatar\/df7a99a00854e304faeadbdd060f9b5f299fa83019935482c10af5b762399989?s=96&d=mm&r=g","caption":"Imagine-Mikelats"}}]}},"_links":{"self":[{"href":"https:\/\/mikelatseuskaltegia.com\/eu\/wp-json\/wp\/v2\/posts\/3248","targetHints":{"allow":["GET"]}}],"collection":[{"href":"https:\/\/mikelatseuskaltegia.com\/eu\/wp-json\/wp\/v2\/posts"}],"about":[{"href":"https:\/\/mikelatseuskaltegia.com\/eu\/wp-json\/wp\/v2\/types\/post"}],"author":[{"embeddable":true,"href":"https:\/\/mikelatseuskaltegia.com\/eu\/wp-json\/wp\/v2\/users\/1"}],"replies":[{"embeddable":true,"href":"https:\/\/mikelatseuskaltegia.com\/eu\/wp-json\/wp\/v2\/comments?post=3248"}],"version-history":[{"count":5,"href":"https:\/\/mikelatseuskaltegia.com\/eu\/wp-json\/wp\/v2\/posts\/3248\/revisions"}],"predecessor-version":[{"id":3255,"href":"https:\/\/mikelatseuskaltegia.com\/eu\/wp-json\/wp\/v2\/posts\/3248\/revisions\/3255"}],"wp:featuredmedia":[{"embeddable":true,"href":"https:\/\/mikelatseuskaltegia.com\/eu\/wp-json\/wp\/v2\/media\/3253"}],"wp:attachment":[{"href":"https:\/\/mikelatseuskaltegia.com\/eu\/wp-json\/wp\/v2\/media?parent=3248"}],"wp:term":[{"taxonomy":"category","embeddable":true,"href":"https:\/\/mikelatseuskaltegia.com\/eu\/wp-json\/wp\/v2\/categories?post=3248"},{"taxonomy":"post_tag","embeddable":true,"href":"https:\/\/mikelatseuskaltegia.com\/eu\/wp-json\/wp\/v2\/tags?post=3248"}],"curies":[{"name":"wp","href":"https:\/\/api.w.org\/{rel}","templated":true}]}}