{"id":3264,"date":"2023-08-28T13:40:53","date_gmt":"2023-08-28T11:40:53","guid":{"rendered":"http:\/\/nueva.mikelatseuskaltegia.com\/?p=3264"},"modified":"2023-10-10T18:22:53","modified_gmt":"2023-10-10T16:22:53","slug":"la-palabra-guiri-tiene-origen-vasco-y-surgio-durante-las-guerras-carlistas","status":"publish","type":"post","link":"https:\/\/mikelatseuskaltegia.com\/eu\/la-palabra-guiri-tiene-origen-vasco-y-surgio-durante-las-guerras-carlistas\/","title":{"rendered":"La palabra &#8216;guiri&#8217; tiene origen vasco y surgi\u00f3 durante las guerras carlistas"},"content":{"rendered":"<h3><em>Es el t\u00e9rmino espa\u00f1ol m\u00e1s extendido para nombrar a los turistas y hac\u00eda referencia a los partidarios de la Reina Mar\u00eda Cristina<\/em><\/h3>\n<p>El verano va tocando su fin y seguro que, como cada a\u00f1o, la palabra &#8220;guiri&#8221; ha estado presente, en las conversaciones a orillas de la playa, a lo largo del paseo mar\u00edtimo o incluso en las tardes de terraceo. En un principio, sol\u00edamos identificar como &#8220;guiris&#8221; a los turistas procedentes del norte de Europa, pero hoy en d\u00eda parece que el t\u00e9rmino se ha ampliado para abarcar a cualquier visitante que llega a nuestras costas y ciudades. Esto es, al menos, seg\u00fan la definici\u00f3n de la<a href=\"https:\/\/dle.rae.es\/guiri\"> Real Academia Espa\u00f1ola<\/a>, que lo cataloga como &#8220;turista extranjero&#8221; sin hacer distinciones.<\/p>\n<p>Y es que no hace falta mucho esfuerzo para reconocerlos, suelen estar rojos como un tomate por haber pasado demasiado tiempo bajo un sol al que no est\u00e1 acostumbrados y llevan los cl\u00e1sicos calcetines con sandalias y puede que un sombrero o una gorra; alguno hasta se pasea con una ri\u00f1onera que jam\u00e1s llevar\u00eda en su pa\u00eds de origen. El t\u00edpico guiri, vaya. Pero, \u00bfqu\u00e9 ha llevado a los turistas a tener este sobrenombre? \u00bfCu\u00e1l es su verdadero origen? Diversos historiadores apuntan hacia ra\u00edces vascas, durante los tiempos de las guerras carlistas, hace ya m\u00e1s de un siglo.<\/p>\n<h4><strong>\u00bfDe d\u00f3nde viene la palabra &#8220;guiri&#8221;?<\/strong><\/h4>\n<p>La misma RAE nos aporta luz en este aspecto, indica que tiene su origen en la palabra euskera \u201c<strong>guiristino<\/strong>\u201d, que significa \u201c<strong>cristino<\/strong>\u201d. Este era el nombre con el que los carlistas llamaban a los partidarios de la reina regente Mar\u00eda Cristina de Borb\u00f3n-Dos Sicilias, a los liberales y a los soldados del Gobierno durante las Guerras Carlistas den el siglo XIX. Los ultraconservadores carlistas consideraban a los cristinos como extranjeros y es de ah\u00ed de donde procede la asociaci\u00f3n que conocemos hoy en d\u00eda de \u201cguiri\u201d como forastero o extranjero.<\/p>\n<p>Se cree que el t\u00e9rmino fue recuperado en la Espa\u00f1a de los a\u00f1os 60, con la forma abreviada &#8220;guiri&#8221;, cuando la mentalidad liberal de los extranjeros que visitaban el pa\u00eds en los primeros a\u00f1os de nuestra recuperaci\u00f3n econ\u00f3mica, chocaba con la ideolog\u00eda tradicional del Franquismo.<\/p>\n<p>A partir de este punto, la historia toma forma; la palabra &#8220;guiri&#8221; se volvi\u00f3 tan popular que conquist\u00f3 todo el territorio espa\u00f1ol, dejando su huella como otro ejemplo de la influencia constante del euskera en nuestra cotidianidad.<\/p>\n<p>En publicaciones anteriores tambi\u00e9n, exploramos c\u00f3mo empleamos alrededor de <a href=\"http:\/\/nueva.mikelatseuskaltegia.com\/influencia-euskera-en-espanol-mas-de-400-terminos\/\">400 t\u00e9rminos<\/a> que aparentemente conforman el espa\u00f1ol m\u00e1s genuino, pero que en realidad tienen ra\u00edces vascas.<\/p>\n<p>Desde Mikelats Euskaltegi, te invitamos a sumergirte a\u00fan m\u00e1s en este idioma y a brindarte apoyo en la preparaci\u00f3n para tus futuras oposiciones. Falta poco para el inicio del nuevo curso lectivo\u00a0 y por ello, para obtener m\u00e1s informaci\u00f3n, no dudes en contactarnos llamando al 94 415 32 95 o escribiendo a mikelats@izar.net.<\/p>\n","protected":false},"excerpt":{"rendered":"<p>Es el t\u00e9rmino espa\u00f1ol m\u00e1s extendido para nombrar a los turistas y hac\u00eda referencia a los partidarios de la Reina [&hellip;]<\/p>\n","protected":false},"author":3,"featured_media":3265,"comment_status":"open","ping_status":"open","sticky":false,"template":"","format":"standard","meta":{"_vp_format_video_url":"","_vp_image_focal_point":[],"footnotes":""},"categories":[1],"tags":[],"class_list":["post-3264","post","type-post","status-publish","format-standard","has-post-thumbnail","hentry","category-sin-categorizar"],"yoast_head":"<!-- This site is optimized with the Yoast SEO plugin v27.4 - https:\/\/yoast.com\/product\/yoast-seo-wordpress\/ -->\n<title>La palabra &#039;guiri&#039; tiene origen vasco y surgi\u00f3 durante las guerras carlistas<\/title>\n<meta name=\"description\" content=\"La palabra &#039;guiri&#039; tiene origen vasco y surgi\u00f3 durante las guerras carlistas. Es el t\u00e9rmino m\u00e1s extendido en Espa\u00f1a para referirse a turistas\" \/>\n<meta name=\"robots\" content=\"index, follow, max-snippet:-1, max-image-preview:large, max-video-preview:-1\" \/>\n<link rel=\"canonical\" href=\"https:\/\/mikelatseuskaltegia.com\/eu\/la-palabra-guiri-tiene-origen-vasco-y-surgio-durante-las-guerras-carlistas\/\" \/>\n<meta property=\"og:locale\" content=\"en_US\" \/>\n<meta property=\"og:locale:alternate\" content=\"es_ES\" \/>\n<meta property=\"og:type\" content=\"article\" \/>\n<meta property=\"og:title\" content=\"La palabra &#039;guiri&#039; tiene origen vasco y surgi\u00f3 durante las guerras carlistas\" \/>\n<meta property=\"og:description\" content=\"La palabra &#039;guiri&#039; tiene origen vasco y surgi\u00f3 durante las guerras carlistas. Es el t\u00e9rmino m\u00e1s extendido en Espa\u00f1a para referirse a turistas\" \/>\n<meta property=\"og:url\" content=\"https:\/\/mikelatseuskaltegia.com\/eu\/la-palabra-guiri-tiene-origen-vasco-y-surgio-durante-las-guerras-carlistas\/\" \/>\n<meta property=\"og:site_name\" content=\"Mikelats Euskaltegia\" \/>\n<meta property=\"article:published_time\" content=\"2023-08-28T11:40:53+00:00\" \/>\n<meta property=\"article:modified_time\" content=\"2023-10-10T16:22:53+00:00\" \/>\n<meta property=\"og:image\" content=\"https:\/\/mikelatseuskaltegia.com\/wp-content\/uploads\/2023\/08\/Guiris.jpg\" \/>\n\t<meta property=\"og:image:width\" content=\"1420\" \/>\n\t<meta property=\"og:image:height\" content=\"760\" \/>\n\t<meta property=\"og:image:type\" content=\"image\/jpeg\" \/>\n<meta name=\"author\" content=\"Mikelats\" \/>\n<meta name=\"twitter:card\" content=\"summary_large_image\" \/>\n<meta name=\"twitter:label1\" content=\"Written by\" \/>\n\t<meta name=\"twitter:data1\" content=\"Mikelats\" \/>\n\t<meta name=\"twitter:label2\" content=\"Est. reading time\" \/>\n\t<meta name=\"twitter:data2\" content=\"3 minutua\" \/>\n<script type=\"application\/ld+json\" class=\"yoast-schema-graph\">{\"@context\":\"https:\\\/\\\/schema.org\",\"@graph\":[{\"@type\":\"Article\",\"@id\":\"https:\\\/\\\/mikelatseuskaltegia.com\\\/la-palabra-guiri-tiene-origen-vasco-y-surgio-durante-las-guerras-carlistas\\\/#article\",\"isPartOf\":{\"@id\":\"https:\\\/\\\/mikelatseuskaltegia.com\\\/la-palabra-guiri-tiene-origen-vasco-y-surgio-durante-las-guerras-carlistas\\\/\"},\"author\":{\"name\":\"Mikelats\",\"@id\":\"https:\\\/\\\/mikelatseuskaltegia.com\\\/#\\\/schema\\\/person\\\/d3639b04a236985dcc30249b35c9b58a\"},\"headline\":\"La palabra &#8216;guiri&#8217; tiene origen vasco y surgi\u00f3 durante las guerras carlistas\",\"datePublished\":\"2023-08-28T11:40:53+00:00\",\"dateModified\":\"2023-10-10T16:22:53+00:00\",\"mainEntityOfPage\":{\"@id\":\"https:\\\/\\\/mikelatseuskaltegia.com\\\/la-palabra-guiri-tiene-origen-vasco-y-surgio-durante-las-guerras-carlistas\\\/\"},\"wordCount\":531,\"commentCount\":0,\"publisher\":{\"@id\":\"https:\\\/\\\/mikelatseuskaltegia.com\\\/#organization\"},\"image\":{\"@id\":\"https:\\\/\\\/mikelatseuskaltegia.com\\\/la-palabra-guiri-tiene-origen-vasco-y-surgio-durante-las-guerras-carlistas\\\/#primaryimage\"},\"thumbnailUrl\":\"https:\\\/\\\/mikelatseuskaltegia.com\\\/wp-content\\\/uploads\\\/2023\\\/08\\\/Guiris.jpg\",\"articleSection\":[\"Sin categorizar\"],\"inLanguage\":\"eu\"},{\"@type\":\"WebPage\",\"@id\":\"https:\\\/\\\/mikelatseuskaltegia.com\\\/la-palabra-guiri-tiene-origen-vasco-y-surgio-durante-las-guerras-carlistas\\\/\",\"url\":\"https:\\\/\\\/mikelatseuskaltegia.com\\\/la-palabra-guiri-tiene-origen-vasco-y-surgio-durante-las-guerras-carlistas\\\/\",\"name\":\"La palabra 'guiri' tiene origen vasco y surgi\u00f3 durante las guerras carlistas\",\"isPartOf\":{\"@id\":\"https:\\\/\\\/mikelatseuskaltegia.com\\\/#website\"},\"primaryImageOfPage\":{\"@id\":\"https:\\\/\\\/mikelatseuskaltegia.com\\\/la-palabra-guiri-tiene-origen-vasco-y-surgio-durante-las-guerras-carlistas\\\/#primaryimage\"},\"image\":{\"@id\":\"https:\\\/\\\/mikelatseuskaltegia.com\\\/la-palabra-guiri-tiene-origen-vasco-y-surgio-durante-las-guerras-carlistas\\\/#primaryimage\"},\"thumbnailUrl\":\"https:\\\/\\\/mikelatseuskaltegia.com\\\/wp-content\\\/uploads\\\/2023\\\/08\\\/Guiris.jpg\",\"datePublished\":\"2023-08-28T11:40:53+00:00\",\"dateModified\":\"2023-10-10T16:22:53+00:00\",\"description\":\"La palabra 'guiri' tiene origen vasco y surgi\u00f3 durante las guerras carlistas. Es el t\u00e9rmino m\u00e1s extendido en Espa\u00f1a para referirse a turistas\",\"breadcrumb\":{\"@id\":\"https:\\\/\\\/mikelatseuskaltegia.com\\\/la-palabra-guiri-tiene-origen-vasco-y-surgio-durante-las-guerras-carlistas\\\/#breadcrumb\"},\"inLanguage\":\"eu\",\"potentialAction\":[{\"@type\":\"ReadAction\",\"target\":[\"https:\\\/\\\/mikelatseuskaltegia.com\\\/la-palabra-guiri-tiene-origen-vasco-y-surgio-durante-las-guerras-carlistas\\\/\"]}]},{\"@type\":\"ImageObject\",\"inLanguage\":\"eu\",\"@id\":\"https:\\\/\\\/mikelatseuskaltegia.com\\\/la-palabra-guiri-tiene-origen-vasco-y-surgio-durante-las-guerras-carlistas\\\/#primaryimage\",\"url\":\"https:\\\/\\\/mikelatseuskaltegia.com\\\/wp-content\\\/uploads\\\/2023\\\/08\\\/Guiris.jpg\",\"contentUrl\":\"https:\\\/\\\/mikelatseuskaltegia.com\\\/wp-content\\\/uploads\\\/2023\\\/08\\\/Guiris.jpg\",\"width\":1420,\"height\":760},{\"@type\":\"BreadcrumbList\",\"@id\":\"https:\\\/\\\/mikelatseuskaltegia.com\\\/la-palabra-guiri-tiene-origen-vasco-y-surgio-durante-las-guerras-carlistas\\\/#breadcrumb\",\"itemListElement\":[{\"@type\":\"ListItem\",\"position\":1,\"name\":\"Portada\",\"item\":\"https:\\\/\\\/mikelatseuskaltegia.com\\\/eu\\\/\"},{\"@type\":\"ListItem\",\"position\":2,\"name\":\"La palabra &#8216;guiri&#8217; tiene origen vasco y surgi\u00f3 durante las guerras carlistas\"}]},{\"@type\":\"WebSite\",\"@id\":\"https:\\\/\\\/mikelatseuskaltegia.com\\\/#website\",\"url\":\"https:\\\/\\\/mikelatseuskaltegia.com\\\/\",\"name\":\"Mikelats Euskaltegia\",\"description\":\"Mikelats euskaltegia es especialista en euskaltegi Bilbao\",\"publisher\":{\"@id\":\"https:\\\/\\\/mikelatseuskaltegia.com\\\/#organization\"},\"potentialAction\":[{\"@type\":\"SearchAction\",\"target\":{\"@type\":\"EntryPoint\",\"urlTemplate\":\"https:\\\/\\\/mikelatseuskaltegia.com\\\/?s={search_term_string}\"},\"query-input\":{\"@type\":\"PropertyValueSpecification\",\"valueRequired\":true,\"valueName\":\"search_term_string\"}}],\"inLanguage\":\"eu\"},{\"@type\":\"Organization\",\"@id\":\"https:\\\/\\\/mikelatseuskaltegia.com\\\/#organization\",\"name\":\"Mikelats Euskaltegia\",\"url\":\"https:\\\/\\\/mikelatseuskaltegia.com\\\/\",\"logo\":{\"@type\":\"ImageObject\",\"inLanguage\":\"eu\",\"@id\":\"https:\\\/\\\/mikelatseuskaltegia.com\\\/#\\\/schema\\\/logo\\\/image\\\/\",\"url\":\"http:\\\/\\\/nueva.mikelatseuskaltegia.com\\\/wp-content\\\/uploads\\\/2019\\\/12\\\/logotipo-mikelatz.png\",\"contentUrl\":\"http:\\\/\\\/nueva.mikelatseuskaltegia.com\\\/wp-content\\\/uploads\\\/2019\\\/12\\\/logotipo-mikelatz.png\",\"width\":109,\"height\":77,\"caption\":\"Mikelats Euskaltegia\"},\"image\":{\"@id\":\"https:\\\/\\\/mikelatseuskaltegia.com\\\/#\\\/schema\\\/logo\\\/image\\\/\"}},{\"@type\":\"Person\",\"@id\":\"https:\\\/\\\/mikelatseuskaltegia.com\\\/#\\\/schema\\\/person\\\/d3639b04a236985dcc30249b35c9b58a\",\"name\":\"Mikelats\",\"image\":{\"@type\":\"ImageObject\",\"inLanguage\":\"eu\",\"@id\":\"https:\\\/\\\/secure.gravatar.com\\\/avatar\\\/a69f15aa44e14b786c6ac7076be348a7cf06fefc04c351edeec42417c6990ae7?s=96&d=mm&r=g\",\"url\":\"https:\\\/\\\/secure.gravatar.com\\\/avatar\\\/a69f15aa44e14b786c6ac7076be348a7cf06fefc04c351edeec42417c6990ae7?s=96&d=mm&r=g\",\"contentUrl\":\"https:\\\/\\\/secure.gravatar.com\\\/avatar\\\/a69f15aa44e14b786c6ac7076be348a7cf06fefc04c351edeec42417c6990ae7?s=96&d=mm&r=g\",\"caption\":\"Mikelats\"}}]}<\/script>\n<!-- \/ Yoast SEO plugin. -->","yoast_head_json":{"title":"La palabra 'guiri' tiene origen vasco y surgi\u00f3 durante las guerras carlistas","description":"La palabra 'guiri' tiene origen vasco y surgi\u00f3 durante las guerras carlistas. Es el t\u00e9rmino m\u00e1s extendido en Espa\u00f1a para referirse a turistas","robots":{"index":"index","follow":"follow","max-snippet":"max-snippet:-1","max-image-preview":"max-image-preview:large","max-video-preview":"max-video-preview:-1"},"canonical":"https:\/\/mikelatseuskaltegia.com\/eu\/la-palabra-guiri-tiene-origen-vasco-y-surgio-durante-las-guerras-carlistas\/","og_locale":"en_US","og_type":"article","og_title":"[:es]La palabra 'guiri' tiene origen vasco y surgi\u00f3 durante las guerras carlistas[:] - Mikelats Euskaltegia","og_description":"La palabra 'guiri' tiene origen vasco y surgi\u00f3 durante las guerras carlistas. Es el t\u00e9rmino m\u00e1s extendido en Espa\u00f1a para referirse a turistas","og_url":"https:\/\/mikelatseuskaltegia.com\/eu\/la-palabra-guiri-tiene-origen-vasco-y-surgio-durante-las-guerras-carlistas\/","og_site_name":"Mikelats Euskaltegia","article_published_time":"2023-08-28T11:40:53+00:00","article_modified_time":"2023-10-10T16:22:53+00:00","og_image":[{"width":1420,"height":760,"url":"https:\/\/mikelatseuskaltegia.com\/wp-content\/uploads\/2023\/08\/Guiris.jpg","type":"image\/jpeg"}],"author":"Mikelats","twitter_card":"summary_large_image","twitter_misc":{"Written by":"Mikelats","Est. reading time":"3 minutua"},"schema":{"@context":"https:\/\/schema.org","@graph":[{"@type":"Article","@id":"https:\/\/mikelatseuskaltegia.com\/la-palabra-guiri-tiene-origen-vasco-y-surgio-durante-las-guerras-carlistas\/#article","isPartOf":{"@id":"https:\/\/mikelatseuskaltegia.com\/la-palabra-guiri-tiene-origen-vasco-y-surgio-durante-las-guerras-carlistas\/"},"author":{"name":"Mikelats","@id":"https:\/\/mikelatseuskaltegia.com\/#\/schema\/person\/d3639b04a236985dcc30249b35c9b58a"},"headline":"La palabra &#8216;guiri&#8217; tiene origen vasco y surgi\u00f3 durante las guerras carlistas","datePublished":"2023-08-28T11:40:53+00:00","dateModified":"2023-10-10T16:22:53+00:00","mainEntityOfPage":{"@id":"https:\/\/mikelatseuskaltegia.com\/la-palabra-guiri-tiene-origen-vasco-y-surgio-durante-las-guerras-carlistas\/"},"wordCount":531,"commentCount":0,"publisher":{"@id":"https:\/\/mikelatseuskaltegia.com\/#organization"},"image":{"@id":"https:\/\/mikelatseuskaltegia.com\/la-palabra-guiri-tiene-origen-vasco-y-surgio-durante-las-guerras-carlistas\/#primaryimage"},"thumbnailUrl":"https:\/\/mikelatseuskaltegia.com\/wp-content\/uploads\/2023\/08\/Guiris.jpg","articleSection":["Sin categorizar"],"inLanguage":"eu"},{"@type":"WebPage","@id":"https:\/\/mikelatseuskaltegia.com\/la-palabra-guiri-tiene-origen-vasco-y-surgio-durante-las-guerras-carlistas\/","url":"https:\/\/mikelatseuskaltegia.com\/la-palabra-guiri-tiene-origen-vasco-y-surgio-durante-las-guerras-carlistas\/","name":"La palabra 'guiri' tiene origen vasco y surgi\u00f3 durante las guerras carlistas","isPartOf":{"@id":"https:\/\/mikelatseuskaltegia.com\/#website"},"primaryImageOfPage":{"@id":"https:\/\/mikelatseuskaltegia.com\/la-palabra-guiri-tiene-origen-vasco-y-surgio-durante-las-guerras-carlistas\/#primaryimage"},"image":{"@id":"https:\/\/mikelatseuskaltegia.com\/la-palabra-guiri-tiene-origen-vasco-y-surgio-durante-las-guerras-carlistas\/#primaryimage"},"thumbnailUrl":"https:\/\/mikelatseuskaltegia.com\/wp-content\/uploads\/2023\/08\/Guiris.jpg","datePublished":"2023-08-28T11:40:53+00:00","dateModified":"2023-10-10T16:22:53+00:00","description":"La palabra 'guiri' tiene origen vasco y surgi\u00f3 durante las guerras carlistas. Es el t\u00e9rmino m\u00e1s extendido en Espa\u00f1a para referirse a turistas","breadcrumb":{"@id":"https:\/\/mikelatseuskaltegia.com\/la-palabra-guiri-tiene-origen-vasco-y-surgio-durante-las-guerras-carlistas\/#breadcrumb"},"inLanguage":"eu","potentialAction":[{"@type":"ReadAction","target":["https:\/\/mikelatseuskaltegia.com\/la-palabra-guiri-tiene-origen-vasco-y-surgio-durante-las-guerras-carlistas\/"]}]},{"@type":"ImageObject","inLanguage":"eu","@id":"https:\/\/mikelatseuskaltegia.com\/la-palabra-guiri-tiene-origen-vasco-y-surgio-durante-las-guerras-carlistas\/#primaryimage","url":"https:\/\/mikelatseuskaltegia.com\/wp-content\/uploads\/2023\/08\/Guiris.jpg","contentUrl":"https:\/\/mikelatseuskaltegia.com\/wp-content\/uploads\/2023\/08\/Guiris.jpg","width":1420,"height":760},{"@type":"BreadcrumbList","@id":"https:\/\/mikelatseuskaltegia.com\/la-palabra-guiri-tiene-origen-vasco-y-surgio-durante-las-guerras-carlistas\/#breadcrumb","itemListElement":[{"@type":"ListItem","position":1,"name":"Portada","item":"https:\/\/mikelatseuskaltegia.com\/eu\/"},{"@type":"ListItem","position":2,"name":"La palabra &#8216;guiri&#8217; tiene origen vasco y surgi\u00f3 durante las guerras carlistas"}]},{"@type":"WebSite","@id":"https:\/\/mikelatseuskaltegia.com\/#website","url":"https:\/\/mikelatseuskaltegia.com\/","name":"Mikelats Euskaltegia","description":"Mikelats euskaltegia es especialista en euskaltegi Bilbao","publisher":{"@id":"https:\/\/mikelatseuskaltegia.com\/#organization"},"potentialAction":[{"@type":"SearchAction","target":{"@type":"EntryPoint","urlTemplate":"https:\/\/mikelatseuskaltegia.com\/?s={search_term_string}"},"query-input":{"@type":"PropertyValueSpecification","valueRequired":true,"valueName":"search_term_string"}}],"inLanguage":"eu"},{"@type":"Organization","@id":"https:\/\/mikelatseuskaltegia.com\/#organization","name":"Mikelats Euskaltegia","url":"https:\/\/mikelatseuskaltegia.com\/","logo":{"@type":"ImageObject","inLanguage":"eu","@id":"https:\/\/mikelatseuskaltegia.com\/#\/schema\/logo\/image\/","url":"http:\/\/nueva.mikelatseuskaltegia.com\/wp-content\/uploads\/2019\/12\/logotipo-mikelatz.png","contentUrl":"http:\/\/nueva.mikelatseuskaltegia.com\/wp-content\/uploads\/2019\/12\/logotipo-mikelatz.png","width":109,"height":77,"caption":"Mikelats Euskaltegia"},"image":{"@id":"https:\/\/mikelatseuskaltegia.com\/#\/schema\/logo\/image\/"}},{"@type":"Person","@id":"https:\/\/mikelatseuskaltegia.com\/#\/schema\/person\/d3639b04a236985dcc30249b35c9b58a","name":"Mikelats","image":{"@type":"ImageObject","inLanguage":"eu","@id":"https:\/\/secure.gravatar.com\/avatar\/a69f15aa44e14b786c6ac7076be348a7cf06fefc04c351edeec42417c6990ae7?s=96&d=mm&r=g","url":"https:\/\/secure.gravatar.com\/avatar\/a69f15aa44e14b786c6ac7076be348a7cf06fefc04c351edeec42417c6990ae7?s=96&d=mm&r=g","contentUrl":"https:\/\/secure.gravatar.com\/avatar\/a69f15aa44e14b786c6ac7076be348a7cf06fefc04c351edeec42417c6990ae7?s=96&d=mm&r=g","caption":"Mikelats"}}]}},"_links":{"self":[{"href":"https:\/\/mikelatseuskaltegia.com\/eu\/wp-json\/wp\/v2\/posts\/3264","targetHints":{"allow":["GET"]}}],"collection":[{"href":"https:\/\/mikelatseuskaltegia.com\/eu\/wp-json\/wp\/v2\/posts"}],"about":[{"href":"https:\/\/mikelatseuskaltegia.com\/eu\/wp-json\/wp\/v2\/types\/post"}],"author":[{"embeddable":true,"href":"https:\/\/mikelatseuskaltegia.com\/eu\/wp-json\/wp\/v2\/users\/3"}],"replies":[{"embeddable":true,"href":"https:\/\/mikelatseuskaltegia.com\/eu\/wp-json\/wp\/v2\/comments?post=3264"}],"version-history":[{"count":5,"href":"https:\/\/mikelatseuskaltegia.com\/eu\/wp-json\/wp\/v2\/posts\/3264\/revisions"}],"predecessor-version":[{"id":3367,"href":"https:\/\/mikelatseuskaltegia.com\/eu\/wp-json\/wp\/v2\/posts\/3264\/revisions\/3367"}],"wp:featuredmedia":[{"embeddable":true,"href":"https:\/\/mikelatseuskaltegia.com\/eu\/wp-json\/wp\/v2\/media\/3265"}],"wp:attachment":[{"href":"https:\/\/mikelatseuskaltegia.com\/eu\/wp-json\/wp\/v2\/media?parent=3264"}],"wp:term":[{"taxonomy":"category","embeddable":true,"href":"https:\/\/mikelatseuskaltegia.com\/eu\/wp-json\/wp\/v2\/categories?post=3264"},{"taxonomy":"post_tag","embeddable":true,"href":"https:\/\/mikelatseuskaltegia.com\/eu\/wp-json\/wp\/v2\/tags?post=3264"}],"curies":[{"name":"wp","href":"https:\/\/api.w.org\/{rel}","templated":true}]}}