{"id":3401,"date":"2023-12-01T11:00:43","date_gmt":"2023-12-01T09:00:43","guid":{"rendered":"http:\/\/nueva.mikelatseuskaltegia.com\/?p=3401"},"modified":"2023-12-12T12:13:15","modified_gmt":"2023-12-12T10:13:15","slug":"domingo-3-diciembre-dia-internacional-del-euskera-2","status":"publish","type":"post","link":"https:\/\/mikelatseuskaltegia.com\/eu\/domingo-3-diciembre-dia-internacional-del-euskera-2\/","title":{"rendered":"El domingo 3 de diciembre, D\u00eda Internacional del Euskera"},"content":{"rendered":"<h2>El d\u00eda llega con numerosas actividades para proteger y celebrar el euskera<\/h2>\n<p>&nbsp;<\/p>\n<p>Desde el 1949 se fij\u00f3 el 3 de diciembre como D\u00eda Internacional del Euskera, y otro a\u00f1o m\u00e1s son incontables los actos y actividades que se han organizado durante toda la semana en pueblos y barrios de toda Euskal Herria.<\/p>\n<p>Conferencias, conciertos, charlas, sesiones de <em>bertsos<\/em>, gincanas, proyecciones de cine, juegos o actividades gastron\u00f3micas se llevaran a cabo de la mano de iniciativas populares e institucionales para proteger y celebrar el euskera adem\u00e1s de reivindicar el derecho de poder vivir en euskera.<\/p>\n<h4><strong>Acto institucional de I\u00f1igo Urkullu<\/strong><\/h4>\n<p>Para este D\u00eda Internacional del Euskera que se celebra bajo el lema <em>Batu ditzagun ahotsak, eraldatu dezagun etorkizuna <\/em>(Unamos nuestras voces, transformemos el futuro) las instituciones p\u00fablicas tambi\u00e9n han organizado multitud de actos.<\/p>\n<p>El domingo por ejemplo, el gobierno vasco celebrara un acto institucional en Tabakalera de Donostia. Al acto acudir\u00e1 el <em>lehendakari<\/em> I\u00f1igo Urkullu, acompa\u00f1ado de varios consejeros.<\/p>\n<h4><strong>La iniciativa Gaitu uno de los ejes principales<\/strong><\/h4>\n<p>Este a\u00f1o, uno de los ejes de esta fiesta ser\u00e1 la iniciativa Gaitu, en marcha desde hace semanas, promovida por el Gobierno Vasco, el Gobierno de Navarra y el Organismo P\u00fablico del Euskera. Una iniciativa que busca reunir a miles de voces, el mayor n\u00famero posible para ense\u00f1ar euskera a la Inteligencia Artificial (IA) y para que se pueda integrar esta lengua en nuestros dispositivos tecnol\u00f3gicos<\/p>\n<p>Los ciudadanos pueden entrar en el portal gaitu.eus y colaborar con esta iniciativa de diferentes maneras: bien leyendo frases que est\u00e1n escritas y grab\u00e1ndolas en voz alta, bien escuchando y validando frases ya grabadas por otros usuarios. En dos meses, m\u00e1s de 8.000 personas han grabado 170.000 frases que acumulan casi 500 horas de grabaci\u00f3n en total. Aun as\u00ed, es necesaria la validaci\u00f3n de estas frases y la grabaci\u00f3n de m\u00e1s para cumplir el objetivo.<\/p>\n","protected":false},"excerpt":{"rendered":"<p>El d\u00eda llega con numerosas actividades para proteger y celebrar el euskera &nbsp; Desde el 1949 se fij\u00f3 el 3 [&hellip;]<\/p>\n","protected":false},"author":3,"featured_media":3406,"comment_status":"open","ping_status":"open","sticky":false,"template":"","format":"standard","meta":{"_vp_format_video_url":"","_vp_image_focal_point":[],"footnotes":""},"categories":[67,1],"tags":[],"class_list":["post-3401","post","type-post","status-publish","format-standard","has-post-thumbnail","hentry","category-noticias","category-sin-categorizar"],"yoast_head":"<!-- This site is optimized with the Yoast SEO plugin v27.4 - https:\/\/yoast.com\/product\/yoast-seo-wordpress\/ -->\n<title>El domingo 3 de diciembre, D\u00eda Internacional del Euskera<\/title>\n<meta name=\"description\" content=\"Desde el 1949 se fij\u00f3 el 3 de diciembre como D\u00eda Internacional del Euskera, y otro a\u00f1o m\u00e1s son incontables los actos y actividades que se han organizado durante toda la semana en pueblos y barrios de toda Euskal Herria.\" \/>\n<meta name=\"robots\" content=\"index, follow, max-snippet:-1, max-image-preview:large, max-video-preview:-1\" \/>\n<link rel=\"canonical\" href=\"https:\/\/mikelatseuskaltegia.com\/eu\/domingo-3-diciembre-dia-internacional-del-euskera-2\/\" \/>\n<meta property=\"og:locale\" content=\"en_US\" \/>\n<meta property=\"og:locale:alternate\" content=\"es_ES\" \/>\n<meta property=\"og:type\" content=\"article\" \/>\n<meta property=\"og:title\" content=\"El domingo 3 de diciembre, D\u00eda Internacional del Euskera\" \/>\n<meta property=\"og:description\" content=\"Desde el 1949 se fij\u00f3 el 3 de diciembre como D\u00eda Internacional del Euskera, y otro a\u00f1o m\u00e1s son incontables los actos y actividades que se han organizado durante toda la semana en pueblos y barrios de toda Euskal Herria.\" \/>\n<meta property=\"og:url\" content=\"https:\/\/mikelatseuskaltegia.com\/eu\/domingo-3-diciembre-dia-internacional-del-euskera-2\/\" \/>\n<meta property=\"og:site_name\" content=\"Mikelats Euskaltegia\" \/>\n<meta property=\"article:published_time\" content=\"2023-12-01T09:00:43+00:00\" \/>\n<meta property=\"article:modified_time\" content=\"2023-12-12T10:13:15+00:00\" \/>\n<meta property=\"og:image\" content=\"https:\/\/mikelatseuskaltegia.com\/wp-content\/uploads\/2023\/12\/euskararen-eguna.jpg\" \/>\n\t<meta property=\"og:image:width\" content=\"1600\" \/>\n\t<meta property=\"og:image:height\" content=\"1061\" \/>\n\t<meta property=\"og:image:type\" content=\"image\/jpeg\" \/>\n<meta name=\"author\" content=\"Mikelats\" \/>\n<meta name=\"twitter:card\" content=\"summary_large_image\" \/>\n<meta name=\"twitter:label1\" content=\"Written by\" \/>\n\t<meta name=\"twitter:data1\" content=\"Mikelats\" \/>\n\t<meta name=\"twitter:label2\" content=\"Est. reading time\" \/>\n\t<meta name=\"twitter:data2\" content=\"2 minutua\" \/>\n<script type=\"application\/ld+json\" class=\"yoast-schema-graph\">{\"@context\":\"https:\\\/\\\/schema.org\",\"@graph\":[{\"@type\":\"Article\",\"@id\":\"https:\\\/\\\/mikelatseuskaltegia.com\\\/domingo-3-diciembre-dia-internacional-del-euskera-2\\\/#article\",\"isPartOf\":{\"@id\":\"https:\\\/\\\/mikelatseuskaltegia.com\\\/domingo-3-diciembre-dia-internacional-del-euskera-2\\\/\"},\"author\":{\"name\":\"Mikelats\",\"@id\":\"https:\\\/\\\/mikelatseuskaltegia.com\\\/#\\\/schema\\\/person\\\/d3639b04a236985dcc30249b35c9b58a\"},\"headline\":\"El domingo 3 de diciembre, D\u00eda Internacional del Euskera\",\"datePublished\":\"2023-12-01T09:00:43+00:00\",\"dateModified\":\"2023-12-12T10:13:15+00:00\",\"mainEntityOfPage\":{\"@id\":\"https:\\\/\\\/mikelatseuskaltegia.com\\\/domingo-3-diciembre-dia-internacional-del-euskera-2\\\/\"},\"wordCount\":339,\"commentCount\":0,\"publisher\":{\"@id\":\"https:\\\/\\\/mikelatseuskaltegia.com\\\/#organization\"},\"image\":{\"@id\":\"https:\\\/\\\/mikelatseuskaltegia.com\\\/domingo-3-diciembre-dia-internacional-del-euskera-2\\\/#primaryimage\"},\"thumbnailUrl\":\"https:\\\/\\\/mikelatseuskaltegia.com\\\/wp-content\\\/uploads\\\/2023\\\/12\\\/euskararen-eguna.jpg\",\"articleSection\":[\"Albisteak\",\"Sin categorizar\"],\"inLanguage\":\"eu\"},{\"@type\":\"WebPage\",\"@id\":\"https:\\\/\\\/mikelatseuskaltegia.com\\\/domingo-3-diciembre-dia-internacional-del-euskera-2\\\/\",\"url\":\"https:\\\/\\\/mikelatseuskaltegia.com\\\/domingo-3-diciembre-dia-internacional-del-euskera-2\\\/\",\"name\":\"El domingo 3 de diciembre, D\u00eda Internacional del Euskera\",\"isPartOf\":{\"@id\":\"https:\\\/\\\/mikelatseuskaltegia.com\\\/#website\"},\"primaryImageOfPage\":{\"@id\":\"https:\\\/\\\/mikelatseuskaltegia.com\\\/domingo-3-diciembre-dia-internacional-del-euskera-2\\\/#primaryimage\"},\"image\":{\"@id\":\"https:\\\/\\\/mikelatseuskaltegia.com\\\/domingo-3-diciembre-dia-internacional-del-euskera-2\\\/#primaryimage\"},\"thumbnailUrl\":\"https:\\\/\\\/mikelatseuskaltegia.com\\\/wp-content\\\/uploads\\\/2023\\\/12\\\/euskararen-eguna.jpg\",\"datePublished\":\"2023-12-01T09:00:43+00:00\",\"dateModified\":\"2023-12-12T10:13:15+00:00\",\"description\":\"Desde el 1949 se fij\u00f3 el 3 de diciembre como D\u00eda Internacional del Euskera, y otro a\u00f1o m\u00e1s son incontables los actos y actividades que se han organizado durante toda la semana en pueblos y barrios de toda Euskal Herria.\",\"breadcrumb\":{\"@id\":\"https:\\\/\\\/mikelatseuskaltegia.com\\\/domingo-3-diciembre-dia-internacional-del-euskera-2\\\/#breadcrumb\"},\"inLanguage\":\"eu\",\"potentialAction\":[{\"@type\":\"ReadAction\",\"target\":[\"https:\\\/\\\/mikelatseuskaltegia.com\\\/domingo-3-diciembre-dia-internacional-del-euskera-2\\\/\"]}]},{\"@type\":\"ImageObject\",\"inLanguage\":\"eu\",\"@id\":\"https:\\\/\\\/mikelatseuskaltegia.com\\\/domingo-3-diciembre-dia-internacional-del-euskera-2\\\/#primaryimage\",\"url\":\"https:\\\/\\\/mikelatseuskaltegia.com\\\/wp-content\\\/uploads\\\/2023\\\/12\\\/euskararen-eguna.jpg\",\"contentUrl\":\"https:\\\/\\\/mikelatseuskaltegia.com\\\/wp-content\\\/uploads\\\/2023\\\/12\\\/euskararen-eguna.jpg\",\"width\":1600,\"height\":1061},{\"@type\":\"BreadcrumbList\",\"@id\":\"https:\\\/\\\/mikelatseuskaltegia.com\\\/domingo-3-diciembre-dia-internacional-del-euskera-2\\\/#breadcrumb\",\"itemListElement\":[{\"@type\":\"ListItem\",\"position\":1,\"name\":\"Portada\",\"item\":\"https:\\\/\\\/mikelatseuskaltegia.com\\\/eu\\\/\"},{\"@type\":\"ListItem\",\"position\":2,\"name\":\"El domingo 3 de diciembre, D\u00eda Internacional del Euskera\"}]},{\"@type\":\"WebSite\",\"@id\":\"https:\\\/\\\/mikelatseuskaltegia.com\\\/#website\",\"url\":\"https:\\\/\\\/mikelatseuskaltegia.com\\\/\",\"name\":\"Mikelats Euskaltegia\",\"description\":\"Mikelats euskaltegia es especialista en euskaltegi Bilbao\",\"publisher\":{\"@id\":\"https:\\\/\\\/mikelatseuskaltegia.com\\\/#organization\"},\"potentialAction\":[{\"@type\":\"SearchAction\",\"target\":{\"@type\":\"EntryPoint\",\"urlTemplate\":\"https:\\\/\\\/mikelatseuskaltegia.com\\\/?s={search_term_string}\"},\"query-input\":{\"@type\":\"PropertyValueSpecification\",\"valueRequired\":true,\"valueName\":\"search_term_string\"}}],\"inLanguage\":\"eu\"},{\"@type\":\"Organization\",\"@id\":\"https:\\\/\\\/mikelatseuskaltegia.com\\\/#organization\",\"name\":\"Mikelats Euskaltegia\",\"url\":\"https:\\\/\\\/mikelatseuskaltegia.com\\\/\",\"logo\":{\"@type\":\"ImageObject\",\"inLanguage\":\"eu\",\"@id\":\"https:\\\/\\\/mikelatseuskaltegia.com\\\/#\\\/schema\\\/logo\\\/image\\\/\",\"url\":\"http:\\\/\\\/nueva.mikelatseuskaltegia.com\\\/wp-content\\\/uploads\\\/2019\\\/12\\\/logotipo-mikelatz.png\",\"contentUrl\":\"http:\\\/\\\/nueva.mikelatseuskaltegia.com\\\/wp-content\\\/uploads\\\/2019\\\/12\\\/logotipo-mikelatz.png\",\"width\":109,\"height\":77,\"caption\":\"Mikelats Euskaltegia\"},\"image\":{\"@id\":\"https:\\\/\\\/mikelatseuskaltegia.com\\\/#\\\/schema\\\/logo\\\/image\\\/\"}},{\"@type\":\"Person\",\"@id\":\"https:\\\/\\\/mikelatseuskaltegia.com\\\/#\\\/schema\\\/person\\\/d3639b04a236985dcc30249b35c9b58a\",\"name\":\"Mikelats\",\"image\":{\"@type\":\"ImageObject\",\"inLanguage\":\"eu\",\"@id\":\"https:\\\/\\\/secure.gravatar.com\\\/avatar\\\/a69f15aa44e14b786c6ac7076be348a7cf06fefc04c351edeec42417c6990ae7?s=96&d=mm&r=g\",\"url\":\"https:\\\/\\\/secure.gravatar.com\\\/avatar\\\/a69f15aa44e14b786c6ac7076be348a7cf06fefc04c351edeec42417c6990ae7?s=96&d=mm&r=g\",\"contentUrl\":\"https:\\\/\\\/secure.gravatar.com\\\/avatar\\\/a69f15aa44e14b786c6ac7076be348a7cf06fefc04c351edeec42417c6990ae7?s=96&d=mm&r=g\",\"caption\":\"Mikelats\"}}]}<\/script>\n<!-- \/ Yoast SEO plugin. -->","yoast_head_json":{"title":"El domingo 3 de diciembre, D\u00eda Internacional del Euskera","description":"Desde el 1949 se fij\u00f3 el 3 de diciembre como D\u00eda Internacional del Euskera, y otro a\u00f1o m\u00e1s son incontables los actos y actividades que se han organizado durante toda la semana en pueblos y barrios de toda Euskal Herria.","robots":{"index":"index","follow":"follow","max-snippet":"max-snippet:-1","max-image-preview":"max-image-preview:large","max-video-preview":"max-video-preview:-1"},"canonical":"https:\/\/mikelatseuskaltegia.com\/eu\/domingo-3-diciembre-dia-internacional-del-euskera-2\/","og_locale":"en_US","og_type":"article","og_title":"[:es]El domingo 3 de diciembre, D\u00eda Internacional del Euskera[:] - Mikelats Euskaltegia","og_description":"Desde el 1949 se fij\u00f3 el 3 de diciembre como D\u00eda Internacional del Euskera, y otro a\u00f1o m\u00e1s son incontables los actos y actividades que se han organizado durante toda la semana en pueblos y barrios de toda Euskal Herria.","og_url":"https:\/\/mikelatseuskaltegia.com\/eu\/domingo-3-diciembre-dia-internacional-del-euskera-2\/","og_site_name":"Mikelats Euskaltegia","article_published_time":"2023-12-01T09:00:43+00:00","article_modified_time":"2023-12-12T10:13:15+00:00","og_image":[{"width":1600,"height":1061,"url":"https:\/\/mikelatseuskaltegia.com\/wp-content\/uploads\/2023\/12\/euskararen-eguna.jpg","type":"image\/jpeg"}],"author":"Mikelats","twitter_card":"summary_large_image","twitter_misc":{"Written by":"Mikelats","Est. reading time":"2 minutua"},"schema":{"@context":"https:\/\/schema.org","@graph":[{"@type":"Article","@id":"https:\/\/mikelatseuskaltegia.com\/domingo-3-diciembre-dia-internacional-del-euskera-2\/#article","isPartOf":{"@id":"https:\/\/mikelatseuskaltegia.com\/domingo-3-diciembre-dia-internacional-del-euskera-2\/"},"author":{"name":"Mikelats","@id":"https:\/\/mikelatseuskaltegia.com\/#\/schema\/person\/d3639b04a236985dcc30249b35c9b58a"},"headline":"El domingo 3 de diciembre, D\u00eda Internacional del Euskera","datePublished":"2023-12-01T09:00:43+00:00","dateModified":"2023-12-12T10:13:15+00:00","mainEntityOfPage":{"@id":"https:\/\/mikelatseuskaltegia.com\/domingo-3-diciembre-dia-internacional-del-euskera-2\/"},"wordCount":339,"commentCount":0,"publisher":{"@id":"https:\/\/mikelatseuskaltegia.com\/#organization"},"image":{"@id":"https:\/\/mikelatseuskaltegia.com\/domingo-3-diciembre-dia-internacional-del-euskera-2\/#primaryimage"},"thumbnailUrl":"https:\/\/mikelatseuskaltegia.com\/wp-content\/uploads\/2023\/12\/euskararen-eguna.jpg","articleSection":["Albisteak","Sin categorizar"],"inLanguage":"eu"},{"@type":"WebPage","@id":"https:\/\/mikelatseuskaltegia.com\/domingo-3-diciembre-dia-internacional-del-euskera-2\/","url":"https:\/\/mikelatseuskaltegia.com\/domingo-3-diciembre-dia-internacional-del-euskera-2\/","name":"El domingo 3 de diciembre, D\u00eda Internacional del Euskera","isPartOf":{"@id":"https:\/\/mikelatseuskaltegia.com\/#website"},"primaryImageOfPage":{"@id":"https:\/\/mikelatseuskaltegia.com\/domingo-3-diciembre-dia-internacional-del-euskera-2\/#primaryimage"},"image":{"@id":"https:\/\/mikelatseuskaltegia.com\/domingo-3-diciembre-dia-internacional-del-euskera-2\/#primaryimage"},"thumbnailUrl":"https:\/\/mikelatseuskaltegia.com\/wp-content\/uploads\/2023\/12\/euskararen-eguna.jpg","datePublished":"2023-12-01T09:00:43+00:00","dateModified":"2023-12-12T10:13:15+00:00","description":"Desde el 1949 se fij\u00f3 el 3 de diciembre como D\u00eda Internacional del Euskera, y otro a\u00f1o m\u00e1s son incontables los actos y actividades que se han organizado durante toda la semana en pueblos y barrios de toda Euskal Herria.","breadcrumb":{"@id":"https:\/\/mikelatseuskaltegia.com\/domingo-3-diciembre-dia-internacional-del-euskera-2\/#breadcrumb"},"inLanguage":"eu","potentialAction":[{"@type":"ReadAction","target":["https:\/\/mikelatseuskaltegia.com\/domingo-3-diciembre-dia-internacional-del-euskera-2\/"]}]},{"@type":"ImageObject","inLanguage":"eu","@id":"https:\/\/mikelatseuskaltegia.com\/domingo-3-diciembre-dia-internacional-del-euskera-2\/#primaryimage","url":"https:\/\/mikelatseuskaltegia.com\/wp-content\/uploads\/2023\/12\/euskararen-eguna.jpg","contentUrl":"https:\/\/mikelatseuskaltegia.com\/wp-content\/uploads\/2023\/12\/euskararen-eguna.jpg","width":1600,"height":1061},{"@type":"BreadcrumbList","@id":"https:\/\/mikelatseuskaltegia.com\/domingo-3-diciembre-dia-internacional-del-euskera-2\/#breadcrumb","itemListElement":[{"@type":"ListItem","position":1,"name":"Portada","item":"https:\/\/mikelatseuskaltegia.com\/eu\/"},{"@type":"ListItem","position":2,"name":"El domingo 3 de diciembre, D\u00eda Internacional del Euskera"}]},{"@type":"WebSite","@id":"https:\/\/mikelatseuskaltegia.com\/#website","url":"https:\/\/mikelatseuskaltegia.com\/","name":"Mikelats Euskaltegia","description":"Mikelats euskaltegia es especialista en euskaltegi Bilbao","publisher":{"@id":"https:\/\/mikelatseuskaltegia.com\/#organization"},"potentialAction":[{"@type":"SearchAction","target":{"@type":"EntryPoint","urlTemplate":"https:\/\/mikelatseuskaltegia.com\/?s={search_term_string}"},"query-input":{"@type":"PropertyValueSpecification","valueRequired":true,"valueName":"search_term_string"}}],"inLanguage":"eu"},{"@type":"Organization","@id":"https:\/\/mikelatseuskaltegia.com\/#organization","name":"Mikelats Euskaltegia","url":"https:\/\/mikelatseuskaltegia.com\/","logo":{"@type":"ImageObject","inLanguage":"eu","@id":"https:\/\/mikelatseuskaltegia.com\/#\/schema\/logo\/image\/","url":"http:\/\/nueva.mikelatseuskaltegia.com\/wp-content\/uploads\/2019\/12\/logotipo-mikelatz.png","contentUrl":"http:\/\/nueva.mikelatseuskaltegia.com\/wp-content\/uploads\/2019\/12\/logotipo-mikelatz.png","width":109,"height":77,"caption":"Mikelats Euskaltegia"},"image":{"@id":"https:\/\/mikelatseuskaltegia.com\/#\/schema\/logo\/image\/"}},{"@type":"Person","@id":"https:\/\/mikelatseuskaltegia.com\/#\/schema\/person\/d3639b04a236985dcc30249b35c9b58a","name":"Mikelats","image":{"@type":"ImageObject","inLanguage":"eu","@id":"https:\/\/secure.gravatar.com\/avatar\/a69f15aa44e14b786c6ac7076be348a7cf06fefc04c351edeec42417c6990ae7?s=96&d=mm&r=g","url":"https:\/\/secure.gravatar.com\/avatar\/a69f15aa44e14b786c6ac7076be348a7cf06fefc04c351edeec42417c6990ae7?s=96&d=mm&r=g","contentUrl":"https:\/\/secure.gravatar.com\/avatar\/a69f15aa44e14b786c6ac7076be348a7cf06fefc04c351edeec42417c6990ae7?s=96&d=mm&r=g","caption":"Mikelats"}}]}},"_links":{"self":[{"href":"https:\/\/mikelatseuskaltegia.com\/eu\/wp-json\/wp\/v2\/posts\/3401","targetHints":{"allow":["GET"]}}],"collection":[{"href":"https:\/\/mikelatseuskaltegia.com\/eu\/wp-json\/wp\/v2\/posts"}],"about":[{"href":"https:\/\/mikelatseuskaltegia.com\/eu\/wp-json\/wp\/v2\/types\/post"}],"author":[{"embeddable":true,"href":"https:\/\/mikelatseuskaltegia.com\/eu\/wp-json\/wp\/v2\/users\/3"}],"replies":[{"embeddable":true,"href":"https:\/\/mikelatseuskaltegia.com\/eu\/wp-json\/wp\/v2\/comments?post=3401"}],"version-history":[{"count":5,"href":"https:\/\/mikelatseuskaltegia.com\/eu\/wp-json\/wp\/v2\/posts\/3401\/revisions"}],"predecessor-version":[{"id":3407,"href":"https:\/\/mikelatseuskaltegia.com\/eu\/wp-json\/wp\/v2\/posts\/3401\/revisions\/3407"}],"wp:featuredmedia":[{"embeddable":true,"href":"https:\/\/mikelatseuskaltegia.com\/eu\/wp-json\/wp\/v2\/media\/3406"}],"wp:attachment":[{"href":"https:\/\/mikelatseuskaltegia.com\/eu\/wp-json\/wp\/v2\/media?parent=3401"}],"wp:term":[{"taxonomy":"category","embeddable":true,"href":"https:\/\/mikelatseuskaltegia.com\/eu\/wp-json\/wp\/v2\/categories?post=3401"},{"taxonomy":"post_tag","embeddable":true,"href":"https:\/\/mikelatseuskaltegia.com\/eu\/wp-json\/wp\/v2\/tags?post=3401"}],"curies":[{"name":"wp","href":"https:\/\/api.w.org\/{rel}","templated":true}]}}