{"id":3454,"date":"2024-02-05T16:16:17","date_gmt":"2024-02-05T14:16:17","guid":{"rendered":"http:\/\/nueva.mikelatseuskaltegia.com\/?p=3454"},"modified":"2024-02-05T17:16:51","modified_gmt":"2024-02-05T15:16:51","slug":"el-euskera-cada-vez-menos-presente-en-las-salas-de-cine","status":"publish","type":"post","link":"https:\/\/mikelatseuskaltegia.com\/eu\/el-euskera-cada-vez-menos-presente-en-las-salas-de-cine\/","title":{"rendered":"El euskera cada vez menos presente en las salas de cine"},"content":{"rendered":"<h2>\u00danicamente el 2,87% de las pel\u00edculas que se estrenaron el a\u00f1o pasado se pudieron escuchar o leer en euskera<\/h2>\n<p>El cine en euskera ocupa menos de una quinta parte de las producciones del Pa\u00eds Vasco, teniendo as\u00ed una presencia del 2,48% en las salas de cine. Aunque en Euskadi existen 66 productoras audiovisuales, de media solo dos largometrajes en euskera ven la luz cada a\u00f1o, de la decena que se suelen producir en total.<\/p>\n<p>El pasado a\u00f1o, se estrenaron 563 pel\u00edculas de las cuales, s\u00f3lo 14 se emitieron en versi\u00f3n original (euskera) y \u00fanicamente 10 fueron dobladas o subtituladas, concluyendo as\u00ed con una presencia del 2,87% de los films vascos en las salas comerciales. Estos datos recopilados y difundidos por las iniciativas a favor del euskera Pantailak Euskaraz y Zinemak Euskaraz, muestran una situaci\u00f3n preocupante ante la normalizaci\u00f3n del uso del euskera en este \u00e1mbito.<\/p>\n<h4><strong>Documentales y pel\u00edculas infantiles<\/strong><\/h4>\n<p>Siempre ha habido una importante producci\u00f3n en euskera en el cine de animaci\u00f3n, especialmente en el infantil. Las pel\u00edculas infantiles vascas siempre han sido una prioridad para el aprendizaje del idioma y para que los ni\u00f1os no lo asocien solo al colegio, sino tambi\u00e9n a la diversi\u00f3n.<\/p>\n<p>As\u00ed, se emitieron varios documentales y algunas pel\u00edculas infantiles internacionales se estrenaron dobladas al euskera, como por ejemplo la obra \u201cIrati\u201d de Paul Urkijo, que fue la \u00fanica pel\u00edcula de ficci\u00f3n estrenada en los cines del a\u00f1o pasado.<\/p>\n<h4><strong>Iniciativa ZineUEMA<\/strong><\/h4>\n<p>Entre los ejemplos a seguir, Pantailak Euskaraz ha aplaudido ZineUEMA, iniciativa puesta en marcha por las asociaci\u00f3nes Tinko y UEMA. Gracias a ese programa, durante tres meses se garantiza una oferta semanal en euskera, entre otros en Ataun, Azpeitia, Etxarri e Igorre.<\/p>\n<p>Pantailak Euskaraz y Behatokia han hecho un llamamiento a la ciudadan\u00eda a consumir producciones en euskera y a denunciar los casos en que se vulneran los derechos linguisticos.<\/p>\n<p>&nbsp;<\/p>\n<p>Fuente: Eitb.eus<\/p>\n","protected":false},"excerpt":{"rendered":"<p>\u00danicamente el 2,87% de las pel\u00edculas que se estrenaron el a\u00f1o pasado se pudieron escuchar o leer en euskera El [&hellip;]<\/p>\n","protected":false},"author":2,"featured_media":3457,"comment_status":"open","ping_status":"open","sticky":false,"template":"","format":"standard","meta":{"_vp_format_video_url":"","_vp_image_focal_point":[],"footnotes":""},"categories":[1],"tags":[],"class_list":["post-3454","post","type-post","status-publish","format-standard","has-post-thumbnail","hentry","category-sin-categorizar"],"yoast_head":"<!-- This site is optimized with the Yoast SEO plugin v27.4 - https:\/\/yoast.com\/product\/yoast-seo-wordpress\/ -->\n<title>El euskera cada vez menos presente en las salas de cine - Mikelats Euskaltegia<\/title>\n<meta name=\"description\" content=\"El cine en euskera ocupa menos de una quinta parte de las producciones del Pa\u00eds Vasco, teniendo as\u00ed una presencia del 2,48%\" \/>\n<meta name=\"robots\" content=\"index, follow, max-snippet:-1, max-image-preview:large, max-video-preview:-1\" \/>\n<link rel=\"canonical\" href=\"https:\/\/mikelatseuskaltegia.com\/eu\/el-euskera-cada-vez-menos-presente-en-las-salas-de-cine\/\" \/>\n<meta property=\"og:locale\" content=\"en_US\" \/>\n<meta property=\"og:locale:alternate\" content=\"es_ES\" \/>\n<meta property=\"og:type\" content=\"article\" \/>\n<meta property=\"og:title\" content=\"El euskera cada vez menos presente en las salas de cine - Mikelats Euskaltegia\" \/>\n<meta property=\"og:description\" content=\"El cine en euskera ocupa menos de una quinta parte de las producciones del Pa\u00eds Vasco, teniendo as\u00ed una presencia del 2,48%\" \/>\n<meta property=\"og:url\" content=\"https:\/\/mikelatseuskaltegia.com\/eu\/el-euskera-cada-vez-menos-presente-en-las-salas-de-cine\/\" \/>\n<meta property=\"og:site_name\" content=\"Mikelats Euskaltegia\" \/>\n<meta property=\"article:published_time\" content=\"2024-02-05T14:16:17+00:00\" \/>\n<meta property=\"article:modified_time\" content=\"2024-02-05T15:16:51+00:00\" \/>\n<meta property=\"og:image\" content=\"https:\/\/mikelatseuskaltegia.com\/wp-content\/uploads\/2024\/01\/hombre-viendo-programa-su-tv-scaled.jpg\" \/>\n\t<meta property=\"og:image:width\" content=\"2560\" \/>\n\t<meta property=\"og:image:height\" content=\"1707\" \/>\n\t<meta property=\"og:image:type\" content=\"image\/jpeg\" \/>\n<meta name=\"author\" content=\"Mikelats-Eusk\" \/>\n<meta name=\"twitter:card\" content=\"summary_large_image\" \/>\n<meta name=\"twitter:label1\" content=\"Written by\" \/>\n\t<meta name=\"twitter:data1\" content=\"Mikelats-Eusk\" \/>\n\t<meta name=\"twitter:label2\" content=\"Est. reading time\" \/>\n\t<meta name=\"twitter:data2\" content=\"2 minutua\" \/>\n<script type=\"application\/ld+json\" class=\"yoast-schema-graph\">{\"@context\":\"https:\\\/\\\/schema.org\",\"@graph\":[{\"@type\":\"Article\",\"@id\":\"https:\\\/\\\/mikelatseuskaltegia.com\\\/el-euskera-cada-vez-menos-presente-en-las-salas-de-cine\\\/#article\",\"isPartOf\":{\"@id\":\"https:\\\/\\\/mikelatseuskaltegia.com\\\/el-euskera-cada-vez-menos-presente-en-las-salas-de-cine\\\/\"},\"author\":{\"name\":\"Mikelats-Eusk\",\"@id\":\"https:\\\/\\\/mikelatseuskaltegia.com\\\/#\\\/schema\\\/person\\\/17aba90aaecdf26da060adc6701a0cec\"},\"headline\":\"El euskera cada vez menos presente en las salas de cine\",\"datePublished\":\"2024-02-05T14:16:17+00:00\",\"dateModified\":\"2024-02-05T15:16:51+00:00\",\"mainEntityOfPage\":{\"@id\":\"https:\\\/\\\/mikelatseuskaltegia.com\\\/el-euskera-cada-vez-menos-presente-en-las-salas-de-cine\\\/\"},\"wordCount\":339,\"commentCount\":0,\"publisher\":{\"@id\":\"https:\\\/\\\/mikelatseuskaltegia.com\\\/#organization\"},\"image\":{\"@id\":\"https:\\\/\\\/mikelatseuskaltegia.com\\\/el-euskera-cada-vez-menos-presente-en-las-salas-de-cine\\\/#primaryimage\"},\"thumbnailUrl\":\"https:\\\/\\\/mikelatseuskaltegia.com\\\/wp-content\\\/uploads\\\/2024\\\/01\\\/hombre-viendo-programa-su-tv-scaled.jpg\",\"articleSection\":[\"Sin categorizar\"],\"inLanguage\":\"eu\"},{\"@type\":\"WebPage\",\"@id\":\"https:\\\/\\\/mikelatseuskaltegia.com\\\/el-euskera-cada-vez-menos-presente-en-las-salas-de-cine\\\/\",\"url\":\"https:\\\/\\\/mikelatseuskaltegia.com\\\/el-euskera-cada-vez-menos-presente-en-las-salas-de-cine\\\/\",\"name\":\"El euskera cada vez menos presente en las salas de cine - Mikelats Euskaltegia\",\"isPartOf\":{\"@id\":\"https:\\\/\\\/mikelatseuskaltegia.com\\\/#website\"},\"primaryImageOfPage\":{\"@id\":\"https:\\\/\\\/mikelatseuskaltegia.com\\\/el-euskera-cada-vez-menos-presente-en-las-salas-de-cine\\\/#primaryimage\"},\"image\":{\"@id\":\"https:\\\/\\\/mikelatseuskaltegia.com\\\/el-euskera-cada-vez-menos-presente-en-las-salas-de-cine\\\/#primaryimage\"},\"thumbnailUrl\":\"https:\\\/\\\/mikelatseuskaltegia.com\\\/wp-content\\\/uploads\\\/2024\\\/01\\\/hombre-viendo-programa-su-tv-scaled.jpg\",\"datePublished\":\"2024-02-05T14:16:17+00:00\",\"dateModified\":\"2024-02-05T15:16:51+00:00\",\"description\":\"El cine en euskera ocupa menos de una quinta parte de las producciones del Pa\u00eds Vasco, teniendo as\u00ed una presencia del 2,48%\",\"breadcrumb\":{\"@id\":\"https:\\\/\\\/mikelatseuskaltegia.com\\\/el-euskera-cada-vez-menos-presente-en-las-salas-de-cine\\\/#breadcrumb\"},\"inLanguage\":\"eu\",\"potentialAction\":[{\"@type\":\"ReadAction\",\"target\":[\"https:\\\/\\\/mikelatseuskaltegia.com\\\/el-euskera-cada-vez-menos-presente-en-las-salas-de-cine\\\/\"]}]},{\"@type\":\"ImageObject\",\"inLanguage\":\"eu\",\"@id\":\"https:\\\/\\\/mikelatseuskaltegia.com\\\/el-euskera-cada-vez-menos-presente-en-las-salas-de-cine\\\/#primaryimage\",\"url\":\"https:\\\/\\\/mikelatseuskaltegia.com\\\/wp-content\\\/uploads\\\/2024\\\/01\\\/hombre-viendo-programa-su-tv-scaled.jpg\",\"contentUrl\":\"https:\\\/\\\/mikelatseuskaltegia.com\\\/wp-content\\\/uploads\\\/2024\\\/01\\\/hombre-viendo-programa-su-tv-scaled.jpg\",\"width\":2560,\"height\":1707},{\"@type\":\"BreadcrumbList\",\"@id\":\"https:\\\/\\\/mikelatseuskaltegia.com\\\/el-euskera-cada-vez-menos-presente-en-las-salas-de-cine\\\/#breadcrumb\",\"itemListElement\":[{\"@type\":\"ListItem\",\"position\":1,\"name\":\"Portada\",\"item\":\"https:\\\/\\\/mikelatseuskaltegia.com\\\/eu\\\/\"},{\"@type\":\"ListItem\",\"position\":2,\"name\":\"El euskera cada vez menos presente en las salas de cine\"}]},{\"@type\":\"WebSite\",\"@id\":\"https:\\\/\\\/mikelatseuskaltegia.com\\\/#website\",\"url\":\"https:\\\/\\\/mikelatseuskaltegia.com\\\/\",\"name\":\"Mikelats Euskaltegia\",\"description\":\"Mikelats euskaltegia es especialista en euskaltegi Bilbao\",\"publisher\":{\"@id\":\"https:\\\/\\\/mikelatseuskaltegia.com\\\/#organization\"},\"potentialAction\":[{\"@type\":\"SearchAction\",\"target\":{\"@type\":\"EntryPoint\",\"urlTemplate\":\"https:\\\/\\\/mikelatseuskaltegia.com\\\/?s={search_term_string}\"},\"query-input\":{\"@type\":\"PropertyValueSpecification\",\"valueRequired\":true,\"valueName\":\"search_term_string\"}}],\"inLanguage\":\"eu\"},{\"@type\":\"Organization\",\"@id\":\"https:\\\/\\\/mikelatseuskaltegia.com\\\/#organization\",\"name\":\"Mikelats Euskaltegia\",\"url\":\"https:\\\/\\\/mikelatseuskaltegia.com\\\/\",\"logo\":{\"@type\":\"ImageObject\",\"inLanguage\":\"eu\",\"@id\":\"https:\\\/\\\/mikelatseuskaltegia.com\\\/#\\\/schema\\\/logo\\\/image\\\/\",\"url\":\"http:\\\/\\\/nueva.mikelatseuskaltegia.com\\\/wp-content\\\/uploads\\\/2019\\\/12\\\/logotipo-mikelatz.png\",\"contentUrl\":\"http:\\\/\\\/nueva.mikelatseuskaltegia.com\\\/wp-content\\\/uploads\\\/2019\\\/12\\\/logotipo-mikelatz.png\",\"width\":109,\"height\":77,\"caption\":\"Mikelats Euskaltegia\"},\"image\":{\"@id\":\"https:\\\/\\\/mikelatseuskaltegia.com\\\/#\\\/schema\\\/logo\\\/image\\\/\"}},{\"@type\":\"Person\",\"@id\":\"https:\\\/\\\/mikelatseuskaltegia.com\\\/#\\\/schema\\\/person\\\/17aba90aaecdf26da060adc6701a0cec\",\"name\":\"Mikelats-Eusk\",\"image\":{\"@type\":\"ImageObject\",\"inLanguage\":\"eu\",\"@id\":\"https:\\\/\\\/secure.gravatar.com\\\/avatar\\\/11e286dfe6b192ad21818a1629f5de125791c7009ae702ad691af1ed13105402?s=96&d=mm&r=g\",\"url\":\"https:\\\/\\\/secure.gravatar.com\\\/avatar\\\/11e286dfe6b192ad21818a1629f5de125791c7009ae702ad691af1ed13105402?s=96&d=mm&r=g\",\"contentUrl\":\"https:\\\/\\\/secure.gravatar.com\\\/avatar\\\/11e286dfe6b192ad21818a1629f5de125791c7009ae702ad691af1ed13105402?s=96&d=mm&r=g\",\"caption\":\"Mikelats-Eusk\"}}]}<\/script>\n<!-- \/ Yoast SEO plugin. -->","yoast_head_json":{"title":"El euskera cada vez menos presente en las salas de cine - Mikelats Euskaltegia","description":"El cine en euskera ocupa menos de una quinta parte de las producciones del Pa\u00eds Vasco, teniendo as\u00ed una presencia del 2,48%","robots":{"index":"index","follow":"follow","max-snippet":"max-snippet:-1","max-image-preview":"max-image-preview:large","max-video-preview":"max-video-preview:-1"},"canonical":"https:\/\/mikelatseuskaltegia.com\/eu\/el-euskera-cada-vez-menos-presente-en-las-salas-de-cine\/","og_locale":"en_US","og_type":"article","og_title":"El euskera cada vez menos presente en las salas de cine - Mikelats Euskaltegia","og_description":"El cine en euskera ocupa menos de una quinta parte de las producciones del Pa\u00eds Vasco, teniendo as\u00ed una presencia del 2,48%","og_url":"https:\/\/mikelatseuskaltegia.com\/eu\/el-euskera-cada-vez-menos-presente-en-las-salas-de-cine\/","og_site_name":"Mikelats Euskaltegia","article_published_time":"2024-02-05T14:16:17+00:00","article_modified_time":"2024-02-05T15:16:51+00:00","og_image":[{"width":2560,"height":1707,"url":"https:\/\/mikelatseuskaltegia.com\/wp-content\/uploads\/2024\/01\/hombre-viendo-programa-su-tv-scaled.jpg","type":"image\/jpeg"}],"author":"Mikelats-Eusk","twitter_card":"summary_large_image","twitter_misc":{"Written by":"Mikelats-Eusk","Est. reading time":"2 minutua"},"schema":{"@context":"https:\/\/schema.org","@graph":[{"@type":"Article","@id":"https:\/\/mikelatseuskaltegia.com\/el-euskera-cada-vez-menos-presente-en-las-salas-de-cine\/#article","isPartOf":{"@id":"https:\/\/mikelatseuskaltegia.com\/el-euskera-cada-vez-menos-presente-en-las-salas-de-cine\/"},"author":{"name":"Mikelats-Eusk","@id":"https:\/\/mikelatseuskaltegia.com\/#\/schema\/person\/17aba90aaecdf26da060adc6701a0cec"},"headline":"El euskera cada vez menos presente en las salas de cine","datePublished":"2024-02-05T14:16:17+00:00","dateModified":"2024-02-05T15:16:51+00:00","mainEntityOfPage":{"@id":"https:\/\/mikelatseuskaltegia.com\/el-euskera-cada-vez-menos-presente-en-las-salas-de-cine\/"},"wordCount":339,"commentCount":0,"publisher":{"@id":"https:\/\/mikelatseuskaltegia.com\/#organization"},"image":{"@id":"https:\/\/mikelatseuskaltegia.com\/el-euskera-cada-vez-menos-presente-en-las-salas-de-cine\/#primaryimage"},"thumbnailUrl":"https:\/\/mikelatseuskaltegia.com\/wp-content\/uploads\/2024\/01\/hombre-viendo-programa-su-tv-scaled.jpg","articleSection":["Sin categorizar"],"inLanguage":"eu"},{"@type":"WebPage","@id":"https:\/\/mikelatseuskaltegia.com\/el-euskera-cada-vez-menos-presente-en-las-salas-de-cine\/","url":"https:\/\/mikelatseuskaltegia.com\/el-euskera-cada-vez-menos-presente-en-las-salas-de-cine\/","name":"El euskera cada vez menos presente en las salas de cine - Mikelats Euskaltegia","isPartOf":{"@id":"https:\/\/mikelatseuskaltegia.com\/#website"},"primaryImageOfPage":{"@id":"https:\/\/mikelatseuskaltegia.com\/el-euskera-cada-vez-menos-presente-en-las-salas-de-cine\/#primaryimage"},"image":{"@id":"https:\/\/mikelatseuskaltegia.com\/el-euskera-cada-vez-menos-presente-en-las-salas-de-cine\/#primaryimage"},"thumbnailUrl":"https:\/\/mikelatseuskaltegia.com\/wp-content\/uploads\/2024\/01\/hombre-viendo-programa-su-tv-scaled.jpg","datePublished":"2024-02-05T14:16:17+00:00","dateModified":"2024-02-05T15:16:51+00:00","description":"El cine en euskera ocupa menos de una quinta parte de las producciones del Pa\u00eds Vasco, teniendo as\u00ed una presencia del 2,48%","breadcrumb":{"@id":"https:\/\/mikelatseuskaltegia.com\/el-euskera-cada-vez-menos-presente-en-las-salas-de-cine\/#breadcrumb"},"inLanguage":"eu","potentialAction":[{"@type":"ReadAction","target":["https:\/\/mikelatseuskaltegia.com\/el-euskera-cada-vez-menos-presente-en-las-salas-de-cine\/"]}]},{"@type":"ImageObject","inLanguage":"eu","@id":"https:\/\/mikelatseuskaltegia.com\/el-euskera-cada-vez-menos-presente-en-las-salas-de-cine\/#primaryimage","url":"https:\/\/mikelatseuskaltegia.com\/wp-content\/uploads\/2024\/01\/hombre-viendo-programa-su-tv-scaled.jpg","contentUrl":"https:\/\/mikelatseuskaltegia.com\/wp-content\/uploads\/2024\/01\/hombre-viendo-programa-su-tv-scaled.jpg","width":2560,"height":1707},{"@type":"BreadcrumbList","@id":"https:\/\/mikelatseuskaltegia.com\/el-euskera-cada-vez-menos-presente-en-las-salas-de-cine\/#breadcrumb","itemListElement":[{"@type":"ListItem","position":1,"name":"Portada","item":"https:\/\/mikelatseuskaltegia.com\/eu\/"},{"@type":"ListItem","position":2,"name":"El euskera cada vez menos presente en las salas de cine"}]},{"@type":"WebSite","@id":"https:\/\/mikelatseuskaltegia.com\/#website","url":"https:\/\/mikelatseuskaltegia.com\/","name":"Mikelats Euskaltegia","description":"Mikelats euskaltegia es especialista en euskaltegi Bilbao","publisher":{"@id":"https:\/\/mikelatseuskaltegia.com\/#organization"},"potentialAction":[{"@type":"SearchAction","target":{"@type":"EntryPoint","urlTemplate":"https:\/\/mikelatseuskaltegia.com\/?s={search_term_string}"},"query-input":{"@type":"PropertyValueSpecification","valueRequired":true,"valueName":"search_term_string"}}],"inLanguage":"eu"},{"@type":"Organization","@id":"https:\/\/mikelatseuskaltegia.com\/#organization","name":"Mikelats Euskaltegia","url":"https:\/\/mikelatseuskaltegia.com\/","logo":{"@type":"ImageObject","inLanguage":"eu","@id":"https:\/\/mikelatseuskaltegia.com\/#\/schema\/logo\/image\/","url":"http:\/\/nueva.mikelatseuskaltegia.com\/wp-content\/uploads\/2019\/12\/logotipo-mikelatz.png","contentUrl":"http:\/\/nueva.mikelatseuskaltegia.com\/wp-content\/uploads\/2019\/12\/logotipo-mikelatz.png","width":109,"height":77,"caption":"Mikelats Euskaltegia"},"image":{"@id":"https:\/\/mikelatseuskaltegia.com\/#\/schema\/logo\/image\/"}},{"@type":"Person","@id":"https:\/\/mikelatseuskaltegia.com\/#\/schema\/person\/17aba90aaecdf26da060adc6701a0cec","name":"Mikelats-Eusk","image":{"@type":"ImageObject","inLanguage":"eu","@id":"https:\/\/secure.gravatar.com\/avatar\/11e286dfe6b192ad21818a1629f5de125791c7009ae702ad691af1ed13105402?s=96&d=mm&r=g","url":"https:\/\/secure.gravatar.com\/avatar\/11e286dfe6b192ad21818a1629f5de125791c7009ae702ad691af1ed13105402?s=96&d=mm&r=g","contentUrl":"https:\/\/secure.gravatar.com\/avatar\/11e286dfe6b192ad21818a1629f5de125791c7009ae702ad691af1ed13105402?s=96&d=mm&r=g","caption":"Mikelats-Eusk"}}]}},"_links":{"self":[{"href":"https:\/\/mikelatseuskaltegia.com\/eu\/wp-json\/wp\/v2\/posts\/3454","targetHints":{"allow":["GET"]}}],"collection":[{"href":"https:\/\/mikelatseuskaltegia.com\/eu\/wp-json\/wp\/v2\/posts"}],"about":[{"href":"https:\/\/mikelatseuskaltegia.com\/eu\/wp-json\/wp\/v2\/types\/post"}],"author":[{"embeddable":true,"href":"https:\/\/mikelatseuskaltegia.com\/eu\/wp-json\/wp\/v2\/users\/2"}],"replies":[{"embeddable":true,"href":"https:\/\/mikelatseuskaltegia.com\/eu\/wp-json\/wp\/v2\/comments?post=3454"}],"version-history":[{"count":2,"href":"https:\/\/mikelatseuskaltegia.com\/eu\/wp-json\/wp\/v2\/posts\/3454\/revisions"}],"predecessor-version":[{"id":3456,"href":"https:\/\/mikelatseuskaltegia.com\/eu\/wp-json\/wp\/v2\/posts\/3454\/revisions\/3456"}],"wp:featuredmedia":[{"embeddable":true,"href":"https:\/\/mikelatseuskaltegia.com\/eu\/wp-json\/wp\/v2\/media\/3457"}],"wp:attachment":[{"href":"https:\/\/mikelatseuskaltegia.com\/eu\/wp-json\/wp\/v2\/media?parent=3454"}],"wp:term":[{"taxonomy":"category","embeddable":true,"href":"https:\/\/mikelatseuskaltegia.com\/eu\/wp-json\/wp\/v2\/categories?post=3454"},{"taxonomy":"post_tag","embeddable":true,"href":"https:\/\/mikelatseuskaltegia.com\/eu\/wp-json\/wp\/v2\/tags?post=3454"}],"curies":[{"name":"wp","href":"https:\/\/api.w.org\/{rel}","templated":true}]}}