{"id":3485,"date":"2024-03-18T13:07:34","date_gmt":"2024-03-18T11:07:34","guid":{"rendered":"http:\/\/nueva.mikelatseuskaltegia.com\/?p=3485"},"modified":"2024-03-18T13:12:01","modified_gmt":"2024-03-18T11:12:01","slug":"korrika-23","status":"publish","type":"post","link":"https:\/\/mikelatseuskaltegia.com\/eu\/korrika-23\/","title":{"rendered":"23. KORRIKA"},"content":{"rendered":"<p>La <a href=\"https:\/\/www.korrika.eus\/es\/\"><strong>Korrika<\/strong> <\/a>est\u00e1 circulando ya. Empez\u00f3 el jueves 14 de marzo desde Pamplona, donde recorri\u00f3 las calles de los barrios para promocionar el conocimiento y utilizaci\u00f3n del euskera. El Ayuntamiento de Pamplona adquiri\u00f3, con apoyo de la mayor\u00eda de los grupos municipales, un kil\u00f3metro de la carrera, el 500, que se corri\u00f3 el s\u00e1bado desde la Plaza Consistorial.<\/p>\n<p>Organizada por <a href=\"https:\/\/www.aek.eus\/es-es\/\">AEK<\/a>, la Korrika pasar\u00e1 por todo <strong>Euskal Herria. <\/strong>El pistoletazo de salida ha sido en\u00a0<strong>Irun<\/strong>, y posteriormente visitar\u00e1 diferentes puntos del territorio a lo largo de\u00a0<strong>11 d\u00edas<\/strong>\u00a0hasta llegar a<strong>\u00a0Baiona este 24 de marzo<\/strong>. En esta edici\u00f3n, la n\u00famero 23, lo har\u00e1 bajo el lema\u00a0<strong>&#8220;Harro Herri<\/strong>&#8221; (Pueblo orgulloso).<\/p>\n<h4><strong>18-21 de Marzo<\/strong><\/h4>\n<p>Hoy, 18 de marzo, Araba ser\u00e1 recorrida de extremo a extremo, con llegada a Gasteiz a las 19:30 horas. Aproximadamente a las 22:00 horas, los residentes de la zona central de Vitoria dar\u00e1n la bienvenida a Korrika. Luego, continuar\u00e1 hacia Lautada, alcanzando su cabecera, Agurain, alrededor de las 2:00 horas, ya en la madrugada del martes, 19 de marzo. Temprano por la ma\u00f1ana, abandonar\u00e1 Araba para adentrarse en la Sakana a trav\u00e9s de Ziordi, Altsasu, Bakaiku, Etxarri Aranatz, Irurtzun&#8230;<\/p>\n<p>Una vez superadas Leitza y Goizueta, localidades que Korrika no visitaba desde 2009, los corredores entrar\u00e1n en Gipuzkoa por Hernani alrededor de las 20:20 horas del 19 de marzo. El testigo pasar\u00e1 de mano en mano, kil\u00f3metro a kil\u00f3metro, hasta llegar a la costa guipuzcoana hacia la medianoche, cuando Korrika ya estar\u00e1 en Orio, con planes de seguir hacia Zarautz y Zumaia.<\/p>\n<p>El siguiente destino ser\u00e1 Debagoiena, y de all\u00ed a Debabarrena (Bergara, Elgeta, Eibar y Elgoibar, entre otros). Tras pasar la ma\u00f1ana en Gipuzkoa, a las 14:10 horas, Mutriku despedir\u00e1 la multitudinaria iniciativa a favor del euskera con un \u201cHurrena arte!&#8221; (\u00a1hasta la pr\u00f3xima!). Luego, el testigo recorrer\u00e1 la costa vizca\u00edna (Ondarroa, Lekeitio, Elantxobe&#8230;) antes de aparecer en Gernika a las 23:04 horas. Continuar\u00e1 su camino hacia la costa, llegando a Bermeo a la 01:31 de la madrugada. Ese mismo d\u00eda, jueves, 21 de marzo, llegar\u00e1 a Bilbao a las 16:59 horas. Despu\u00e9s, cruzar\u00e1 Ezkerraldea y se dirigir\u00e1 a Meatzaldea (Zona Minera), donde recorrer\u00e1 sus tierras entre las 23:15 y las 02:00 horas.<\/p>\n<h4><strong>22-24 de Marzo<\/strong><\/h4>\n<p>El d\u00eda siguiente,\u00a0<strong>22 de marzo, Korrika andar\u00e1 tambi\u00e9n en Bizkaia<\/strong>, aunque por un momento entrar\u00e1 en Araba, para visitar Artziniega y Aiaraldea. Otxandio ser\u00e1 la \u00faltima localidad vizca\u00edna al unirse a Korrika el s\u00e1bado 23 de marzo, a las 00:15 horas. Con la llegada del\u00a0<strong>fin de semana, la carrera se dirigir\u00e1 hacia Donostia<\/strong>, pasando por el Goierri, para finalmente llegar a la capital de Gipuzkoa a las 19:20 horas.<\/p>\n<p><strong>La carrera continuar\u00e1 pasando de Gipuzkoa a Lapurdi<\/strong>, haciendo alguna peque\u00f1a incursi\u00f3n en Nafarroa en municipios como Oiartzun, Lesaka, Bera, Sara, Senpere, Biarritz, Angelu&#8230; para finalmente llegar a\u00a0<strong>Baiona el domingo 24 de marzo<\/strong>. Entonces, se proceder\u00e1 a la\u00a0<strong>lectura del mensaje secreto<\/strong>\u00a0que las personas portadoras del testigo se han ido pasando de mano en mano durante los 2.700 kil\u00f3metros de Korrika sobre las\u00a0<strong>12:30 horas, en la Plaza del Ayuntamiento.<\/strong><\/p>\n<h4><strong>Korrika en Catalu\u00f1a<\/strong><\/h4>\n<p>Cientos de personas han participado en la carrera a favor del euskara celebrada en la ciudad condal. La Euskal Etxea ha organizado diversos actos con motivo de Korrika.<\/p>\n<p>La Korrika ha hecho una carrera de unos 8 km por las calles de Barcelona. Los objetivos son los mismos que en Euskal Herria: impulsar la conciencia de la lengua y de otras lenguas minoritarias y dar a conocer la cultura vasca en <a href=\"https:\/\/www.eitb.eus\/es\/noticias\/sociedad\/videos\/detalle\/9449521\/video-korrika-llega-a-barcelona\/\">Barcelona<\/a>. Tambi\u00e9n quieren reunir a todos esos vascos que est\u00e1n desplazados a Catalu\u00f1a y ofrecer un d\u00eda fant\u00e1stico que terminar\u00e1 con una gran fiesta.<\/p>\n","protected":false},"excerpt":{"rendered":"<p>La Korrika est\u00e1 circulando ya. Empez\u00f3 el jueves 14 de marzo desde Pamplona, donde recorri\u00f3 las calles de los barrios [&hellip;]<\/p>\n","protected":false},"author":2,"featured_media":3491,"comment_status":"open","ping_status":"open","sticky":false,"template":"","format":"standard","meta":{"_vp_format_video_url":"","_vp_image_focal_point":[],"footnotes":""},"categories":[27,67],"tags":[131,111,17,19,78],"class_list":["post-3485","post","type-post","status-publish","format-standard","has-post-thumbnail","hentry","category-euskera","category-noticias","tag-euskal-herria","tag-euskera-para-jovenes","tag-euskera","tag-historia-del-euskera","tag-korrika"],"yoast_head":"<!-- This site is optimized with the Yoast SEO plugin v27.4 - https:\/\/yoast.com\/product\/yoast-seo-wordpress\/ -->\n<title>23. KORRIKA<\/title>\n<meta name=\"description\" content=\"Los objetivos de la Korrika son los de impulsar la conciencia de la lengua y de otras lenguas minoritarias y dar a conocer la cultura vasca.\" \/>\n<meta name=\"robots\" content=\"index, follow, max-snippet:-1, max-image-preview:large, max-video-preview:-1\" \/>\n<link rel=\"canonical\" href=\"https:\/\/mikelatseuskaltegia.com\/eu\/korrika-23\/\" \/>\n<meta property=\"og:locale\" content=\"en_US\" \/>\n<meta property=\"og:locale:alternate\" content=\"es_ES\" \/>\n<meta property=\"og:type\" content=\"article\" \/>\n<meta property=\"og:title\" content=\"23. KORRIKA\" \/>\n<meta property=\"og:description\" content=\"Los objetivos de la Korrika son los de impulsar la conciencia de la lengua y de otras lenguas minoritarias y dar a conocer la cultura vasca.\" \/>\n<meta property=\"og:url\" content=\"https:\/\/mikelatseuskaltegia.com\/eu\/korrika-23\/\" \/>\n<meta property=\"og:site_name\" content=\"Mikelats Euskaltegia\" \/>\n<meta property=\"article:published_time\" content=\"2024-03-18T11:07:34+00:00\" \/>\n<meta property=\"article:modified_time\" content=\"2024-03-18T11:12:01+00:00\" \/>\n<meta property=\"og:image\" content=\"https:\/\/mikelatseuskaltegia.com\/wp-content\/uploads\/2024\/03\/20240111113823_mapakorrika_amp_w1200-e1710760260744.jpg\" \/>\n\t<meta property=\"og:image:width\" content=\"800\" \/>\n\t<meta property=\"og:image:height\" content=\"450\" \/>\n\t<meta property=\"og:image:type\" content=\"image\/jpeg\" \/>\n<meta name=\"author\" content=\"Mikelats-Eusk\" \/>\n<meta name=\"twitter:card\" content=\"summary_large_image\" \/>\n<meta name=\"twitter:label1\" content=\"Written by\" \/>\n\t<meta name=\"twitter:data1\" content=\"Mikelats-Eusk\" \/>\n\t<meta name=\"twitter:label2\" content=\"Est. reading time\" \/>\n\t<meta name=\"twitter:data2\" content=\"4 minutua\" \/>\n<script type=\"application\/ld+json\" class=\"yoast-schema-graph\">{\"@context\":\"https:\\\/\\\/schema.org\",\"@graph\":[{\"@type\":\"Article\",\"@id\":\"https:\\\/\\\/mikelatseuskaltegia.com\\\/korrika-23\\\/#article\",\"isPartOf\":{\"@id\":\"https:\\\/\\\/mikelatseuskaltegia.com\\\/korrika-23\\\/\"},\"author\":{\"name\":\"Mikelats-Eusk\",\"@id\":\"https:\\\/\\\/mikelatseuskaltegia.com\\\/#\\\/schema\\\/person\\\/17aba90aaecdf26da060adc6701a0cec\"},\"headline\":\"23. KORRIKA\",\"datePublished\":\"2024-03-18T11:07:34+00:00\",\"dateModified\":\"2024-03-18T11:12:01+00:00\",\"mainEntityOfPage\":{\"@id\":\"https:\\\/\\\/mikelatseuskaltegia.com\\\/korrika-23\\\/\"},\"wordCount\":618,\"commentCount\":0,\"publisher\":{\"@id\":\"https:\\\/\\\/mikelatseuskaltegia.com\\\/#organization\"},\"image\":{\"@id\":\"https:\\\/\\\/mikelatseuskaltegia.com\\\/korrika-23\\\/#primaryimage\"},\"thumbnailUrl\":\"https:\\\/\\\/mikelatseuskaltegia.com\\\/wp-content\\\/uploads\\\/2024\\\/03\\\/20240111113823_mapakorrika_amp_w1200-e1710760260744.jpg\",\"keywords\":[\"Euskal Herria\",\"euskera para j\u00f3venes\",\"euskera\",\"historia del euskera\",\"korrika\"],\"articleSection\":[\"Euskera\",\"Albisteak\"],\"inLanguage\":\"eu\"},{\"@type\":\"WebPage\",\"@id\":\"https:\\\/\\\/mikelatseuskaltegia.com\\\/korrika-23\\\/\",\"url\":\"https:\\\/\\\/mikelatseuskaltegia.com\\\/korrika-23\\\/\",\"name\":\"23. KORRIKA\",\"isPartOf\":{\"@id\":\"https:\\\/\\\/mikelatseuskaltegia.com\\\/#website\"},\"primaryImageOfPage\":{\"@id\":\"https:\\\/\\\/mikelatseuskaltegia.com\\\/korrika-23\\\/#primaryimage\"},\"image\":{\"@id\":\"https:\\\/\\\/mikelatseuskaltegia.com\\\/korrika-23\\\/#primaryimage\"},\"thumbnailUrl\":\"https:\\\/\\\/mikelatseuskaltegia.com\\\/wp-content\\\/uploads\\\/2024\\\/03\\\/20240111113823_mapakorrika_amp_w1200-e1710760260744.jpg\",\"datePublished\":\"2024-03-18T11:07:34+00:00\",\"dateModified\":\"2024-03-18T11:12:01+00:00\",\"description\":\"Los objetivos de la Korrika son los de impulsar la conciencia de la lengua y de otras lenguas minoritarias y dar a conocer la cultura vasca.\",\"breadcrumb\":{\"@id\":\"https:\\\/\\\/mikelatseuskaltegia.com\\\/korrika-23\\\/#breadcrumb\"},\"inLanguage\":\"eu\",\"potentialAction\":[{\"@type\":\"ReadAction\",\"target\":[\"https:\\\/\\\/mikelatseuskaltegia.com\\\/korrika-23\\\/\"]}]},{\"@type\":\"ImageObject\",\"inLanguage\":\"eu\",\"@id\":\"https:\\\/\\\/mikelatseuskaltegia.com\\\/korrika-23\\\/#primaryimage\",\"url\":\"https:\\\/\\\/mikelatseuskaltegia.com\\\/wp-content\\\/uploads\\\/2024\\\/03\\\/20240111113823_mapakorrika_amp_w1200-e1710760260744.jpg\",\"contentUrl\":\"https:\\\/\\\/mikelatseuskaltegia.com\\\/wp-content\\\/uploads\\\/2024\\\/03\\\/20240111113823_mapakorrika_amp_w1200-e1710760260744.jpg\",\"width\":800,\"height\":450},{\"@type\":\"BreadcrumbList\",\"@id\":\"https:\\\/\\\/mikelatseuskaltegia.com\\\/korrika-23\\\/#breadcrumb\",\"itemListElement\":[{\"@type\":\"ListItem\",\"position\":1,\"name\":\"Portada\",\"item\":\"https:\\\/\\\/mikelatseuskaltegia.com\\\/eu\\\/\"},{\"@type\":\"ListItem\",\"position\":2,\"name\":\"23. KORRIKA\"}]},{\"@type\":\"WebSite\",\"@id\":\"https:\\\/\\\/mikelatseuskaltegia.com\\\/#website\",\"url\":\"https:\\\/\\\/mikelatseuskaltegia.com\\\/\",\"name\":\"Mikelats Euskaltegia\",\"description\":\"Mikelats euskaltegia es especialista en euskaltegi Bilbao\",\"publisher\":{\"@id\":\"https:\\\/\\\/mikelatseuskaltegia.com\\\/#organization\"},\"potentialAction\":[{\"@type\":\"SearchAction\",\"target\":{\"@type\":\"EntryPoint\",\"urlTemplate\":\"https:\\\/\\\/mikelatseuskaltegia.com\\\/?s={search_term_string}\"},\"query-input\":{\"@type\":\"PropertyValueSpecification\",\"valueRequired\":true,\"valueName\":\"search_term_string\"}}],\"inLanguage\":\"eu\"},{\"@type\":\"Organization\",\"@id\":\"https:\\\/\\\/mikelatseuskaltegia.com\\\/#organization\",\"name\":\"Mikelats Euskaltegia\",\"url\":\"https:\\\/\\\/mikelatseuskaltegia.com\\\/\",\"logo\":{\"@type\":\"ImageObject\",\"inLanguage\":\"eu\",\"@id\":\"https:\\\/\\\/mikelatseuskaltegia.com\\\/#\\\/schema\\\/logo\\\/image\\\/\",\"url\":\"http:\\\/\\\/nueva.mikelatseuskaltegia.com\\\/wp-content\\\/uploads\\\/2019\\\/12\\\/logotipo-mikelatz.png\",\"contentUrl\":\"http:\\\/\\\/nueva.mikelatseuskaltegia.com\\\/wp-content\\\/uploads\\\/2019\\\/12\\\/logotipo-mikelatz.png\",\"width\":109,\"height\":77,\"caption\":\"Mikelats Euskaltegia\"},\"image\":{\"@id\":\"https:\\\/\\\/mikelatseuskaltegia.com\\\/#\\\/schema\\\/logo\\\/image\\\/\"}},{\"@type\":\"Person\",\"@id\":\"https:\\\/\\\/mikelatseuskaltegia.com\\\/#\\\/schema\\\/person\\\/17aba90aaecdf26da060adc6701a0cec\",\"name\":\"Mikelats-Eusk\",\"image\":{\"@type\":\"ImageObject\",\"inLanguage\":\"eu\",\"@id\":\"https:\\\/\\\/secure.gravatar.com\\\/avatar\\\/11e286dfe6b192ad21818a1629f5de125791c7009ae702ad691af1ed13105402?s=96&d=mm&r=g\",\"url\":\"https:\\\/\\\/secure.gravatar.com\\\/avatar\\\/11e286dfe6b192ad21818a1629f5de125791c7009ae702ad691af1ed13105402?s=96&d=mm&r=g\",\"contentUrl\":\"https:\\\/\\\/secure.gravatar.com\\\/avatar\\\/11e286dfe6b192ad21818a1629f5de125791c7009ae702ad691af1ed13105402?s=96&d=mm&r=g\",\"caption\":\"Mikelats-Eusk\"}}]}<\/script>\n<!-- \/ Yoast SEO plugin. -->","yoast_head_json":{"title":"23. KORRIKA","description":"Los objetivos de la Korrika son los de impulsar la conciencia de la lengua y de otras lenguas minoritarias y dar a conocer la cultura vasca.","robots":{"index":"index","follow":"follow","max-snippet":"max-snippet:-1","max-image-preview":"max-image-preview:large","max-video-preview":"max-video-preview:-1"},"canonical":"https:\/\/mikelatseuskaltegia.com\/eu\/korrika-23\/","og_locale":"en_US","og_type":"article","og_title":"[:es]23. KORRIKA[:] - Mikelats Euskaltegia","og_description":"[:es]Los objetivos de la Korrika son los de impulsar la conciencia de la lengua y de otras lenguas minoritarias y dar a conocer la cultura vasca.[:]","og_url":"https:\/\/mikelatseuskaltegia.com\/eu\/korrika-23\/","og_site_name":"Mikelats Euskaltegia","article_published_time":"2024-03-18T11:07:34+00:00","article_modified_time":"2024-03-18T11:12:01+00:00","og_image":[{"width":800,"height":450,"url":"https:\/\/mikelatseuskaltegia.com\/wp-content\/uploads\/2024\/03\/20240111113823_mapakorrika_amp_w1200-e1710760260744.jpg","type":"image\/jpeg"}],"author":"Mikelats-Eusk","twitter_card":"summary_large_image","twitter_misc":{"Written by":"Mikelats-Eusk","Est. reading time":"4 minutua"},"schema":{"@context":"https:\/\/schema.org","@graph":[{"@type":"Article","@id":"https:\/\/mikelatseuskaltegia.com\/korrika-23\/#article","isPartOf":{"@id":"https:\/\/mikelatseuskaltegia.com\/korrika-23\/"},"author":{"name":"Mikelats-Eusk","@id":"https:\/\/mikelatseuskaltegia.com\/#\/schema\/person\/17aba90aaecdf26da060adc6701a0cec"},"headline":"23. KORRIKA","datePublished":"2024-03-18T11:07:34+00:00","dateModified":"2024-03-18T11:12:01+00:00","mainEntityOfPage":{"@id":"https:\/\/mikelatseuskaltegia.com\/korrika-23\/"},"wordCount":618,"commentCount":0,"publisher":{"@id":"https:\/\/mikelatseuskaltegia.com\/#organization"},"image":{"@id":"https:\/\/mikelatseuskaltegia.com\/korrika-23\/#primaryimage"},"thumbnailUrl":"https:\/\/mikelatseuskaltegia.com\/wp-content\/uploads\/2024\/03\/20240111113823_mapakorrika_amp_w1200-e1710760260744.jpg","keywords":["Euskal Herria","euskera para j\u00f3venes","euskera","historia del euskera","korrika"],"articleSection":["Euskera","Albisteak"],"inLanguage":"eu"},{"@type":"WebPage","@id":"https:\/\/mikelatseuskaltegia.com\/korrika-23\/","url":"https:\/\/mikelatseuskaltegia.com\/korrika-23\/","name":"23. KORRIKA","isPartOf":{"@id":"https:\/\/mikelatseuskaltegia.com\/#website"},"primaryImageOfPage":{"@id":"https:\/\/mikelatseuskaltegia.com\/korrika-23\/#primaryimage"},"image":{"@id":"https:\/\/mikelatseuskaltegia.com\/korrika-23\/#primaryimage"},"thumbnailUrl":"https:\/\/mikelatseuskaltegia.com\/wp-content\/uploads\/2024\/03\/20240111113823_mapakorrika_amp_w1200-e1710760260744.jpg","datePublished":"2024-03-18T11:07:34+00:00","dateModified":"2024-03-18T11:12:01+00:00","description":"Los objetivos de la Korrika son los de impulsar la conciencia de la lengua y de otras lenguas minoritarias y dar a conocer la cultura vasca.","breadcrumb":{"@id":"https:\/\/mikelatseuskaltegia.com\/korrika-23\/#breadcrumb"},"inLanguage":"eu","potentialAction":[{"@type":"ReadAction","target":["https:\/\/mikelatseuskaltegia.com\/korrika-23\/"]}]},{"@type":"ImageObject","inLanguage":"eu","@id":"https:\/\/mikelatseuskaltegia.com\/korrika-23\/#primaryimage","url":"https:\/\/mikelatseuskaltegia.com\/wp-content\/uploads\/2024\/03\/20240111113823_mapakorrika_amp_w1200-e1710760260744.jpg","contentUrl":"https:\/\/mikelatseuskaltegia.com\/wp-content\/uploads\/2024\/03\/20240111113823_mapakorrika_amp_w1200-e1710760260744.jpg","width":800,"height":450},{"@type":"BreadcrumbList","@id":"https:\/\/mikelatseuskaltegia.com\/korrika-23\/#breadcrumb","itemListElement":[{"@type":"ListItem","position":1,"name":"Portada","item":"https:\/\/mikelatseuskaltegia.com\/eu\/"},{"@type":"ListItem","position":2,"name":"23. KORRIKA"}]},{"@type":"WebSite","@id":"https:\/\/mikelatseuskaltegia.com\/#website","url":"https:\/\/mikelatseuskaltegia.com\/","name":"Mikelats Euskaltegia","description":"Mikelats euskaltegia es especialista en euskaltegi Bilbao","publisher":{"@id":"https:\/\/mikelatseuskaltegia.com\/#organization"},"potentialAction":[{"@type":"SearchAction","target":{"@type":"EntryPoint","urlTemplate":"https:\/\/mikelatseuskaltegia.com\/?s={search_term_string}"},"query-input":{"@type":"PropertyValueSpecification","valueRequired":true,"valueName":"search_term_string"}}],"inLanguage":"eu"},{"@type":"Organization","@id":"https:\/\/mikelatseuskaltegia.com\/#organization","name":"Mikelats Euskaltegia","url":"https:\/\/mikelatseuskaltegia.com\/","logo":{"@type":"ImageObject","inLanguage":"eu","@id":"https:\/\/mikelatseuskaltegia.com\/#\/schema\/logo\/image\/","url":"http:\/\/nueva.mikelatseuskaltegia.com\/wp-content\/uploads\/2019\/12\/logotipo-mikelatz.png","contentUrl":"http:\/\/nueva.mikelatseuskaltegia.com\/wp-content\/uploads\/2019\/12\/logotipo-mikelatz.png","width":109,"height":77,"caption":"Mikelats Euskaltegia"},"image":{"@id":"https:\/\/mikelatseuskaltegia.com\/#\/schema\/logo\/image\/"}},{"@type":"Person","@id":"https:\/\/mikelatseuskaltegia.com\/#\/schema\/person\/17aba90aaecdf26da060adc6701a0cec","name":"Mikelats-Eusk","image":{"@type":"ImageObject","inLanguage":"eu","@id":"https:\/\/secure.gravatar.com\/avatar\/11e286dfe6b192ad21818a1629f5de125791c7009ae702ad691af1ed13105402?s=96&d=mm&r=g","url":"https:\/\/secure.gravatar.com\/avatar\/11e286dfe6b192ad21818a1629f5de125791c7009ae702ad691af1ed13105402?s=96&d=mm&r=g","contentUrl":"https:\/\/secure.gravatar.com\/avatar\/11e286dfe6b192ad21818a1629f5de125791c7009ae702ad691af1ed13105402?s=96&d=mm&r=g","caption":"Mikelats-Eusk"}}]}},"_links":{"self":[{"href":"https:\/\/mikelatseuskaltegia.com\/eu\/wp-json\/wp\/v2\/posts\/3485","targetHints":{"allow":["GET"]}}],"collection":[{"href":"https:\/\/mikelatseuskaltegia.com\/eu\/wp-json\/wp\/v2\/posts"}],"about":[{"href":"https:\/\/mikelatseuskaltegia.com\/eu\/wp-json\/wp\/v2\/types\/post"}],"author":[{"embeddable":true,"href":"https:\/\/mikelatseuskaltegia.com\/eu\/wp-json\/wp\/v2\/users\/2"}],"replies":[{"embeddable":true,"href":"https:\/\/mikelatseuskaltegia.com\/eu\/wp-json\/wp\/v2\/comments?post=3485"}],"version-history":[{"count":3,"href":"https:\/\/mikelatseuskaltegia.com\/eu\/wp-json\/wp\/v2\/posts\/3485\/revisions"}],"predecessor-version":[{"id":3490,"href":"https:\/\/mikelatseuskaltegia.com\/eu\/wp-json\/wp\/v2\/posts\/3485\/revisions\/3490"}],"wp:featuredmedia":[{"embeddable":true,"href":"https:\/\/mikelatseuskaltegia.com\/eu\/wp-json\/wp\/v2\/media\/3491"}],"wp:attachment":[{"href":"https:\/\/mikelatseuskaltegia.com\/eu\/wp-json\/wp\/v2\/media?parent=3485"}],"wp:term":[{"taxonomy":"category","embeddable":true,"href":"https:\/\/mikelatseuskaltegia.com\/eu\/wp-json\/wp\/v2\/categories?post=3485"},{"taxonomy":"post_tag","embeddable":true,"href":"https:\/\/mikelatseuskaltegia.com\/eu\/wp-json\/wp\/v2\/tags?post=3485"}],"curies":[{"name":"wp","href":"https:\/\/api.w.org\/{rel}","templated":true}]}}