{"id":3532,"date":"2024-04-29T10:48:43","date_gmt":"2024-04-29T08:48:43","guid":{"rendered":"https:\/\/mikelatseuskaltegia.com\/eu\/?p=3532"},"modified":"2024-04-29T11:40:29","modified_gmt":"2024-04-29T09:40:29","slug":"euskara-ibiltaria-llega-al-edificio-cultural-plateruena-de-durango","status":"publish","type":"post","link":"https:\/\/mikelatseuskaltegia.com\/eu\/euskara-ibiltaria-llega-al-edificio-cultural-plateruena-de-durango\/","title":{"rendered":"\u201cEuskara Ibiltaria\u201d llega al edificio cultural Plateruena de Durango"},"content":{"rendered":"<h4>Una exposici\u00f3n llena de emociones con las que sentir\u00e1s y vivir\u00e1s todas sus variantes y dialectos<\/h4>\n<p>La exposici\u00f3n &#8216;Euskara ibiltaria&#8217;, cuya finalidad es mostrar la versatilidad y riqueza del euskera en todos sus dialectos\u00a0 y con todos tus sentidos, se inaugur\u00f3 el pasado martes 23 de abril en el Plateruena de Durango Bizkaia, y permanecer\u00e1 abierta hasta el pr\u00f3ximo 15 de mayo. Una cita muy especial con la lengua vasca\u00a0 en un espacio en el que podr\u00e1s leer, escuchar, oler y jugar con palabras y voces en euskera.<\/p>\n<h4><strong>Atlas ling\u00fc\u00edstico<\/strong><\/h4>\n<p>La obra\u00a0<a href=\"https:\/\/www.euskaltzaindia.eus\/index.php?option=com_content&#038;view=article&#038;id=565&#038;Itemid=466&#038;lang=eu\">Euskararen Herri Hizkeren Atlasa<\/a>\u00a0(Atlas de las Variedades Locales del Euskera) es un prop\u00f3sito que perdura desde la fundaci\u00f3n de Euskaltzaindia y que ahora da un paso m\u00e1s con esta presentaci\u00f3n.<\/p>\n<p>El habla es el m\u00e1s humano de los rasgos de una persona. A trav\u00e9s del habla expresamos emociones, deseos y valores; conformamos las relaciones y transmitimos nuestras pr\u00e1cticas culturales y sociales.\u00a0La lengua es, por tanto, un reflejo distintivo de la visi\u00f3n del mundo, un veh\u00edculo de expresi\u00f3n cultural y constituye el marco m\u00e1s evidente de nuestra propia identidad. Tal y como afirma la UNESCO, existe un estrecho v\u00ednculo entre la cultura, la lengua y la cosmovisi\u00f3n de un pueblo.<\/p>\n<p>La exposici\u00f3n se divide en cinco grandes temas -Lugares, Materiales, Luz y sonido, Naturaleza, y Vida- y en cada una de ellas se presenta una selecci\u00f3n de los mapas del atlas, que incluye variantes dialectales que se producen en diversas palabras relacionadas con alguno de estos temas, de una manera visual.<\/p>\n<p>La exposici\u00f3n propone juegos, animaciones y otros recursos que sirven para evidenciar la riqueza de los dialectos populares. En esta exposici\u00f3n el visitante, adem\u00e1s de descubrir la riqueza del euskera, podr\u00e1 ver qu\u00e9 es un atlas ling\u00fc\u00edstico a trav\u00e9s del cual podr\u00e1 disfrutar del modo de vida de los siglos XIX. y XX. conocer la vida, la sociedad y las costumbres de aquella \u00e9poca.<\/p>\n<h4>Inscripci\u00f3n previa<\/h4>\n<p data-wp-editing=\"1\"><a href=\"https:\/\/mikelatseuskaltegia.com\/wp-content\/uploads\/2024\/04\/Cartel-Euskara-Ibiltaria-1.jpg\" target=\"_blank\" rel=\"noopener\"><img loading=\"lazy\" decoding=\"async\" class=\"alignleft wp-image-3537 size-medium\" src=\"https:\/\/mikelatseuskaltegia.com\/wp-content\/uploads\/2024\/04\/Cartel-Euskara-Ibiltaria-1-212x300.jpg\" alt=\"\" width=\"212\" height=\"300\" srcset=\"https:\/\/mikelatseuskaltegia.com\/wp-content\/uploads\/2024\/04\/Cartel-Euskara-Ibiltaria-1-212x300.jpg 212w, https:\/\/mikelatseuskaltegia.com\/wp-content\/uploads\/2024\/04\/Cartel-Euskara-Ibiltaria-1-500x707.jpg 500w, https:\/\/mikelatseuskaltegia.com\/wp-content\/uploads\/2024\/04\/Cartel-Euskara-Ibiltaria-1.jpg 707w\" sizes=\"auto, (max-width: 212px) 100vw, 212px\" \/><\/a>La presentaci\u00f3n puede visitarse los jueves y viernes de 17:00 a 19:00, los s\u00e1bados 10:30 a 13:30 y adem\u00e1s, los d\u00edas 3 y 9 de mayo, habr\u00e1 visita guiada gratuita. La del viernes d\u00eda 3, ser\u00e1 en castellano a las 18:00 y la del jueves d\u00eda 9, ser\u00e1 a las 18:00 en euskera. Para estas visitas, har\u00e1 falta previa inscripci\u00f3n la cu\u00e1l se podr\u00e1 realizar en la oficina de turismo de Durango, enviando un mail al <a href=\"mailto:turismo@durango.eus\">turismo@durango.eus<\/a> o llamando al tel\u00e9fono que se proporciona en la imagen.<\/p>\n<p>&nbsp;<\/p>\n<p>Si deseas conocer m\u00e1s temas \u00a0y actividades relacionadas con el euskera o con aprender el idioma, no dudes en ponerte en contacto con<a href=\"https:\/\/mikelatseuskaltegia.com\/\"> Mikelats Euskaltegia<\/a> porque estaremos encantadas y encantados de hablar contigo. Ll\u00e1manos al <strong>94 402 86 50<\/strong> o al <strong>94 415 32 95<\/strong> \u00a1te estamos esperando!<\/p>\n","protected":false},"excerpt":{"rendered":"<p>Una exposici\u00f3n llena de emociones con las que sentir\u00e1s y vivir\u00e1s todas sus variantes y dialectos La exposici\u00f3n &#8216;Euskara ibiltaria&#8217;, [&hellip;]<\/p>\n","protected":false},"author":1,"featured_media":3533,"comment_status":"open","ping_status":"open","sticky":false,"template":"","format":"standard","meta":{"_vp_format_video_url":"","_vp_image_focal_point":[],"footnotes":""},"categories":[27,67],"tags":[],"class_list":["post-3532","post","type-post","status-publish","format-standard","has-post-thumbnail","hentry","category-euskera","category-noticias"],"yoast_head":"<!-- This site is optimized with the Yoast SEO plugin v27.4 - https:\/\/yoast.com\/product\/yoast-seo-wordpress\/ -->\n<title>\u201cEuskara Ibiltaria\u201d llega al edificio cultural Plateruena de Durango<\/title>\n<meta name=\"description\" content=\"La exposici\u00f3n &#039;Euskara ibiltaria&#039;, cuya finalidad es mostrar la versatilidad y riqueza del euskera, permanecer\u00e1 hasta el 15 de mayo.\" \/>\n<meta name=\"robots\" content=\"index, follow, max-snippet:-1, max-image-preview:large, max-video-preview:-1\" \/>\n<link rel=\"canonical\" href=\"https:\/\/mikelatseuskaltegia.com\/eu\/euskara-ibiltaria-llega-al-edificio-cultural-plateruena-de-durango\/\" \/>\n<meta property=\"og:locale\" content=\"en_US\" \/>\n<meta property=\"og:locale:alternate\" content=\"es_ES\" \/>\n<meta property=\"og:type\" content=\"article\" \/>\n<meta property=\"og:title\" content=\"\u201cEuskara Ibiltaria\u201d llega al edificio cultural Plateruena de Durango\" \/>\n<meta property=\"og:description\" content=\"La exposici\u00f3n &#039;Euskara ibiltaria&#039;, cuya finalidad es mostrar la versatilidad y riqueza del euskera, permanecer\u00e1 hasta el 15 de mayo.\" \/>\n<meta property=\"og:url\" content=\"https:\/\/mikelatseuskaltegia.com\/eu\/euskara-ibiltaria-llega-al-edificio-cultural-plateruena-de-durango\/\" \/>\n<meta property=\"og:site_name\" content=\"Mikelats Euskaltegia\" \/>\n<meta property=\"article:published_time\" content=\"2024-04-29T08:48:43+00:00\" \/>\n<meta property=\"article:modified_time\" content=\"2024-04-29T09:40:29+00:00\" \/>\n<meta property=\"og:image\" content=\"https:\/\/mikelatseuskaltegia.com\/wp-content\/uploads\/2024\/04\/Cartel-Euskara-Ibiltaria-e1714381361125.jpg\" \/>\n\t<meta property=\"og:image:width\" content=\"706\" \/>\n\t<meta property=\"og:image:height\" content=\"353\" \/>\n\t<meta property=\"og:image:type\" content=\"image\/jpeg\" \/>\n<meta name=\"author\" content=\"Imagine-Mikelats\" \/>\n<meta name=\"twitter:card\" content=\"summary_large_image\" \/>\n<meta name=\"twitter:label1\" content=\"Written by\" \/>\n\t<meta name=\"twitter:data1\" content=\"Imagine-Mikelats\" \/>\n\t<meta name=\"twitter:label2\" content=\"Est. reading time\" \/>\n\t<meta name=\"twitter:data2\" content=\"3 minutua\" \/>\n<script type=\"application\/ld+json\" class=\"yoast-schema-graph\">{\"@context\":\"https:\\\/\\\/schema.org\",\"@graph\":[{\"@type\":\"Article\",\"@id\":\"https:\\\/\\\/mikelatseuskaltegia.com\\\/euskara-ibiltaria-llega-al-edificio-cultural-plateruena-de-durango\\\/#article\",\"isPartOf\":{\"@id\":\"https:\\\/\\\/mikelatseuskaltegia.com\\\/euskara-ibiltaria-llega-al-edificio-cultural-plateruena-de-durango\\\/\"},\"author\":{\"name\":\"Imagine-Mikelats\",\"@id\":\"https:\\\/\\\/mikelatseuskaltegia.com\\\/#\\\/schema\\\/person\\\/1273fac7eeb78760153815c396487b26\"},\"headline\":\"\u201cEuskara Ibiltaria\u201d llega al edificio cultural Plateruena de Durango\",\"datePublished\":\"2024-04-29T08:48:43+00:00\",\"dateModified\":\"2024-04-29T09:40:29+00:00\",\"mainEntityOfPage\":{\"@id\":\"https:\\\/\\\/mikelatseuskaltegia.com\\\/euskara-ibiltaria-llega-al-edificio-cultural-plateruena-de-durango\\\/\"},\"wordCount\":975,\"commentCount\":0,\"publisher\":{\"@id\":\"https:\\\/\\\/mikelatseuskaltegia.com\\\/#organization\"},\"image\":{\"@id\":\"https:\\\/\\\/mikelatseuskaltegia.com\\\/euskara-ibiltaria-llega-al-edificio-cultural-plateruena-de-durango\\\/#primaryimage\"},\"thumbnailUrl\":\"https:\\\/\\\/mikelatseuskaltegia.com\\\/wp-content\\\/uploads\\\/2024\\\/04\\\/Cartel-Euskara-Ibiltaria-e1714381361125.jpg\",\"articleSection\":[\"Euskera\",\"Albisteak\"],\"inLanguage\":\"eu\"},{\"@type\":\"WebPage\",\"@id\":\"https:\\\/\\\/mikelatseuskaltegia.com\\\/euskara-ibiltaria-llega-al-edificio-cultural-plateruena-de-durango\\\/\",\"url\":\"https:\\\/\\\/mikelatseuskaltegia.com\\\/euskara-ibiltaria-llega-al-edificio-cultural-plateruena-de-durango\\\/\",\"name\":\"\u201cEuskara Ibiltaria\u201d llega al edificio cultural Plateruena de Durango\",\"isPartOf\":{\"@id\":\"https:\\\/\\\/mikelatseuskaltegia.com\\\/#website\"},\"primaryImageOfPage\":{\"@id\":\"https:\\\/\\\/mikelatseuskaltegia.com\\\/euskara-ibiltaria-llega-al-edificio-cultural-plateruena-de-durango\\\/#primaryimage\"},\"image\":{\"@id\":\"https:\\\/\\\/mikelatseuskaltegia.com\\\/euskara-ibiltaria-llega-al-edificio-cultural-plateruena-de-durango\\\/#primaryimage\"},\"thumbnailUrl\":\"https:\\\/\\\/mikelatseuskaltegia.com\\\/wp-content\\\/uploads\\\/2024\\\/04\\\/Cartel-Euskara-Ibiltaria-e1714381361125.jpg\",\"datePublished\":\"2024-04-29T08:48:43+00:00\",\"dateModified\":\"2024-04-29T09:40:29+00:00\",\"description\":\"La exposici\u00f3n 'Euskara ibiltaria', cuya finalidad es mostrar la versatilidad y riqueza del euskera, permanecer\u00e1 hasta el 15 de mayo.\",\"breadcrumb\":{\"@id\":\"https:\\\/\\\/mikelatseuskaltegia.com\\\/euskara-ibiltaria-llega-al-edificio-cultural-plateruena-de-durango\\\/#breadcrumb\"},\"inLanguage\":\"eu\",\"potentialAction\":[{\"@type\":\"ReadAction\",\"target\":[\"https:\\\/\\\/mikelatseuskaltegia.com\\\/euskara-ibiltaria-llega-al-edificio-cultural-plateruena-de-durango\\\/\"]}]},{\"@type\":\"ImageObject\",\"inLanguage\":\"eu\",\"@id\":\"https:\\\/\\\/mikelatseuskaltegia.com\\\/euskara-ibiltaria-llega-al-edificio-cultural-plateruena-de-durango\\\/#primaryimage\",\"url\":\"https:\\\/\\\/mikelatseuskaltegia.com\\\/wp-content\\\/uploads\\\/2024\\\/04\\\/Cartel-Euskara-Ibiltaria-e1714381361125.jpg\",\"contentUrl\":\"https:\\\/\\\/mikelatseuskaltegia.com\\\/wp-content\\\/uploads\\\/2024\\\/04\\\/Cartel-Euskara-Ibiltaria-e1714381361125.jpg\",\"width\":706,\"height\":353},{\"@type\":\"BreadcrumbList\",\"@id\":\"https:\\\/\\\/mikelatseuskaltegia.com\\\/euskara-ibiltaria-llega-al-edificio-cultural-plateruena-de-durango\\\/#breadcrumb\",\"itemListElement\":[{\"@type\":\"ListItem\",\"position\":1,\"name\":\"Portada\",\"item\":\"https:\\\/\\\/mikelatseuskaltegia.com\\\/eu\\\/\"},{\"@type\":\"ListItem\",\"position\":2,\"name\":\"\u201cEuskara Ibiltaria\u201d llega al edificio cultural Plateruena de Durango\"}]},{\"@type\":\"WebSite\",\"@id\":\"https:\\\/\\\/mikelatseuskaltegia.com\\\/#website\",\"url\":\"https:\\\/\\\/mikelatseuskaltegia.com\\\/\",\"name\":\"Mikelats Euskaltegia\",\"description\":\"Mikelats euskaltegia es especialista en euskaltegi Bilbao\",\"publisher\":{\"@id\":\"https:\\\/\\\/mikelatseuskaltegia.com\\\/#organization\"},\"potentialAction\":[{\"@type\":\"SearchAction\",\"target\":{\"@type\":\"EntryPoint\",\"urlTemplate\":\"https:\\\/\\\/mikelatseuskaltegia.com\\\/?s={search_term_string}\"},\"query-input\":{\"@type\":\"PropertyValueSpecification\",\"valueRequired\":true,\"valueName\":\"search_term_string\"}}],\"inLanguage\":\"eu\"},{\"@type\":\"Organization\",\"@id\":\"https:\\\/\\\/mikelatseuskaltegia.com\\\/#organization\",\"name\":\"Mikelats Euskaltegia\",\"url\":\"https:\\\/\\\/mikelatseuskaltegia.com\\\/\",\"logo\":{\"@type\":\"ImageObject\",\"inLanguage\":\"eu\",\"@id\":\"https:\\\/\\\/mikelatseuskaltegia.com\\\/#\\\/schema\\\/logo\\\/image\\\/\",\"url\":\"http:\\\/\\\/nueva.mikelatseuskaltegia.com\\\/wp-content\\\/uploads\\\/2019\\\/12\\\/logotipo-mikelatz.png\",\"contentUrl\":\"http:\\\/\\\/nueva.mikelatseuskaltegia.com\\\/wp-content\\\/uploads\\\/2019\\\/12\\\/logotipo-mikelatz.png\",\"width\":109,\"height\":77,\"caption\":\"Mikelats Euskaltegia\"},\"image\":{\"@id\":\"https:\\\/\\\/mikelatseuskaltegia.com\\\/#\\\/schema\\\/logo\\\/image\\\/\"}},{\"@type\":\"Person\",\"@id\":\"https:\\\/\\\/mikelatseuskaltegia.com\\\/#\\\/schema\\\/person\\\/1273fac7eeb78760153815c396487b26\",\"name\":\"Imagine-Mikelats\",\"image\":{\"@type\":\"ImageObject\",\"inLanguage\":\"eu\",\"@id\":\"https:\\\/\\\/secure.gravatar.com\\\/avatar\\\/df7a99a00854e304faeadbdd060f9b5f299fa83019935482c10af5b762399989?s=96&d=mm&r=g\",\"url\":\"https:\\\/\\\/secure.gravatar.com\\\/avatar\\\/df7a99a00854e304faeadbdd060f9b5f299fa83019935482c10af5b762399989?s=96&d=mm&r=g\",\"contentUrl\":\"https:\\\/\\\/secure.gravatar.com\\\/avatar\\\/df7a99a00854e304faeadbdd060f9b5f299fa83019935482c10af5b762399989?s=96&d=mm&r=g\",\"caption\":\"Imagine-Mikelats\"}}]}<\/script>\n<!-- \/ Yoast SEO plugin. -->","yoast_head_json":{"title":"\u201cEuskara Ibiltaria\u201d llega al edificio cultural Plateruena de Durango","description":"La exposici\u00f3n 'Euskara ibiltaria', cuya finalidad es mostrar la versatilidad y riqueza del euskera, permanecer\u00e1 hasta el 15 de mayo.","robots":{"index":"index","follow":"follow","max-snippet":"max-snippet:-1","max-image-preview":"max-image-preview:large","max-video-preview":"max-video-preview:-1"},"canonical":"https:\/\/mikelatseuskaltegia.com\/eu\/euskara-ibiltaria-llega-al-edificio-cultural-plateruena-de-durango\/","og_locale":"en_US","og_type":"article","og_title":"[:es]\u201cEuskara Ibiltaria\u201d llega al edificio cultural Plateruena de Durango[:eu]\u201cEuskara Ibiltaria\u201d llega al edificio cultural Plateruena de Durango[:] - Mikelats Euskaltegia","og_description":"[:es]La exposici\u00f3n 'Euskara ibiltaria', cuya finalidad es mostrar la versatilidad y riqueza del euskera permanecer\u00e1 hasta el pr\u00f3ximo 15 de mayo.[:eu]La exposici\u00f3n 'Euskara ibiltaria', cuya finalidad es mostrar la versatilidad y riqueza del euskera, permanecer\u00e1 hasta el 15 de mayo.[:]","og_url":"https:\/\/mikelatseuskaltegia.com\/eu\/euskara-ibiltaria-llega-al-edificio-cultural-plateruena-de-durango\/","og_site_name":"Mikelats Euskaltegia","article_published_time":"2024-04-29T08:48:43+00:00","article_modified_time":"2024-04-29T09:40:29+00:00","og_image":[{"width":706,"height":353,"url":"https:\/\/mikelatseuskaltegia.com\/wp-content\/uploads\/2024\/04\/Cartel-Euskara-Ibiltaria-e1714381361125.jpg","type":"image\/jpeg"}],"author":"Imagine-Mikelats","twitter_card":"summary_large_image","twitter_misc":{"Written by":"Imagine-Mikelats","Est. reading time":"3 minutua"},"schema":{"@context":"https:\/\/schema.org","@graph":[{"@type":"Article","@id":"https:\/\/mikelatseuskaltegia.com\/euskara-ibiltaria-llega-al-edificio-cultural-plateruena-de-durango\/#article","isPartOf":{"@id":"https:\/\/mikelatseuskaltegia.com\/euskara-ibiltaria-llega-al-edificio-cultural-plateruena-de-durango\/"},"author":{"name":"Imagine-Mikelats","@id":"https:\/\/mikelatseuskaltegia.com\/#\/schema\/person\/1273fac7eeb78760153815c396487b26"},"headline":"\u201cEuskara Ibiltaria\u201d llega al edificio cultural Plateruena de Durango","datePublished":"2024-04-29T08:48:43+00:00","dateModified":"2024-04-29T09:40:29+00:00","mainEntityOfPage":{"@id":"https:\/\/mikelatseuskaltegia.com\/euskara-ibiltaria-llega-al-edificio-cultural-plateruena-de-durango\/"},"wordCount":975,"commentCount":0,"publisher":{"@id":"https:\/\/mikelatseuskaltegia.com\/#organization"},"image":{"@id":"https:\/\/mikelatseuskaltegia.com\/euskara-ibiltaria-llega-al-edificio-cultural-plateruena-de-durango\/#primaryimage"},"thumbnailUrl":"https:\/\/mikelatseuskaltegia.com\/wp-content\/uploads\/2024\/04\/Cartel-Euskara-Ibiltaria-e1714381361125.jpg","articleSection":["Euskera","Albisteak"],"inLanguage":"eu"},{"@type":"WebPage","@id":"https:\/\/mikelatseuskaltegia.com\/euskara-ibiltaria-llega-al-edificio-cultural-plateruena-de-durango\/","url":"https:\/\/mikelatseuskaltegia.com\/euskara-ibiltaria-llega-al-edificio-cultural-plateruena-de-durango\/","name":"\u201cEuskara Ibiltaria\u201d llega al edificio cultural Plateruena de Durango","isPartOf":{"@id":"https:\/\/mikelatseuskaltegia.com\/#website"},"primaryImageOfPage":{"@id":"https:\/\/mikelatseuskaltegia.com\/euskara-ibiltaria-llega-al-edificio-cultural-plateruena-de-durango\/#primaryimage"},"image":{"@id":"https:\/\/mikelatseuskaltegia.com\/euskara-ibiltaria-llega-al-edificio-cultural-plateruena-de-durango\/#primaryimage"},"thumbnailUrl":"https:\/\/mikelatseuskaltegia.com\/wp-content\/uploads\/2024\/04\/Cartel-Euskara-Ibiltaria-e1714381361125.jpg","datePublished":"2024-04-29T08:48:43+00:00","dateModified":"2024-04-29T09:40:29+00:00","description":"La exposici\u00f3n 'Euskara ibiltaria', cuya finalidad es mostrar la versatilidad y riqueza del euskera, permanecer\u00e1 hasta el 15 de mayo.","breadcrumb":{"@id":"https:\/\/mikelatseuskaltegia.com\/euskara-ibiltaria-llega-al-edificio-cultural-plateruena-de-durango\/#breadcrumb"},"inLanguage":"eu","potentialAction":[{"@type":"ReadAction","target":["https:\/\/mikelatseuskaltegia.com\/euskara-ibiltaria-llega-al-edificio-cultural-plateruena-de-durango\/"]}]},{"@type":"ImageObject","inLanguage":"eu","@id":"https:\/\/mikelatseuskaltegia.com\/euskara-ibiltaria-llega-al-edificio-cultural-plateruena-de-durango\/#primaryimage","url":"https:\/\/mikelatseuskaltegia.com\/wp-content\/uploads\/2024\/04\/Cartel-Euskara-Ibiltaria-e1714381361125.jpg","contentUrl":"https:\/\/mikelatseuskaltegia.com\/wp-content\/uploads\/2024\/04\/Cartel-Euskara-Ibiltaria-e1714381361125.jpg","width":706,"height":353},{"@type":"BreadcrumbList","@id":"https:\/\/mikelatseuskaltegia.com\/euskara-ibiltaria-llega-al-edificio-cultural-plateruena-de-durango\/#breadcrumb","itemListElement":[{"@type":"ListItem","position":1,"name":"Portada","item":"https:\/\/mikelatseuskaltegia.com\/eu\/"},{"@type":"ListItem","position":2,"name":"\u201cEuskara Ibiltaria\u201d llega al edificio cultural Plateruena de Durango"}]},{"@type":"WebSite","@id":"https:\/\/mikelatseuskaltegia.com\/#website","url":"https:\/\/mikelatseuskaltegia.com\/","name":"Mikelats Euskaltegia","description":"Mikelats euskaltegia es especialista en euskaltegi Bilbao","publisher":{"@id":"https:\/\/mikelatseuskaltegia.com\/#organization"},"potentialAction":[{"@type":"SearchAction","target":{"@type":"EntryPoint","urlTemplate":"https:\/\/mikelatseuskaltegia.com\/?s={search_term_string}"},"query-input":{"@type":"PropertyValueSpecification","valueRequired":true,"valueName":"search_term_string"}}],"inLanguage":"eu"},{"@type":"Organization","@id":"https:\/\/mikelatseuskaltegia.com\/#organization","name":"Mikelats Euskaltegia","url":"https:\/\/mikelatseuskaltegia.com\/","logo":{"@type":"ImageObject","inLanguage":"eu","@id":"https:\/\/mikelatseuskaltegia.com\/#\/schema\/logo\/image\/","url":"http:\/\/nueva.mikelatseuskaltegia.com\/wp-content\/uploads\/2019\/12\/logotipo-mikelatz.png","contentUrl":"http:\/\/nueva.mikelatseuskaltegia.com\/wp-content\/uploads\/2019\/12\/logotipo-mikelatz.png","width":109,"height":77,"caption":"Mikelats Euskaltegia"},"image":{"@id":"https:\/\/mikelatseuskaltegia.com\/#\/schema\/logo\/image\/"}},{"@type":"Person","@id":"https:\/\/mikelatseuskaltegia.com\/#\/schema\/person\/1273fac7eeb78760153815c396487b26","name":"Imagine-Mikelats","image":{"@type":"ImageObject","inLanguage":"eu","@id":"https:\/\/secure.gravatar.com\/avatar\/df7a99a00854e304faeadbdd060f9b5f299fa83019935482c10af5b762399989?s=96&d=mm&r=g","url":"https:\/\/secure.gravatar.com\/avatar\/df7a99a00854e304faeadbdd060f9b5f299fa83019935482c10af5b762399989?s=96&d=mm&r=g","contentUrl":"https:\/\/secure.gravatar.com\/avatar\/df7a99a00854e304faeadbdd060f9b5f299fa83019935482c10af5b762399989?s=96&d=mm&r=g","caption":"Imagine-Mikelats"}}]}},"_links":{"self":[{"href":"https:\/\/mikelatseuskaltegia.com\/eu\/wp-json\/wp\/v2\/posts\/3532","targetHints":{"allow":["GET"]}}],"collection":[{"href":"https:\/\/mikelatseuskaltegia.com\/eu\/wp-json\/wp\/v2\/posts"}],"about":[{"href":"https:\/\/mikelatseuskaltegia.com\/eu\/wp-json\/wp\/v2\/types\/post"}],"author":[{"embeddable":true,"href":"https:\/\/mikelatseuskaltegia.com\/eu\/wp-json\/wp\/v2\/users\/1"}],"replies":[{"embeddable":true,"href":"https:\/\/mikelatseuskaltegia.com\/eu\/wp-json\/wp\/v2\/comments?post=3532"}],"version-history":[{"count":13,"href":"https:\/\/mikelatseuskaltegia.com\/eu\/wp-json\/wp\/v2\/posts\/3532\/revisions"}],"predecessor-version":[{"id":3548,"href":"https:\/\/mikelatseuskaltegia.com\/eu\/wp-json\/wp\/v2\/posts\/3532\/revisions\/3548"}],"wp:featuredmedia":[{"embeddable":true,"href":"https:\/\/mikelatseuskaltegia.com\/eu\/wp-json\/wp\/v2\/media\/3533"}],"wp:attachment":[{"href":"https:\/\/mikelatseuskaltegia.com\/eu\/wp-json\/wp\/v2\/media?parent=3532"}],"wp:term":[{"taxonomy":"category","embeddable":true,"href":"https:\/\/mikelatseuskaltegia.com\/eu\/wp-json\/wp\/v2\/categories?post=3532"},{"taxonomy":"post_tag","embeddable":true,"href":"https:\/\/mikelatseuskaltegia.com\/eu\/wp-json\/wp\/v2\/tags?post=3532"}],"curies":[{"name":"wp","href":"https:\/\/api.w.org\/{rel}","templated":true}]}}