{"id":3741,"date":"2024-09-30T11:30:02","date_gmt":"2024-09-30T09:30:02","guid":{"rendered":"https:\/\/mikelatseuskaltegia.com\/?p=3741"},"modified":"2025-10-01T16:54:59","modified_gmt":"2025-10-01T14:54:59","slug":"el-consejo-de-europa-solicita-que-se-garantice-el-uso-del-euskera-en-los-juicios-en-euskadi-y-navarra","status":"publish","type":"post","link":"https:\/\/mikelatseuskaltegia.com\/eu\/el-consejo-de-europa-solicita-que-se-garantice-el-uso-del-euskera-en-los-juicios-en-euskadi-y-navarra\/","title":{"rendered":"El Consejo de Europa solicita que se garantice el uso del euskera en los juicios en Euskadi y Navarra"},"content":{"rendered":"<h2>Esto influir\u00e1 en las futuras oposiciones a puestos judiciales lo que anima a\u00fan m\u00e1s a hablar nuestra lengua<\/h2>\n<p>La evaluaci\u00f3n que el <strong>Consejo Europeo<\/strong> ha hecho sobre Espa\u00f1a, en relaci\u00f3n a las lenguas regionales y minoritarias de nuestro pa\u00eds, considera que el sistema de protecci\u00f3n tanto del euskera, como del catal\u00e1n y el gallego est\u00e1 bien desarrollado y son lenguas aceptadas tanto en el Senado como en el Congreso.<\/p>\n<p>Sin embargo, El Consejo ha mencionado que, en cuanto a la justicia, la ley actual no garantiza que los tribunales realicen el oficio en las lenguas cooficiales, es m\u00e1s, casi nunca se hace uso de ellas ni si quiera en los documentos que se necesitan, por ello se han decidido llamar la atenci\u00f3n sobre este tema.<\/p>\n<h4><strong>Evaluaci\u00f3n sobre el euskera<\/strong><\/h4>\n<p>Centr\u00e1ndonos m\u00e1s en el euskera, el Consejo Europeo ha solicitado que se garantice el uso del mismo en los juicios en los que cualquiera de las partes lo requiera, tanto en Euskadi como en Navarra, pidiendo adem\u00e1s que se recojan los documentos relacionados tambi\u00e9n en el idioma y quede registrado en los procedimientos judiciales como tal.<\/p>\n<p>A d\u00eda de hoy el hecho de solicitar documentaci\u00f3n en euskera en el \u00e1mbito judicial es muy escaso y casi imposible.<\/p>\n<p>El archivo judicial no es el \u00fanico que preocupa al consejo, y tambi\u00e9n han destacado que en otras administraciones p\u00fablicas a\u00fan siguen facilitando documentaci\u00f3n \u00fanicamente en castellano.<\/p>\n<h4><strong>Diferencia entre Euskadi y Navarra<\/strong><\/h4>\n<p>Aunque en Euskadi la legislaci\u00f3n es pr\u00e1cticamente la misma en todas sus \u00e1reas, en Navarra, la gran diferencia que hay por zonas de la legislaci\u00f3n sobre el idioma, dificulta que las barreras se suavicen. Aunque en Euskadi la lengua es cooficial junto con el castellano en toda la comunidad aut\u00f3noma, en Navarra solo lo es en la zona norte.<\/p>\n<p>Es en esta zona vascoparlante en la que se ha solicitado que exista la posibilidad de ver cadenas televisivas en euskera. Adem\u00e1s, se ha destacado que la oferta televisiva nacional en idiomas cooficiales es muy escasa.<\/p>\n<p>A pesar de que las ofertas televisivas y de radio no son pocas, la referencia va relacionada a la televisi\u00f3n estatal, con <strong>el objetivo<\/strong> de que las lenguas regionales y minoritarias habladas en el territorio espa\u00f1ol queden reflejadas en todo el territorio.<\/p>\n<p>Sabemos que realizar un cambio a nivel estatal, es un proceso muy lento, pero ver que el euskera cada vez tiene m\u00e1s presencia, es un hecho relevante.<\/p>\n<h4><strong>Mayor presencia en oposiciones judiciales<\/strong><\/h4>\n<p>Hasta el momento en las oposiciones para los cuerpos Generales de las Oposiciones a Justicia del Estado espa\u00f1ol, con independencia del territorio o Comunidad donde se imparta la ley, no se exige el conocimiento de las lenguas auton\u00f3micas. La petici\u00f3n del Consejo de Europa plantea un nuevo escenario de futuro por lo que ser\u00e1 importante, preparar los perfiles ling\u00fc\u00edsticos para opositar a Justicia en Euskadi y Navarra.<\/p>\n<p>Si quieres m\u00e1s informaci\u00f3n sobre<strong> el tema ven a Mikelats<\/strong>, te atenderemos como te mereces. \u00a1Vis\u00edtanos e <a href=\"https:\/\/mikelatseuskaltegia.com\/\">Inscr\u00edbete ya<\/a>!<\/p>\n","protected":false},"excerpt":{"rendered":"<p>Esto influir\u00e1 en las futuras oposiciones a puestos judiciales lo que anima a\u00fan m\u00e1s a hablar nuestra lengua La evaluaci\u00f3n [&hellip;]<\/p>\n","protected":false},"author":3,"featured_media":3742,"comment_status":"closed","ping_status":"closed","sticky":false,"template":"","format":"standard","meta":{"_vp_format_video_url":"","_vp_image_focal_point":[],"footnotes":""},"categories":[27,21,67],"tags":[],"class_list":["post-3741","post","type-post","status-publish","format-standard","has-post-thumbnail","hentry","category-euskera","category-mikelats","category-noticias"],"yoast_head":"<!-- This site is optimized with the Yoast SEO plugin v27.4 - https:\/\/yoast.com\/product\/yoast-seo-wordpress\/ -->\n<title>El Consejo de Europa solicita que se garantice el uso del euskera<\/title>\n<meta name=\"description\" content=\"El Consejo Europeo solicita que se garantice el uso del euskera en los juicios en Euskadi y Navarra. Piden lo mismo para el catal\u00e1n y el gallego.\" \/>\n<meta name=\"robots\" content=\"index, follow, max-snippet:-1, max-image-preview:large, max-video-preview:-1\" \/>\n<link rel=\"canonical\" href=\"https:\/\/mikelatseuskaltegia.com\/eu\/el-consejo-de-europa-solicita-que-se-garantice-el-uso-del-euskera-en-los-juicios-en-euskadi-y-navarra\/\" \/>\n<meta property=\"og:locale\" content=\"en_US\" \/>\n<meta property=\"og:locale:alternate\" content=\"es_ES\" \/>\n<meta property=\"og:type\" content=\"article\" \/>\n<meta property=\"og:title\" content=\"El Consejo de Europa solicita que se garantice el uso del euskera\" \/>\n<meta property=\"og:description\" content=\"El Consejo Europeo solicita que se garantice el uso del euskera en los juicios en Euskadi y Navarra. Piden lo mismo para el catal\u00e1n y el gallego.\" \/>\n<meta property=\"og:url\" content=\"https:\/\/mikelatseuskaltegia.com\/eu\/el-consejo-de-europa-solicita-que-se-garantice-el-uso-del-euskera-en-los-juicios-en-euskadi-y-navarra\/\" \/>\n<meta property=\"og:site_name\" content=\"Mikelats Euskaltegia\" \/>\n<meta property=\"article:published_time\" content=\"2024-09-30T09:30:02+00:00\" \/>\n<meta property=\"article:modified_time\" content=\"2025-10-01T14:54:59+00:00\" \/>\n<meta property=\"og:image\" content=\"https:\/\/mikelatseuskaltegia.com\/wp-content\/uploads\/2024\/10\/people-taking-part-high-protocol-event-scaled.jpg\" \/>\n\t<meta property=\"og:image:width\" content=\"2560\" \/>\n\t<meta property=\"og:image:height\" content=\"1707\" \/>\n\t<meta property=\"og:image:type\" content=\"image\/jpeg\" \/>\n<meta name=\"author\" content=\"Mikelats\" \/>\n<meta name=\"twitter:card\" content=\"summary_large_image\" \/>\n<meta name=\"twitter:label1\" content=\"Written by\" \/>\n\t<meta name=\"twitter:data1\" content=\"Mikelats\" \/>\n\t<meta name=\"twitter:label2\" content=\"Est. reading time\" \/>\n\t<meta name=\"twitter:data2\" content=\"3 minutua\" \/>\n<script type=\"application\/ld+json\" class=\"yoast-schema-graph\">{\"@context\":\"https:\\\/\\\/schema.org\",\"@graph\":[{\"@type\":\"Article\",\"@id\":\"https:\\\/\\\/mikelatseuskaltegia.com\\\/el-consejo-de-europa-solicita-que-se-garantice-el-uso-del-euskera-en-los-juicios-en-euskadi-y-navarra\\\/#article\",\"isPartOf\":{\"@id\":\"https:\\\/\\\/mikelatseuskaltegia.com\\\/el-consejo-de-europa-solicita-que-se-garantice-el-uso-del-euskera-en-los-juicios-en-euskadi-y-navarra\\\/\"},\"author\":{\"name\":\"Mikelats\",\"@id\":\"https:\\\/\\\/mikelatseuskaltegia.com\\\/#\\\/schema\\\/person\\\/d3639b04a236985dcc30249b35c9b58a\"},\"headline\":\"El Consejo de Europa solicita que se garantice el uso del euskera en los juicios en Euskadi y Navarra\",\"datePublished\":\"2024-09-30T09:30:02+00:00\",\"dateModified\":\"2025-10-01T14:54:59+00:00\",\"mainEntityOfPage\":{\"@id\":\"https:\\\/\\\/mikelatseuskaltegia.com\\\/el-consejo-de-europa-solicita-que-se-garantice-el-uso-del-euskera-en-los-juicios-en-euskadi-y-navarra\\\/\"},\"wordCount\":551,\"publisher\":{\"@id\":\"https:\\\/\\\/mikelatseuskaltegia.com\\\/#organization\"},\"image\":{\"@id\":\"https:\\\/\\\/mikelatseuskaltegia.com\\\/el-consejo-de-europa-solicita-que-se-garantice-el-uso-del-euskera-en-los-juicios-en-euskadi-y-navarra\\\/#primaryimage\"},\"thumbnailUrl\":\"https:\\\/\\\/mikelatseuskaltegia.com\\\/wp-content\\\/uploads\\\/2024\\\/10\\\/people-taking-part-high-protocol-event-scaled.jpg\",\"articleSection\":[\"Euskera\",\"Mikelats\",\"Albisteak\"],\"inLanguage\":\"eu\"},{\"@type\":\"WebPage\",\"@id\":\"https:\\\/\\\/mikelatseuskaltegia.com\\\/el-consejo-de-europa-solicita-que-se-garantice-el-uso-del-euskera-en-los-juicios-en-euskadi-y-navarra\\\/\",\"url\":\"https:\\\/\\\/mikelatseuskaltegia.com\\\/el-consejo-de-europa-solicita-que-se-garantice-el-uso-del-euskera-en-los-juicios-en-euskadi-y-navarra\\\/\",\"name\":\"El Consejo de Europa solicita que se garantice el uso del euskera\",\"isPartOf\":{\"@id\":\"https:\\\/\\\/mikelatseuskaltegia.com\\\/#website\"},\"primaryImageOfPage\":{\"@id\":\"https:\\\/\\\/mikelatseuskaltegia.com\\\/el-consejo-de-europa-solicita-que-se-garantice-el-uso-del-euskera-en-los-juicios-en-euskadi-y-navarra\\\/#primaryimage\"},\"image\":{\"@id\":\"https:\\\/\\\/mikelatseuskaltegia.com\\\/el-consejo-de-europa-solicita-que-se-garantice-el-uso-del-euskera-en-los-juicios-en-euskadi-y-navarra\\\/#primaryimage\"},\"thumbnailUrl\":\"https:\\\/\\\/mikelatseuskaltegia.com\\\/wp-content\\\/uploads\\\/2024\\\/10\\\/people-taking-part-high-protocol-event-scaled.jpg\",\"datePublished\":\"2024-09-30T09:30:02+00:00\",\"dateModified\":\"2025-10-01T14:54:59+00:00\",\"description\":\"El Consejo Europeo solicita que se garantice el uso del euskera en los juicios en Euskadi y Navarra. Piden lo mismo para el catal\u00e1n y el gallego.\",\"breadcrumb\":{\"@id\":\"https:\\\/\\\/mikelatseuskaltegia.com\\\/el-consejo-de-europa-solicita-que-se-garantice-el-uso-del-euskera-en-los-juicios-en-euskadi-y-navarra\\\/#breadcrumb\"},\"inLanguage\":\"eu\",\"potentialAction\":[{\"@type\":\"ReadAction\",\"target\":[\"https:\\\/\\\/mikelatseuskaltegia.com\\\/el-consejo-de-europa-solicita-que-se-garantice-el-uso-del-euskera-en-los-juicios-en-euskadi-y-navarra\\\/\"]}]},{\"@type\":\"ImageObject\",\"inLanguage\":\"eu\",\"@id\":\"https:\\\/\\\/mikelatseuskaltegia.com\\\/el-consejo-de-europa-solicita-que-se-garantice-el-uso-del-euskera-en-los-juicios-en-euskadi-y-navarra\\\/#primaryimage\",\"url\":\"https:\\\/\\\/mikelatseuskaltegia.com\\\/wp-content\\\/uploads\\\/2024\\\/10\\\/people-taking-part-high-protocol-event-scaled.jpg\",\"contentUrl\":\"https:\\\/\\\/mikelatseuskaltegia.com\\\/wp-content\\\/uploads\\\/2024\\\/10\\\/people-taking-part-high-protocol-event-scaled.jpg\",\"width\":2560,\"height\":1707},{\"@type\":\"BreadcrumbList\",\"@id\":\"https:\\\/\\\/mikelatseuskaltegia.com\\\/el-consejo-de-europa-solicita-que-se-garantice-el-uso-del-euskera-en-los-juicios-en-euskadi-y-navarra\\\/#breadcrumb\",\"itemListElement\":[{\"@type\":\"ListItem\",\"position\":1,\"name\":\"Portada\",\"item\":\"https:\\\/\\\/mikelatseuskaltegia.com\\\/eu\\\/\"},{\"@type\":\"ListItem\",\"position\":2,\"name\":\"El Consejo de Europa solicita que se garantice el uso del euskera en los juicios en Euskadi y Navarra\"}]},{\"@type\":\"WebSite\",\"@id\":\"https:\\\/\\\/mikelatseuskaltegia.com\\\/#website\",\"url\":\"https:\\\/\\\/mikelatseuskaltegia.com\\\/\",\"name\":\"Mikelats Euskaltegia\",\"description\":\"Mikelats euskaltegia es especialista en euskaltegi Bilbao\",\"publisher\":{\"@id\":\"https:\\\/\\\/mikelatseuskaltegia.com\\\/#organization\"},\"potentialAction\":[{\"@type\":\"SearchAction\",\"target\":{\"@type\":\"EntryPoint\",\"urlTemplate\":\"https:\\\/\\\/mikelatseuskaltegia.com\\\/?s={search_term_string}\"},\"query-input\":{\"@type\":\"PropertyValueSpecification\",\"valueRequired\":true,\"valueName\":\"search_term_string\"}}],\"inLanguage\":\"eu\"},{\"@type\":\"Organization\",\"@id\":\"https:\\\/\\\/mikelatseuskaltegia.com\\\/#organization\",\"name\":\"Mikelats Euskaltegia\",\"url\":\"https:\\\/\\\/mikelatseuskaltegia.com\\\/\",\"logo\":{\"@type\":\"ImageObject\",\"inLanguage\":\"eu\",\"@id\":\"https:\\\/\\\/mikelatseuskaltegia.com\\\/#\\\/schema\\\/logo\\\/image\\\/\",\"url\":\"http:\\\/\\\/nueva.mikelatseuskaltegia.com\\\/wp-content\\\/uploads\\\/2019\\\/12\\\/logotipo-mikelatz.png\",\"contentUrl\":\"http:\\\/\\\/nueva.mikelatseuskaltegia.com\\\/wp-content\\\/uploads\\\/2019\\\/12\\\/logotipo-mikelatz.png\",\"width\":109,\"height\":77,\"caption\":\"Mikelats Euskaltegia\"},\"image\":{\"@id\":\"https:\\\/\\\/mikelatseuskaltegia.com\\\/#\\\/schema\\\/logo\\\/image\\\/\"}},{\"@type\":\"Person\",\"@id\":\"https:\\\/\\\/mikelatseuskaltegia.com\\\/#\\\/schema\\\/person\\\/d3639b04a236985dcc30249b35c9b58a\",\"name\":\"Mikelats\",\"image\":{\"@type\":\"ImageObject\",\"inLanguage\":\"eu\",\"@id\":\"https:\\\/\\\/secure.gravatar.com\\\/avatar\\\/a69f15aa44e14b786c6ac7076be348a7cf06fefc04c351edeec42417c6990ae7?s=96&d=mm&r=g\",\"url\":\"https:\\\/\\\/secure.gravatar.com\\\/avatar\\\/a69f15aa44e14b786c6ac7076be348a7cf06fefc04c351edeec42417c6990ae7?s=96&d=mm&r=g\",\"contentUrl\":\"https:\\\/\\\/secure.gravatar.com\\\/avatar\\\/a69f15aa44e14b786c6ac7076be348a7cf06fefc04c351edeec42417c6990ae7?s=96&d=mm&r=g\",\"caption\":\"Mikelats\"}}]}<\/script>\n<!-- \/ Yoast SEO plugin. -->","yoast_head_json":{"title":"El Consejo de Europa solicita que se garantice el uso del euskera","description":"El Consejo Europeo solicita que se garantice el uso del euskera en los juicios en Euskadi y Navarra. Piden lo mismo para el catal\u00e1n y el gallego.","robots":{"index":"index","follow":"follow","max-snippet":"max-snippet:-1","max-image-preview":"max-image-preview:large","max-video-preview":"max-video-preview:-1"},"canonical":"https:\/\/mikelatseuskaltegia.com\/eu\/el-consejo-de-europa-solicita-que-se-garantice-el-uso-del-euskera-en-los-juicios-en-euskadi-y-navarra\/","og_locale":"en_US","og_type":"article","og_title":"El Consejo de Europa solicita que se garantice el uso del euskera","og_description":"El Consejo Europeo solicita que se garantice el uso del euskera en los juicios en Euskadi y Navarra. Piden lo mismo para el catal\u00e1n y el gallego.","og_url":"https:\/\/mikelatseuskaltegia.com\/eu\/el-consejo-de-europa-solicita-que-se-garantice-el-uso-del-euskera-en-los-juicios-en-euskadi-y-navarra\/","og_site_name":"Mikelats Euskaltegia","article_published_time":"2024-09-30T09:30:02+00:00","article_modified_time":"2025-10-01T14:54:59+00:00","og_image":[{"width":2560,"height":1707,"url":"https:\/\/mikelatseuskaltegia.com\/wp-content\/uploads\/2024\/10\/people-taking-part-high-protocol-event-scaled.jpg","type":"image\/jpeg"}],"author":"Mikelats","twitter_card":"summary_large_image","twitter_misc":{"Written by":"Mikelats","Est. reading time":"3 minutua"},"schema":{"@context":"https:\/\/schema.org","@graph":[{"@type":"Article","@id":"https:\/\/mikelatseuskaltegia.com\/el-consejo-de-europa-solicita-que-se-garantice-el-uso-del-euskera-en-los-juicios-en-euskadi-y-navarra\/#article","isPartOf":{"@id":"https:\/\/mikelatseuskaltegia.com\/el-consejo-de-europa-solicita-que-se-garantice-el-uso-del-euskera-en-los-juicios-en-euskadi-y-navarra\/"},"author":{"name":"Mikelats","@id":"https:\/\/mikelatseuskaltegia.com\/#\/schema\/person\/d3639b04a236985dcc30249b35c9b58a"},"headline":"El Consejo de Europa solicita que se garantice el uso del euskera en los juicios en Euskadi y Navarra","datePublished":"2024-09-30T09:30:02+00:00","dateModified":"2025-10-01T14:54:59+00:00","mainEntityOfPage":{"@id":"https:\/\/mikelatseuskaltegia.com\/el-consejo-de-europa-solicita-que-se-garantice-el-uso-del-euskera-en-los-juicios-en-euskadi-y-navarra\/"},"wordCount":551,"publisher":{"@id":"https:\/\/mikelatseuskaltegia.com\/#organization"},"image":{"@id":"https:\/\/mikelatseuskaltegia.com\/el-consejo-de-europa-solicita-que-se-garantice-el-uso-del-euskera-en-los-juicios-en-euskadi-y-navarra\/#primaryimage"},"thumbnailUrl":"https:\/\/mikelatseuskaltegia.com\/wp-content\/uploads\/2024\/10\/people-taking-part-high-protocol-event-scaled.jpg","articleSection":["Euskera","Mikelats","Albisteak"],"inLanguage":"eu"},{"@type":"WebPage","@id":"https:\/\/mikelatseuskaltegia.com\/el-consejo-de-europa-solicita-que-se-garantice-el-uso-del-euskera-en-los-juicios-en-euskadi-y-navarra\/","url":"https:\/\/mikelatseuskaltegia.com\/el-consejo-de-europa-solicita-que-se-garantice-el-uso-del-euskera-en-los-juicios-en-euskadi-y-navarra\/","name":"El Consejo de Europa solicita que se garantice el uso del euskera","isPartOf":{"@id":"https:\/\/mikelatseuskaltegia.com\/#website"},"primaryImageOfPage":{"@id":"https:\/\/mikelatseuskaltegia.com\/el-consejo-de-europa-solicita-que-se-garantice-el-uso-del-euskera-en-los-juicios-en-euskadi-y-navarra\/#primaryimage"},"image":{"@id":"https:\/\/mikelatseuskaltegia.com\/el-consejo-de-europa-solicita-que-se-garantice-el-uso-del-euskera-en-los-juicios-en-euskadi-y-navarra\/#primaryimage"},"thumbnailUrl":"https:\/\/mikelatseuskaltegia.com\/wp-content\/uploads\/2024\/10\/people-taking-part-high-protocol-event-scaled.jpg","datePublished":"2024-09-30T09:30:02+00:00","dateModified":"2025-10-01T14:54:59+00:00","description":"El Consejo Europeo solicita que se garantice el uso del euskera en los juicios en Euskadi y Navarra. Piden lo mismo para el catal\u00e1n y el gallego.","breadcrumb":{"@id":"https:\/\/mikelatseuskaltegia.com\/el-consejo-de-europa-solicita-que-se-garantice-el-uso-del-euskera-en-los-juicios-en-euskadi-y-navarra\/#breadcrumb"},"inLanguage":"eu","potentialAction":[{"@type":"ReadAction","target":["https:\/\/mikelatseuskaltegia.com\/el-consejo-de-europa-solicita-que-se-garantice-el-uso-del-euskera-en-los-juicios-en-euskadi-y-navarra\/"]}]},{"@type":"ImageObject","inLanguage":"eu","@id":"https:\/\/mikelatseuskaltegia.com\/el-consejo-de-europa-solicita-que-se-garantice-el-uso-del-euskera-en-los-juicios-en-euskadi-y-navarra\/#primaryimage","url":"https:\/\/mikelatseuskaltegia.com\/wp-content\/uploads\/2024\/10\/people-taking-part-high-protocol-event-scaled.jpg","contentUrl":"https:\/\/mikelatseuskaltegia.com\/wp-content\/uploads\/2024\/10\/people-taking-part-high-protocol-event-scaled.jpg","width":2560,"height":1707},{"@type":"BreadcrumbList","@id":"https:\/\/mikelatseuskaltegia.com\/el-consejo-de-europa-solicita-que-se-garantice-el-uso-del-euskera-en-los-juicios-en-euskadi-y-navarra\/#breadcrumb","itemListElement":[{"@type":"ListItem","position":1,"name":"Portada","item":"https:\/\/mikelatseuskaltegia.com\/eu\/"},{"@type":"ListItem","position":2,"name":"El Consejo de Europa solicita que se garantice el uso del euskera en los juicios en Euskadi y Navarra"}]},{"@type":"WebSite","@id":"https:\/\/mikelatseuskaltegia.com\/#website","url":"https:\/\/mikelatseuskaltegia.com\/","name":"Mikelats Euskaltegia","description":"Mikelats euskaltegia es especialista en euskaltegi Bilbao","publisher":{"@id":"https:\/\/mikelatseuskaltegia.com\/#organization"},"potentialAction":[{"@type":"SearchAction","target":{"@type":"EntryPoint","urlTemplate":"https:\/\/mikelatseuskaltegia.com\/?s={search_term_string}"},"query-input":{"@type":"PropertyValueSpecification","valueRequired":true,"valueName":"search_term_string"}}],"inLanguage":"eu"},{"@type":"Organization","@id":"https:\/\/mikelatseuskaltegia.com\/#organization","name":"Mikelats Euskaltegia","url":"https:\/\/mikelatseuskaltegia.com\/","logo":{"@type":"ImageObject","inLanguage":"eu","@id":"https:\/\/mikelatseuskaltegia.com\/#\/schema\/logo\/image\/","url":"http:\/\/nueva.mikelatseuskaltegia.com\/wp-content\/uploads\/2019\/12\/logotipo-mikelatz.png","contentUrl":"http:\/\/nueva.mikelatseuskaltegia.com\/wp-content\/uploads\/2019\/12\/logotipo-mikelatz.png","width":109,"height":77,"caption":"Mikelats Euskaltegia"},"image":{"@id":"https:\/\/mikelatseuskaltegia.com\/#\/schema\/logo\/image\/"}},{"@type":"Person","@id":"https:\/\/mikelatseuskaltegia.com\/#\/schema\/person\/d3639b04a236985dcc30249b35c9b58a","name":"Mikelats","image":{"@type":"ImageObject","inLanguage":"eu","@id":"https:\/\/secure.gravatar.com\/avatar\/a69f15aa44e14b786c6ac7076be348a7cf06fefc04c351edeec42417c6990ae7?s=96&d=mm&r=g","url":"https:\/\/secure.gravatar.com\/avatar\/a69f15aa44e14b786c6ac7076be348a7cf06fefc04c351edeec42417c6990ae7?s=96&d=mm&r=g","contentUrl":"https:\/\/secure.gravatar.com\/avatar\/a69f15aa44e14b786c6ac7076be348a7cf06fefc04c351edeec42417c6990ae7?s=96&d=mm&r=g","caption":"Mikelats"}}]}},"_links":{"self":[{"href":"https:\/\/mikelatseuskaltegia.com\/eu\/wp-json\/wp\/v2\/posts\/3741","targetHints":{"allow":["GET"]}}],"collection":[{"href":"https:\/\/mikelatseuskaltegia.com\/eu\/wp-json\/wp\/v2\/posts"}],"about":[{"href":"https:\/\/mikelatseuskaltegia.com\/eu\/wp-json\/wp\/v2\/types\/post"}],"author":[{"embeddable":true,"href":"https:\/\/mikelatseuskaltegia.com\/eu\/wp-json\/wp\/v2\/users\/3"}],"replies":[{"embeddable":true,"href":"https:\/\/mikelatseuskaltegia.com\/eu\/wp-json\/wp\/v2\/comments?post=3741"}],"version-history":[{"count":1,"href":"https:\/\/mikelatseuskaltegia.com\/eu\/wp-json\/wp\/v2\/posts\/3741\/revisions"}],"predecessor-version":[{"id":3743,"href":"https:\/\/mikelatseuskaltegia.com\/eu\/wp-json\/wp\/v2\/posts\/3741\/revisions\/3743"}],"wp:featuredmedia":[{"embeddable":true,"href":"https:\/\/mikelatseuskaltegia.com\/eu\/wp-json\/wp\/v2\/media\/3742"}],"wp:attachment":[{"href":"https:\/\/mikelatseuskaltegia.com\/eu\/wp-json\/wp\/v2\/media?parent=3741"}],"wp:term":[{"taxonomy":"category","embeddable":true,"href":"https:\/\/mikelatseuskaltegia.com\/eu\/wp-json\/wp\/v2\/categories?post=3741"},{"taxonomy":"post_tag","embeddable":true,"href":"https:\/\/mikelatseuskaltegia.com\/eu\/wp-json\/wp\/v2\/tags?post=3741"}],"curies":[{"name":"wp","href":"https:\/\/api.w.org\/{rel}","templated":true}]}}