{"id":3759,"date":"2024-10-28T17:52:00","date_gmt":"2024-10-28T15:52:00","guid":{"rendered":"https:\/\/mikelatseuskaltegia.com\/?p=3759"},"modified":"2025-10-01T16:54:31","modified_gmt":"2025-10-01T14:54:31","slug":"2025-se-prepara-para-el-euskaraldia-2","status":"publish","type":"post","link":"https:\/\/mikelatseuskaltegia.com\/eu\/2025-se-prepara-para-el-euskaraldia-2\/","title":{"rendered":"2025 se prepara para el Euskaraldia"},"content":{"rendered":"<h2><em>La pr\u00f3xima primavera, volver\u00e1n a colocarse la chapa en la solapa miles de ahobizis y belarriprest<\/em><\/h2>\n<p>La pr\u00f3xima primavera, miles de <strong>ahobizis<\/strong> y <strong>belarriprest<\/strong> de todo Euskal Herria volver\u00e1n a colocarse la chapa en la solapa, ya que, seg\u00fan se anunci\u00f3 el pasado 24 de octubre, ya est\u00e1n en marcha los preparativos para organizar una nueva edici\u00f3n de Euskaraldia. Bajo el lema &#8220;Elkar mugituz egingo dugu&#8221;, el cuarto Euskaraldia se celebrar\u00e1 del <strong>15 al 25 de mayo de 2025<\/strong>.<\/p>\n<p>Para esta ocasi\u00f3n, sin embargo, se ha propuesto modificar la manera de entender, percibir y experimentar el Euskaraldia, llamando a &#8220;reiniciar y relanzar&#8221; la propia iniciativa, para que deje de ser un ejercicio social de duraci\u00f3n limitada y pase a convertirse en &#8220;una din\u00e1mica en toda la zona euskaldun, de forma conjunta&#8221;.<\/p>\n<h4><strong>Extender la iniciativa<\/strong><\/h4>\n<p>La intenci\u00f3n es que sea un Euskaraldia que se extienda tanto en el tiempo como en la sociedad. \u201cSi hasta ahora se hab\u00eda descrito como una pr\u00e1ctica social orientada a cambiar los h\u00e1bitos ling\u00fc\u00edsticos, en adelante se presentar\u00e1 como un movimiento para activar el uso del euskera\u201d. As\u00ed lo han explicado los responsables del proyecto su presentaci\u00f3n realizada Escuela Navarra de Teatro, en Pamplona.<\/p>\n<p>Junto a la coordinadora de Euskaraldia, Goiatz Urkijo, participaron representantes de las instituciones que conforman la Mesa de Coordinaci\u00f3n de la iniciativa, entre ellas la presidenta de Euskaltzaleen Topagunea, Irati Iciar; la vicepresidenta del Gobierno de Navarra y consejera de Memoria y Convivencia, Acci\u00f3n Exterior y Euskera, Ana Ollo; la primera vicelehendakari y consejera de Cultura y Pol\u00edtica Ling\u00fc\u00edstica del Gobierno Vasco, Ibone Bengoetxea; y la presidenta del Organismo P\u00fablico del Euskera, Maider Behoteguy.<\/p>\n<h4><strong>Vivir en euskera<\/strong><\/h4>\n<p>Tal y como manifestaron conjuntamente \u201cel objetivo es impulsar un movimiento que potencie el uso del euskera, movilizar a la ciudadan\u00eda euskaldun y euskaltzale para activar la lengua vasca en la vida cotidiana.<\/p>\n<p>Este movimiento colectivo inspira tambi\u00e9n el lema del pr\u00f3ximo Euskaraldia, &#8220;Elkar mugituz egingo dugu&#8221;, ya que, seg\u00fan explic\u00f3 Urkijo, &#8220;al hablar en euskera, uno impulsa al otro, y el otro al uno, transformando las inercias ling\u00fc\u00edsticas&#8221;. Al decir la primera palabra en euskera o usar el euskera siempre que sea posible, impulsamos tanto a nuestros interlocutores como a la sociedad en su conjunto. \u201cSi este ejercicio lo realizan simult\u00e1neamente miles de personas, se logra un efecto multiplicador que genera una profundidad emocional compartida\u201d, concluy\u00f3.<\/p>\n","protected":false},"excerpt":{"rendered":"<p>La pr\u00f3xima primavera, volver\u00e1n a colocarse la chapa en la solapa miles de ahobizis y belarriprest La pr\u00f3xima primavera, miles [&hellip;]<\/p>\n","protected":false},"author":3,"featured_media":3760,"comment_status":"closed","ping_status":"closed","sticky":false,"template":"","format":"standard","meta":{"_vp_format_video_url":"","_vp_image_focal_point":[],"footnotes":""},"categories":[27,67],"tags":[],"class_list":["post-3759","post","type-post","status-publish","format-standard","has-post-thumbnail","hentry","category-euskera","category-noticias"],"yoast_head":"<!-- This site is optimized with the Yoast SEO plugin v27.4 - https:\/\/yoast.com\/product\/yoast-seo-wordpress\/ -->\n<title>2025 se prepara para el Euskaraldia<\/title>\n<meta name=\"description\" content=\"La pr\u00f3xima primavera, volver\u00e1n a colocarse la chapa en la solapa miles de ahobizis y belarriprest de todo Euskal Herria.\" \/>\n<meta name=\"robots\" content=\"index, follow, max-snippet:-1, max-image-preview:large, max-video-preview:-1\" \/>\n<link rel=\"canonical\" href=\"https:\/\/mikelatseuskaltegia.com\/eu\/2025-se-prepara-para-el-euskaraldia-2\/\" \/>\n<meta property=\"og:locale\" content=\"en_US\" \/>\n<meta property=\"og:locale:alternate\" content=\"es_ES\" \/>\n<meta property=\"og:type\" content=\"article\" \/>\n<meta property=\"og:title\" content=\"2025 se prepara para el Euskaraldia\" \/>\n<meta property=\"og:description\" content=\"La pr\u00f3xima primavera, volver\u00e1n a colocarse la chapa en la solapa miles de ahobizis y belarriprest de todo Euskal Herria.\" \/>\n<meta property=\"og:url\" content=\"https:\/\/mikelatseuskaltegia.com\/eu\/2025-se-prepara-para-el-euskaraldia-2\/\" \/>\n<meta property=\"og:site_name\" content=\"Mikelats Euskaltegia\" \/>\n<meta property=\"article:published_time\" content=\"2024-10-28T15:52:00+00:00\" \/>\n<meta property=\"article:modified_time\" content=\"2025-10-01T14:54:31+00:00\" \/>\n<meta property=\"og:image\" content=\"https:\/\/mikelatseuskaltegia.com\/wp-content\/uploads\/2024\/10\/Foto-para-28.10.2024.jpg\" \/>\n\t<meta property=\"og:image:width\" content=\"1200\" \/>\n\t<meta property=\"og:image:height\" content=\"800\" \/>\n\t<meta property=\"og:image:type\" content=\"image\/jpeg\" \/>\n<meta name=\"author\" content=\"Mikelats\" \/>\n<meta name=\"twitter:card\" content=\"summary_large_image\" \/>\n<meta name=\"twitter:label1\" content=\"Written by\" \/>\n\t<meta name=\"twitter:data1\" content=\"Mikelats\" \/>\n\t<meta name=\"twitter:label2\" content=\"Est. reading time\" \/>\n\t<meta name=\"twitter:data2\" content=\"2 minutua\" \/>\n<script type=\"application\/ld+json\" class=\"yoast-schema-graph\">{\"@context\":\"https:\\\/\\\/schema.org\",\"@graph\":[{\"@type\":\"Article\",\"@id\":\"https:\\\/\\\/mikelatseuskaltegia.com\\\/2025-se-prepara-para-el-euskaraldia-2\\\/#article\",\"isPartOf\":{\"@id\":\"https:\\\/\\\/mikelatseuskaltegia.com\\\/2025-se-prepara-para-el-euskaraldia-2\\\/\"},\"author\":{\"name\":\"Mikelats\",\"@id\":\"https:\\\/\\\/mikelatseuskaltegia.com\\\/#\\\/schema\\\/person\\\/d3639b04a236985dcc30249b35c9b58a\"},\"headline\":\"2025 se prepara para el Euskaraldia\",\"datePublished\":\"2024-10-28T15:52:00+00:00\",\"dateModified\":\"2025-10-01T14:54:31+00:00\",\"mainEntityOfPage\":{\"@id\":\"https:\\\/\\\/mikelatseuskaltegia.com\\\/2025-se-prepara-para-el-euskaraldia-2\\\/\"},\"wordCount\":422,\"publisher\":{\"@id\":\"https:\\\/\\\/mikelatseuskaltegia.com\\\/#organization\"},\"image\":{\"@id\":\"https:\\\/\\\/mikelatseuskaltegia.com\\\/2025-se-prepara-para-el-euskaraldia-2\\\/#primaryimage\"},\"thumbnailUrl\":\"https:\\\/\\\/mikelatseuskaltegia.com\\\/wp-content\\\/uploads\\\/2024\\\/10\\\/Foto-para-28.10.2024.jpg\",\"articleSection\":[\"Euskera\",\"Albisteak\"],\"inLanguage\":\"eu\"},{\"@type\":\"WebPage\",\"@id\":\"https:\\\/\\\/mikelatseuskaltegia.com\\\/2025-se-prepara-para-el-euskaraldia-2\\\/\",\"url\":\"https:\\\/\\\/mikelatseuskaltegia.com\\\/2025-se-prepara-para-el-euskaraldia-2\\\/\",\"name\":\"2025 se prepara para el Euskaraldia\",\"isPartOf\":{\"@id\":\"https:\\\/\\\/mikelatseuskaltegia.com\\\/#website\"},\"primaryImageOfPage\":{\"@id\":\"https:\\\/\\\/mikelatseuskaltegia.com\\\/2025-se-prepara-para-el-euskaraldia-2\\\/#primaryimage\"},\"image\":{\"@id\":\"https:\\\/\\\/mikelatseuskaltegia.com\\\/2025-se-prepara-para-el-euskaraldia-2\\\/#primaryimage\"},\"thumbnailUrl\":\"https:\\\/\\\/mikelatseuskaltegia.com\\\/wp-content\\\/uploads\\\/2024\\\/10\\\/Foto-para-28.10.2024.jpg\",\"datePublished\":\"2024-10-28T15:52:00+00:00\",\"dateModified\":\"2025-10-01T14:54:31+00:00\",\"description\":\"La pr\u00f3xima primavera, volver\u00e1n a colocarse la chapa en la solapa miles de ahobizis y belarriprest de todo Euskal Herria.\",\"breadcrumb\":{\"@id\":\"https:\\\/\\\/mikelatseuskaltegia.com\\\/2025-se-prepara-para-el-euskaraldia-2\\\/#breadcrumb\"},\"inLanguage\":\"eu\",\"potentialAction\":[{\"@type\":\"ReadAction\",\"target\":[\"https:\\\/\\\/mikelatseuskaltegia.com\\\/2025-se-prepara-para-el-euskaraldia-2\\\/\"]}]},{\"@type\":\"ImageObject\",\"inLanguage\":\"eu\",\"@id\":\"https:\\\/\\\/mikelatseuskaltegia.com\\\/2025-se-prepara-para-el-euskaraldia-2\\\/#primaryimage\",\"url\":\"https:\\\/\\\/mikelatseuskaltegia.com\\\/wp-content\\\/uploads\\\/2024\\\/10\\\/Foto-para-28.10.2024.jpg\",\"contentUrl\":\"https:\\\/\\\/mikelatseuskaltegia.com\\\/wp-content\\\/uploads\\\/2024\\\/10\\\/Foto-para-28.10.2024.jpg\",\"width\":1200,\"height\":800},{\"@type\":\"BreadcrumbList\",\"@id\":\"https:\\\/\\\/mikelatseuskaltegia.com\\\/2025-se-prepara-para-el-euskaraldia-2\\\/#breadcrumb\",\"itemListElement\":[{\"@type\":\"ListItem\",\"position\":1,\"name\":\"Portada\",\"item\":\"https:\\\/\\\/mikelatseuskaltegia.com\\\/eu\\\/\"},{\"@type\":\"ListItem\",\"position\":2,\"name\":\"2025 se prepara para el Euskaraldia\"}]},{\"@type\":\"WebSite\",\"@id\":\"https:\\\/\\\/mikelatseuskaltegia.com\\\/#website\",\"url\":\"https:\\\/\\\/mikelatseuskaltegia.com\\\/\",\"name\":\"Mikelats Euskaltegia\",\"description\":\"Mikelats euskaltegia es especialista en euskaltegi Bilbao\",\"publisher\":{\"@id\":\"https:\\\/\\\/mikelatseuskaltegia.com\\\/#organization\"},\"potentialAction\":[{\"@type\":\"SearchAction\",\"target\":{\"@type\":\"EntryPoint\",\"urlTemplate\":\"https:\\\/\\\/mikelatseuskaltegia.com\\\/?s={search_term_string}\"},\"query-input\":{\"@type\":\"PropertyValueSpecification\",\"valueRequired\":true,\"valueName\":\"search_term_string\"}}],\"inLanguage\":\"eu\"},{\"@type\":\"Organization\",\"@id\":\"https:\\\/\\\/mikelatseuskaltegia.com\\\/#organization\",\"name\":\"Mikelats Euskaltegia\",\"url\":\"https:\\\/\\\/mikelatseuskaltegia.com\\\/\",\"logo\":{\"@type\":\"ImageObject\",\"inLanguage\":\"eu\",\"@id\":\"https:\\\/\\\/mikelatseuskaltegia.com\\\/#\\\/schema\\\/logo\\\/image\\\/\",\"url\":\"http:\\\/\\\/nueva.mikelatseuskaltegia.com\\\/wp-content\\\/uploads\\\/2019\\\/12\\\/logotipo-mikelatz.png\",\"contentUrl\":\"http:\\\/\\\/nueva.mikelatseuskaltegia.com\\\/wp-content\\\/uploads\\\/2019\\\/12\\\/logotipo-mikelatz.png\",\"width\":109,\"height\":77,\"caption\":\"Mikelats Euskaltegia\"},\"image\":{\"@id\":\"https:\\\/\\\/mikelatseuskaltegia.com\\\/#\\\/schema\\\/logo\\\/image\\\/\"}},{\"@type\":\"Person\",\"@id\":\"https:\\\/\\\/mikelatseuskaltegia.com\\\/#\\\/schema\\\/person\\\/d3639b04a236985dcc30249b35c9b58a\",\"name\":\"Mikelats\",\"image\":{\"@type\":\"ImageObject\",\"inLanguage\":\"eu\",\"@id\":\"https:\\\/\\\/secure.gravatar.com\\\/avatar\\\/a69f15aa44e14b786c6ac7076be348a7cf06fefc04c351edeec42417c6990ae7?s=96&d=mm&r=g\",\"url\":\"https:\\\/\\\/secure.gravatar.com\\\/avatar\\\/a69f15aa44e14b786c6ac7076be348a7cf06fefc04c351edeec42417c6990ae7?s=96&d=mm&r=g\",\"contentUrl\":\"https:\\\/\\\/secure.gravatar.com\\\/avatar\\\/a69f15aa44e14b786c6ac7076be348a7cf06fefc04c351edeec42417c6990ae7?s=96&d=mm&r=g\",\"caption\":\"Mikelats\"}}]}<\/script>\n<!-- \/ Yoast SEO plugin. -->","yoast_head_json":{"title":"2025 se prepara para el Euskaraldia","description":"La pr\u00f3xima primavera, volver\u00e1n a colocarse la chapa en la solapa miles de ahobizis y belarriprest de todo Euskal Herria.","robots":{"index":"index","follow":"follow","max-snippet":"max-snippet:-1","max-image-preview":"max-image-preview:large","max-video-preview":"max-video-preview:-1"},"canonical":"https:\/\/mikelatseuskaltegia.com\/eu\/2025-se-prepara-para-el-euskaraldia-2\/","og_locale":"en_US","og_type":"article","og_title":"[:es]2025 se prepara para el Euskaraldia[:] - Mikelats Euskaltegia","og_description":"La pr\u00f3xima primavera, volver\u00e1n a colocarse la chapa en la solapa miles de ahobizis y belarriprest de todo Euskal Herria.","og_url":"https:\/\/mikelatseuskaltegia.com\/eu\/2025-se-prepara-para-el-euskaraldia-2\/","og_site_name":"Mikelats Euskaltegia","article_published_time":"2024-10-28T15:52:00+00:00","article_modified_time":"2025-10-01T14:54:31+00:00","og_image":[{"width":1200,"height":800,"url":"https:\/\/mikelatseuskaltegia.com\/wp-content\/uploads\/2024\/10\/Foto-para-28.10.2024.jpg","type":"image\/jpeg"}],"author":"Mikelats","twitter_card":"summary_large_image","twitter_misc":{"Written by":"Mikelats","Est. reading time":"2 minutua"},"schema":{"@context":"https:\/\/schema.org","@graph":[{"@type":"Article","@id":"https:\/\/mikelatseuskaltegia.com\/2025-se-prepara-para-el-euskaraldia-2\/#article","isPartOf":{"@id":"https:\/\/mikelatseuskaltegia.com\/2025-se-prepara-para-el-euskaraldia-2\/"},"author":{"name":"Mikelats","@id":"https:\/\/mikelatseuskaltegia.com\/#\/schema\/person\/d3639b04a236985dcc30249b35c9b58a"},"headline":"2025 se prepara para el Euskaraldia","datePublished":"2024-10-28T15:52:00+00:00","dateModified":"2025-10-01T14:54:31+00:00","mainEntityOfPage":{"@id":"https:\/\/mikelatseuskaltegia.com\/2025-se-prepara-para-el-euskaraldia-2\/"},"wordCount":422,"publisher":{"@id":"https:\/\/mikelatseuskaltegia.com\/#organization"},"image":{"@id":"https:\/\/mikelatseuskaltegia.com\/2025-se-prepara-para-el-euskaraldia-2\/#primaryimage"},"thumbnailUrl":"https:\/\/mikelatseuskaltegia.com\/wp-content\/uploads\/2024\/10\/Foto-para-28.10.2024.jpg","articleSection":["Euskera","Albisteak"],"inLanguage":"eu"},{"@type":"WebPage","@id":"https:\/\/mikelatseuskaltegia.com\/2025-se-prepara-para-el-euskaraldia-2\/","url":"https:\/\/mikelatseuskaltegia.com\/2025-se-prepara-para-el-euskaraldia-2\/","name":"2025 se prepara para el Euskaraldia","isPartOf":{"@id":"https:\/\/mikelatseuskaltegia.com\/#website"},"primaryImageOfPage":{"@id":"https:\/\/mikelatseuskaltegia.com\/2025-se-prepara-para-el-euskaraldia-2\/#primaryimage"},"image":{"@id":"https:\/\/mikelatseuskaltegia.com\/2025-se-prepara-para-el-euskaraldia-2\/#primaryimage"},"thumbnailUrl":"https:\/\/mikelatseuskaltegia.com\/wp-content\/uploads\/2024\/10\/Foto-para-28.10.2024.jpg","datePublished":"2024-10-28T15:52:00+00:00","dateModified":"2025-10-01T14:54:31+00:00","description":"La pr\u00f3xima primavera, volver\u00e1n a colocarse la chapa en la solapa miles de ahobizis y belarriprest de todo Euskal Herria.","breadcrumb":{"@id":"https:\/\/mikelatseuskaltegia.com\/2025-se-prepara-para-el-euskaraldia-2\/#breadcrumb"},"inLanguage":"eu","potentialAction":[{"@type":"ReadAction","target":["https:\/\/mikelatseuskaltegia.com\/2025-se-prepara-para-el-euskaraldia-2\/"]}]},{"@type":"ImageObject","inLanguage":"eu","@id":"https:\/\/mikelatseuskaltegia.com\/2025-se-prepara-para-el-euskaraldia-2\/#primaryimage","url":"https:\/\/mikelatseuskaltegia.com\/wp-content\/uploads\/2024\/10\/Foto-para-28.10.2024.jpg","contentUrl":"https:\/\/mikelatseuskaltegia.com\/wp-content\/uploads\/2024\/10\/Foto-para-28.10.2024.jpg","width":1200,"height":800},{"@type":"BreadcrumbList","@id":"https:\/\/mikelatseuskaltegia.com\/2025-se-prepara-para-el-euskaraldia-2\/#breadcrumb","itemListElement":[{"@type":"ListItem","position":1,"name":"Portada","item":"https:\/\/mikelatseuskaltegia.com\/eu\/"},{"@type":"ListItem","position":2,"name":"2025 se prepara para el Euskaraldia"}]},{"@type":"WebSite","@id":"https:\/\/mikelatseuskaltegia.com\/#website","url":"https:\/\/mikelatseuskaltegia.com\/","name":"Mikelats Euskaltegia","description":"Mikelats euskaltegia es especialista en euskaltegi Bilbao","publisher":{"@id":"https:\/\/mikelatseuskaltegia.com\/#organization"},"potentialAction":[{"@type":"SearchAction","target":{"@type":"EntryPoint","urlTemplate":"https:\/\/mikelatseuskaltegia.com\/?s={search_term_string}"},"query-input":{"@type":"PropertyValueSpecification","valueRequired":true,"valueName":"search_term_string"}}],"inLanguage":"eu"},{"@type":"Organization","@id":"https:\/\/mikelatseuskaltegia.com\/#organization","name":"Mikelats Euskaltegia","url":"https:\/\/mikelatseuskaltegia.com\/","logo":{"@type":"ImageObject","inLanguage":"eu","@id":"https:\/\/mikelatseuskaltegia.com\/#\/schema\/logo\/image\/","url":"http:\/\/nueva.mikelatseuskaltegia.com\/wp-content\/uploads\/2019\/12\/logotipo-mikelatz.png","contentUrl":"http:\/\/nueva.mikelatseuskaltegia.com\/wp-content\/uploads\/2019\/12\/logotipo-mikelatz.png","width":109,"height":77,"caption":"Mikelats Euskaltegia"},"image":{"@id":"https:\/\/mikelatseuskaltegia.com\/#\/schema\/logo\/image\/"}},{"@type":"Person","@id":"https:\/\/mikelatseuskaltegia.com\/#\/schema\/person\/d3639b04a236985dcc30249b35c9b58a","name":"Mikelats","image":{"@type":"ImageObject","inLanguage":"eu","@id":"https:\/\/secure.gravatar.com\/avatar\/a69f15aa44e14b786c6ac7076be348a7cf06fefc04c351edeec42417c6990ae7?s=96&d=mm&r=g","url":"https:\/\/secure.gravatar.com\/avatar\/a69f15aa44e14b786c6ac7076be348a7cf06fefc04c351edeec42417c6990ae7?s=96&d=mm&r=g","contentUrl":"https:\/\/secure.gravatar.com\/avatar\/a69f15aa44e14b786c6ac7076be348a7cf06fefc04c351edeec42417c6990ae7?s=96&d=mm&r=g","caption":"Mikelats"}}]}},"_links":{"self":[{"href":"https:\/\/mikelatseuskaltegia.com\/eu\/wp-json\/wp\/v2\/posts\/3759","targetHints":{"allow":["GET"]}}],"collection":[{"href":"https:\/\/mikelatseuskaltegia.com\/eu\/wp-json\/wp\/v2\/posts"}],"about":[{"href":"https:\/\/mikelatseuskaltegia.com\/eu\/wp-json\/wp\/v2\/types\/post"}],"author":[{"embeddable":true,"href":"https:\/\/mikelatseuskaltegia.com\/eu\/wp-json\/wp\/v2\/users\/3"}],"replies":[{"embeddable":true,"href":"https:\/\/mikelatseuskaltegia.com\/eu\/wp-json\/wp\/v2\/comments?post=3759"}],"version-history":[{"count":1,"href":"https:\/\/mikelatseuskaltegia.com\/eu\/wp-json\/wp\/v2\/posts\/3759\/revisions"}],"predecessor-version":[{"id":3761,"href":"https:\/\/mikelatseuskaltegia.com\/eu\/wp-json\/wp\/v2\/posts\/3759\/revisions\/3761"}],"wp:featuredmedia":[{"embeddable":true,"href":"https:\/\/mikelatseuskaltegia.com\/eu\/wp-json\/wp\/v2\/media\/3760"}],"wp:attachment":[{"href":"https:\/\/mikelatseuskaltegia.com\/eu\/wp-json\/wp\/v2\/media?parent=3759"}],"wp:term":[{"taxonomy":"category","embeddable":true,"href":"https:\/\/mikelatseuskaltegia.com\/eu\/wp-json\/wp\/v2\/categories?post=3759"},{"taxonomy":"post_tag","embeddable":true,"href":"https:\/\/mikelatseuskaltegia.com\/eu\/wp-json\/wp\/v2\/tags?post=3759"}],"curies":[{"name":"wp","href":"https:\/\/api.w.org\/{rel}","templated":true}]}}