{"id":3777,"date":"2024-11-25T18:00:53","date_gmt":"2024-11-25T16:00:53","guid":{"rendered":"https:\/\/mikelatseuskaltegia.com\/?p=3777"},"modified":"2024-11-27T18:21:46","modified_gmt":"2024-11-27T16:21:46","slug":"la-red-europea-de-igualdad-linguistica-elen-pide-dar-prioridad-a-la-revitalizacion-del-euskera","status":"publish","type":"post","link":"https:\/\/mikelatseuskaltegia.com\/eu\/la-red-europea-de-igualdad-linguistica-elen-pide-dar-prioridad-a-la-revitalizacion-del-euskera\/","title":{"rendered":"La Red Europea de Igualdad Ling\u00fc\u00edstica ELEN pide dar prioridad a la revitalizaci\u00f3n del euskera"},"content":{"rendered":"<h2>Afirma que la una ralentizaci\u00f3n de su normalizaci\u00f3n se debe a ataques judiciales, al veto a la oficialidad del euskera en algunas zonas o la globalizaci\u00f3n<\/h2>\n<p><strong>La Red Europea de Igualdad Ling\u00fc\u00edstica &#8211;<a href=\"https:\/\/www.euskadi.eus\/gobierno-vasco\/-\/noticia\/2024\/la-vicelehendakari-ibone-bengoetxea-participa-asamblea-general-red-europea-igualdad-lenguas-que-se-celebra-bilbao\/\">ELEN<\/a><\/strong> por sus siglas en ingl\u00e9s- aprob\u00f3 el pasado 9 de noviembre s\u00e1bado en su reuni\u00f3n general celebrada en <strong>Bilbao<\/strong> la <strong>resoluci\u00f3n<\/strong> sobre la <strong>situaci\u00f3n de &#8220;emergencia ling\u00fc\u00edstica&#8221; del euskera<\/strong>. Seg\u00fan la organizaci\u00f3n, el proceso de normalizaci\u00f3n y revitalizaci\u00f3n de la lengua vasca muestra <strong>&#8220;claros signos de ralentizaci\u00f3n&#8221;<\/strong> en los \u00faltimos a\u00f1os. Pese a considerar que el n\u00famero de hablantes est\u00e1 creciendo, la ELEN cree que &#8220;son muchos los factores que ponen de relieve la debilidad de este progreso&#8221;<\/p>\n<p>ELEN es un organismo internacional que trabaja en la promoci\u00f3n y protecci\u00f3n de las lenguas territoriales europeas. En la actualidad cuenta con 175 entidades asociadas que representan 50 lenguas en 25 estados, incluido el euskera. Entre los asistentes a la reuni\u00f3n, se encontraban el presidente de ELEN, Elin H. G. Jones, el secretario general de ELEN, Davyth Hicks, y la vicepresidenta de ELEN y secretaria general de Euskalgintzaren Kontseilua, Idurre Eskisabel.<\/p>\n<h4>\nVII Encuesta Socioling\u00fc\u00edstica<\/h4>\n<p>La VII Encuesta Socioling\u00fc\u00edstica, publicada el a\u00f1o pasado, arroja que en el Pa\u00eds Vasco Franc\u00e9s el n\u00famero de hablantes contin\u00faa disminuyendo; que en Navarra seis de cada diez alumnos no ha tenido ning\u00fan tipo de relaci\u00f3n con el euskera en sus estudios; que en las zonas m\u00e1s vasc\u00f3fonas de la Comunidad Aut\u00f3noma Vasca el uso del idioma est\u00e1 en retroceso, y que la tendencia general muestra que cada vez son menos quienes hablan euskera con fluidez.<\/p>\n<p>Asimismo, han apuntado que s\u00f3lo el 17,5% de los hablantes se comunican m\u00e1s en euskera que en castellano en su d\u00eda a d\u00eda, otro dato que lleva a la ELEN a concluir que <strong>el uso social de la lengua vasca &#8220;es d\u00e9bil&#8221;<\/strong> y que es precisamente este factor el que determina la salud de un idioma.<\/p>\n<h4>Ataques judiciales<\/h4>\n<p>&#8220;Esta debilidad&#8221;, han dicho, <strong>est\u00e1 estrechamente relacionada con la oficialidad del<\/strong> <strong>euskera,<\/strong> <strong>&#8220;vetada&#8221;<\/strong> en Navarra y el Pa\u00eds Vasco Franc\u00e9s, lo que, entorpece su proceso de recuperaci\u00f3n. En aquellas \u00e1reas donde el euskera goza de car\u00e1cter oficial -en la Comunidad Aut\u00f3noma Vasca y en la zona vasc\u00f3fona de la Comunidad Foral de Navarra-, las pol\u00edticas a favor de su normalizaci\u00f3n se encuentran,<strong> &#8220;con una dura oleada de sentencias&#8221;<\/strong> que las neutralizan. &#8220;Dichas sentencias entienden que estas medidas son discriminatorias, atendi\u00e9ndose a lo dispuesto en la Carta Europea de las Lenguas Regionales o Minoritarias en su art\u00edculo 7.2&#8221;.<\/p>\n<p>Por otro lado, consideran que esta situaci\u00f3n tambi\u00e9n tiene &#8220;una dimensi\u00f3n pol\u00edtica y medi\u00e1tica&#8221; y que, &#8220;por desgracia&#8221;, abundan los discursos que apoyan las medidas presuntamente contrarias a la normalizaci\u00f3n del euskera&#8221;. Discursos que, han denunciado, &#8220;resquebrajan el consenso social y atacan la cohesi\u00f3n social y la justicia social&#8221;.<\/p>\n<h4>\nGlobalizaci\u00f3n y cambios sociodemogr\u00e1ficos<\/h4>\n<p>Asimismo, la ELEN ha valorado que la que definen como una situaci\u00f3n de vulnerabilidad del euskera tambi\u00e9n se ve marcada por la globalizaci\u00f3n, la movilidad y los cambios socio- demogr\u00e1ficos. Es evidente que una de las consecuencias de la globalizaci\u00f3n es un mayor poder de los ya poderosos en t\u00e9rminos pol\u00edticos, econ\u00f3micos o sociales, y que las relaciones de poder entre lenguas y comunidades de hablantes no escapan a esta din\u00e1mica.<\/p>\n<p>Por ello, han instado a las instituciones, autoridades y agentes pol\u00edticos y sociales en general a que consideren prioritaria la normalizaci\u00f3n y revitalizaci\u00f3n del euskera; y a la ciudadan\u00eda a que, &#8220;al igual que hacen en las diversas urgencias sociales y pol\u00edticas que vivimos en la actualidad, hagan lo propio en torno a la normalizaci\u00f3n, con el mismo compromiso c\u00edvico&#8221;.<\/p>\n","protected":false},"excerpt":{"rendered":"<p>Afirma que la una ralentizaci\u00f3n de su normalizaci\u00f3n se debe a ataques judiciales, al veto a la oficialidad del euskera [&hellip;]<\/p>\n","protected":false},"author":3,"featured_media":3778,"comment_status":"closed","ping_status":"closed","sticky":false,"template":"","format":"standard","meta":{"_vp_format_video_url":"","_vp_image_focal_point":[],"footnotes":""},"categories":[27,67],"tags":[],"class_list":["post-3777","post","type-post","status-publish","format-standard","has-post-thumbnail","hentry","category-euskera","category-noticias"],"yoast_head":"<!-- This site is optimized with the Yoast SEO plugin v27.4 - https:\/\/yoast.com\/product\/yoast-seo-wordpress\/ -->\n<title>ELEN pide dar prioridad a la revitalizaci\u00f3n del euskera<\/title>\n<meta name=\"description\" content=\"La Red Europea de Igualdad Ling\u00fc\u00edstica ELEN pide dar prioridad a la revitalizaci\u00f3n sobre la situaci\u00f3n de &quot;emergencia ling\u00fc\u00edstica&quot; del euskera.\" \/>\n<meta name=\"robots\" content=\"index, follow, max-snippet:-1, max-image-preview:large, max-video-preview:-1\" \/>\n<link rel=\"canonical\" href=\"https:\/\/mikelatseuskaltegia.com\/eu\/la-red-europea-de-igualdad-linguistica-elen-pide-dar-prioridad-a-la-revitalizacion-del-euskera\/\" \/>\n<meta property=\"og:locale\" content=\"en_US\" \/>\n<meta property=\"og:locale:alternate\" content=\"es_ES\" \/>\n<meta property=\"og:type\" content=\"article\" \/>\n<meta property=\"og:title\" content=\"ELEN pide dar prioridad a la revitalizaci\u00f3n del euskera\" \/>\n<meta property=\"og:description\" content=\"La Red Europea de Igualdad Ling\u00fc\u00edstica ELEN pide dar prioridad a la revitalizaci\u00f3n sobre la situaci\u00f3n de &quot;emergencia ling\u00fc\u00edstica&quot; del euskera.\" \/>\n<meta property=\"og:url\" content=\"https:\/\/mikelatseuskaltegia.com\/eu\/la-red-europea-de-igualdad-linguistica-elen-pide-dar-prioridad-a-la-revitalizacion-del-euskera\/\" \/>\n<meta property=\"og:site_name\" content=\"Mikelats Euskaltegia\" \/>\n<meta property=\"article:published_time\" content=\"2024-11-25T16:00:53+00:00\" \/>\n<meta property=\"article:modified_time\" content=\"2024-11-27T16:21:46+00:00\" \/>\n<meta property=\"og:image\" content=\"https:\/\/mikelatseuskaltegia.com\/wp-content\/uploads\/2024\/11\/Captura-de-pantalla-2024-11-27-a-las-17.16.58.png\" \/>\n\t<meta property=\"og:image:width\" content=\"568\" \/>\n\t<meta property=\"og:image:height\" content=\"375\" \/>\n\t<meta property=\"og:image:type\" content=\"image\/png\" \/>\n<meta name=\"author\" content=\"Mikelats\" \/>\n<meta name=\"twitter:card\" content=\"summary_large_image\" \/>\n<meta name=\"twitter:label1\" content=\"Written by\" \/>\n\t<meta name=\"twitter:data1\" content=\"Mikelats\" \/>\n\t<meta name=\"twitter:label2\" content=\"Est. reading time\" \/>\n\t<meta name=\"twitter:data2\" content=\"3 minutua\" \/>\n<script type=\"application\/ld+json\" class=\"yoast-schema-graph\">{\"@context\":\"https:\\\/\\\/schema.org\",\"@graph\":[{\"@type\":\"Article\",\"@id\":\"https:\\\/\\\/mikelatseuskaltegia.com\\\/la-red-europea-de-igualdad-linguistica-elen-pide-dar-prioridad-a-la-revitalizacion-del-euskera\\\/#article\",\"isPartOf\":{\"@id\":\"https:\\\/\\\/mikelatseuskaltegia.com\\\/la-red-europea-de-igualdad-linguistica-elen-pide-dar-prioridad-a-la-revitalizacion-del-euskera\\\/\"},\"author\":{\"name\":\"Mikelats\",\"@id\":\"https:\\\/\\\/mikelatseuskaltegia.com\\\/#\\\/schema\\\/person\\\/d3639b04a236985dcc30249b35c9b58a\"},\"headline\":\"La Red Europea de Igualdad Ling\u00fc\u00edstica ELEN pide dar prioridad a la revitalizaci\u00f3n del euskera\",\"datePublished\":\"2024-11-25T16:00:53+00:00\",\"dateModified\":\"2024-11-27T16:21:46+00:00\",\"mainEntityOfPage\":{\"@id\":\"https:\\\/\\\/mikelatseuskaltegia.com\\\/la-red-europea-de-igualdad-linguistica-elen-pide-dar-prioridad-a-la-revitalizacion-del-euskera\\\/\"},\"wordCount\":685,\"publisher\":{\"@id\":\"https:\\\/\\\/mikelatseuskaltegia.com\\\/#organization\"},\"image\":{\"@id\":\"https:\\\/\\\/mikelatseuskaltegia.com\\\/la-red-europea-de-igualdad-linguistica-elen-pide-dar-prioridad-a-la-revitalizacion-del-euskera\\\/#primaryimage\"},\"thumbnailUrl\":\"https:\\\/\\\/mikelatseuskaltegia.com\\\/wp-content\\\/uploads\\\/2024\\\/11\\\/Captura-de-pantalla-2024-11-27-a-las-17.16.58.png\",\"articleSection\":[\"Euskera\",\"Albisteak\"],\"inLanguage\":\"eu\"},{\"@type\":\"WebPage\",\"@id\":\"https:\\\/\\\/mikelatseuskaltegia.com\\\/la-red-europea-de-igualdad-linguistica-elen-pide-dar-prioridad-a-la-revitalizacion-del-euskera\\\/\",\"url\":\"https:\\\/\\\/mikelatseuskaltegia.com\\\/la-red-europea-de-igualdad-linguistica-elen-pide-dar-prioridad-a-la-revitalizacion-del-euskera\\\/\",\"name\":\"ELEN pide dar prioridad a la revitalizaci\u00f3n del euskera\",\"isPartOf\":{\"@id\":\"https:\\\/\\\/mikelatseuskaltegia.com\\\/#website\"},\"primaryImageOfPage\":{\"@id\":\"https:\\\/\\\/mikelatseuskaltegia.com\\\/la-red-europea-de-igualdad-linguistica-elen-pide-dar-prioridad-a-la-revitalizacion-del-euskera\\\/#primaryimage\"},\"image\":{\"@id\":\"https:\\\/\\\/mikelatseuskaltegia.com\\\/la-red-europea-de-igualdad-linguistica-elen-pide-dar-prioridad-a-la-revitalizacion-del-euskera\\\/#primaryimage\"},\"thumbnailUrl\":\"https:\\\/\\\/mikelatseuskaltegia.com\\\/wp-content\\\/uploads\\\/2024\\\/11\\\/Captura-de-pantalla-2024-11-27-a-las-17.16.58.png\",\"datePublished\":\"2024-11-25T16:00:53+00:00\",\"dateModified\":\"2024-11-27T16:21:46+00:00\",\"description\":\"La Red Europea de Igualdad Ling\u00fc\u00edstica ELEN pide dar prioridad a la revitalizaci\u00f3n sobre la situaci\u00f3n de \\\"emergencia ling\u00fc\u00edstica\\\" del euskera.\",\"breadcrumb\":{\"@id\":\"https:\\\/\\\/mikelatseuskaltegia.com\\\/la-red-europea-de-igualdad-linguistica-elen-pide-dar-prioridad-a-la-revitalizacion-del-euskera\\\/#breadcrumb\"},\"inLanguage\":\"eu\",\"potentialAction\":[{\"@type\":\"ReadAction\",\"target\":[\"https:\\\/\\\/mikelatseuskaltegia.com\\\/la-red-europea-de-igualdad-linguistica-elen-pide-dar-prioridad-a-la-revitalizacion-del-euskera\\\/\"]}]},{\"@type\":\"ImageObject\",\"inLanguage\":\"eu\",\"@id\":\"https:\\\/\\\/mikelatseuskaltegia.com\\\/la-red-europea-de-igualdad-linguistica-elen-pide-dar-prioridad-a-la-revitalizacion-del-euskera\\\/#primaryimage\",\"url\":\"https:\\\/\\\/mikelatseuskaltegia.com\\\/wp-content\\\/uploads\\\/2024\\\/11\\\/Captura-de-pantalla-2024-11-27-a-las-17.16.58.png\",\"contentUrl\":\"https:\\\/\\\/mikelatseuskaltegia.com\\\/wp-content\\\/uploads\\\/2024\\\/11\\\/Captura-de-pantalla-2024-11-27-a-las-17.16.58.png\",\"width\":568,\"height\":375},{\"@type\":\"BreadcrumbList\",\"@id\":\"https:\\\/\\\/mikelatseuskaltegia.com\\\/la-red-europea-de-igualdad-linguistica-elen-pide-dar-prioridad-a-la-revitalizacion-del-euskera\\\/#breadcrumb\",\"itemListElement\":[{\"@type\":\"ListItem\",\"position\":1,\"name\":\"Portada\",\"item\":\"https:\\\/\\\/mikelatseuskaltegia.com\\\/eu\\\/\"},{\"@type\":\"ListItem\",\"position\":2,\"name\":\"La Red Europea de Igualdad Ling\u00fc\u00edstica ELEN pide dar prioridad a la revitalizaci\u00f3n del euskera\"}]},{\"@type\":\"WebSite\",\"@id\":\"https:\\\/\\\/mikelatseuskaltegia.com\\\/#website\",\"url\":\"https:\\\/\\\/mikelatseuskaltegia.com\\\/\",\"name\":\"Mikelats Euskaltegia\",\"description\":\"Mikelats euskaltegia es especialista en euskaltegi Bilbao\",\"publisher\":{\"@id\":\"https:\\\/\\\/mikelatseuskaltegia.com\\\/#organization\"},\"potentialAction\":[{\"@type\":\"SearchAction\",\"target\":{\"@type\":\"EntryPoint\",\"urlTemplate\":\"https:\\\/\\\/mikelatseuskaltegia.com\\\/?s={search_term_string}\"},\"query-input\":{\"@type\":\"PropertyValueSpecification\",\"valueRequired\":true,\"valueName\":\"search_term_string\"}}],\"inLanguage\":\"eu\"},{\"@type\":\"Organization\",\"@id\":\"https:\\\/\\\/mikelatseuskaltegia.com\\\/#organization\",\"name\":\"Mikelats Euskaltegia\",\"url\":\"https:\\\/\\\/mikelatseuskaltegia.com\\\/\",\"logo\":{\"@type\":\"ImageObject\",\"inLanguage\":\"eu\",\"@id\":\"https:\\\/\\\/mikelatseuskaltegia.com\\\/#\\\/schema\\\/logo\\\/image\\\/\",\"url\":\"http:\\\/\\\/nueva.mikelatseuskaltegia.com\\\/wp-content\\\/uploads\\\/2019\\\/12\\\/logotipo-mikelatz.png\",\"contentUrl\":\"http:\\\/\\\/nueva.mikelatseuskaltegia.com\\\/wp-content\\\/uploads\\\/2019\\\/12\\\/logotipo-mikelatz.png\",\"width\":109,\"height\":77,\"caption\":\"Mikelats Euskaltegia\"},\"image\":{\"@id\":\"https:\\\/\\\/mikelatseuskaltegia.com\\\/#\\\/schema\\\/logo\\\/image\\\/\"}},{\"@type\":\"Person\",\"@id\":\"https:\\\/\\\/mikelatseuskaltegia.com\\\/#\\\/schema\\\/person\\\/d3639b04a236985dcc30249b35c9b58a\",\"name\":\"Mikelats\",\"image\":{\"@type\":\"ImageObject\",\"inLanguage\":\"eu\",\"@id\":\"https:\\\/\\\/secure.gravatar.com\\\/avatar\\\/a69f15aa44e14b786c6ac7076be348a7cf06fefc04c351edeec42417c6990ae7?s=96&d=mm&r=g\",\"url\":\"https:\\\/\\\/secure.gravatar.com\\\/avatar\\\/a69f15aa44e14b786c6ac7076be348a7cf06fefc04c351edeec42417c6990ae7?s=96&d=mm&r=g\",\"contentUrl\":\"https:\\\/\\\/secure.gravatar.com\\\/avatar\\\/a69f15aa44e14b786c6ac7076be348a7cf06fefc04c351edeec42417c6990ae7?s=96&d=mm&r=g\",\"caption\":\"Mikelats\"}}]}<\/script>\n<!-- \/ Yoast SEO plugin. -->","yoast_head_json":{"title":"ELEN pide dar prioridad a la revitalizaci\u00f3n del euskera","description":"La Red Europea de Igualdad Ling\u00fc\u00edstica ELEN pide dar prioridad a la revitalizaci\u00f3n sobre la situaci\u00f3n de \"emergencia ling\u00fc\u00edstica\" del euskera.","robots":{"index":"index","follow":"follow","max-snippet":"max-snippet:-1","max-image-preview":"max-image-preview:large","max-video-preview":"max-video-preview:-1"},"canonical":"https:\/\/mikelatseuskaltegia.com\/eu\/la-red-europea-de-igualdad-linguistica-elen-pide-dar-prioridad-a-la-revitalizacion-del-euskera\/","og_locale":"en_US","og_type":"article","og_title":"[:es]ELEN pide dar prioridad a la revitalizaci\u00f3n del euskera[:]","og_description":"[:es]La Red Europea de Igualdad Ling\u00fc\u00edstica ELEN pide dar prioridad a la revitalizaci\u00f3n sobre la situaci\u00f3n de \"emergencia ling\u00fc\u00edstica\" del euskera.[:]","og_url":"https:\/\/mikelatseuskaltegia.com\/eu\/la-red-europea-de-igualdad-linguistica-elen-pide-dar-prioridad-a-la-revitalizacion-del-euskera\/","og_site_name":"Mikelats Euskaltegia","article_published_time":"2024-11-25T16:00:53+00:00","article_modified_time":"2024-11-27T16:21:46+00:00","og_image":[{"width":568,"height":375,"url":"https:\/\/mikelatseuskaltegia.com\/wp-content\/uploads\/2024\/11\/Captura-de-pantalla-2024-11-27-a-las-17.16.58.png","type":"image\/png"}],"author":"Mikelats","twitter_card":"summary_large_image","twitter_misc":{"Written by":"Mikelats","Est. reading time":"3 minutua"},"schema":{"@context":"https:\/\/schema.org","@graph":[{"@type":"Article","@id":"https:\/\/mikelatseuskaltegia.com\/la-red-europea-de-igualdad-linguistica-elen-pide-dar-prioridad-a-la-revitalizacion-del-euskera\/#article","isPartOf":{"@id":"https:\/\/mikelatseuskaltegia.com\/la-red-europea-de-igualdad-linguistica-elen-pide-dar-prioridad-a-la-revitalizacion-del-euskera\/"},"author":{"name":"Mikelats","@id":"https:\/\/mikelatseuskaltegia.com\/#\/schema\/person\/d3639b04a236985dcc30249b35c9b58a"},"headline":"La Red Europea de Igualdad Ling\u00fc\u00edstica ELEN pide dar prioridad a la revitalizaci\u00f3n del euskera","datePublished":"2024-11-25T16:00:53+00:00","dateModified":"2024-11-27T16:21:46+00:00","mainEntityOfPage":{"@id":"https:\/\/mikelatseuskaltegia.com\/la-red-europea-de-igualdad-linguistica-elen-pide-dar-prioridad-a-la-revitalizacion-del-euskera\/"},"wordCount":685,"publisher":{"@id":"https:\/\/mikelatseuskaltegia.com\/#organization"},"image":{"@id":"https:\/\/mikelatseuskaltegia.com\/la-red-europea-de-igualdad-linguistica-elen-pide-dar-prioridad-a-la-revitalizacion-del-euskera\/#primaryimage"},"thumbnailUrl":"https:\/\/mikelatseuskaltegia.com\/wp-content\/uploads\/2024\/11\/Captura-de-pantalla-2024-11-27-a-las-17.16.58.png","articleSection":["Euskera","Albisteak"],"inLanguage":"eu"},{"@type":"WebPage","@id":"https:\/\/mikelatseuskaltegia.com\/la-red-europea-de-igualdad-linguistica-elen-pide-dar-prioridad-a-la-revitalizacion-del-euskera\/","url":"https:\/\/mikelatseuskaltegia.com\/la-red-europea-de-igualdad-linguistica-elen-pide-dar-prioridad-a-la-revitalizacion-del-euskera\/","name":"ELEN pide dar prioridad a la revitalizaci\u00f3n del euskera","isPartOf":{"@id":"https:\/\/mikelatseuskaltegia.com\/#website"},"primaryImageOfPage":{"@id":"https:\/\/mikelatseuskaltegia.com\/la-red-europea-de-igualdad-linguistica-elen-pide-dar-prioridad-a-la-revitalizacion-del-euskera\/#primaryimage"},"image":{"@id":"https:\/\/mikelatseuskaltegia.com\/la-red-europea-de-igualdad-linguistica-elen-pide-dar-prioridad-a-la-revitalizacion-del-euskera\/#primaryimage"},"thumbnailUrl":"https:\/\/mikelatseuskaltegia.com\/wp-content\/uploads\/2024\/11\/Captura-de-pantalla-2024-11-27-a-las-17.16.58.png","datePublished":"2024-11-25T16:00:53+00:00","dateModified":"2024-11-27T16:21:46+00:00","description":"La Red Europea de Igualdad Ling\u00fc\u00edstica ELEN pide dar prioridad a la revitalizaci\u00f3n sobre la situaci\u00f3n de \"emergencia ling\u00fc\u00edstica\" del euskera.","breadcrumb":{"@id":"https:\/\/mikelatseuskaltegia.com\/la-red-europea-de-igualdad-linguistica-elen-pide-dar-prioridad-a-la-revitalizacion-del-euskera\/#breadcrumb"},"inLanguage":"eu","potentialAction":[{"@type":"ReadAction","target":["https:\/\/mikelatseuskaltegia.com\/la-red-europea-de-igualdad-linguistica-elen-pide-dar-prioridad-a-la-revitalizacion-del-euskera\/"]}]},{"@type":"ImageObject","inLanguage":"eu","@id":"https:\/\/mikelatseuskaltegia.com\/la-red-europea-de-igualdad-linguistica-elen-pide-dar-prioridad-a-la-revitalizacion-del-euskera\/#primaryimage","url":"https:\/\/mikelatseuskaltegia.com\/wp-content\/uploads\/2024\/11\/Captura-de-pantalla-2024-11-27-a-las-17.16.58.png","contentUrl":"https:\/\/mikelatseuskaltegia.com\/wp-content\/uploads\/2024\/11\/Captura-de-pantalla-2024-11-27-a-las-17.16.58.png","width":568,"height":375},{"@type":"BreadcrumbList","@id":"https:\/\/mikelatseuskaltegia.com\/la-red-europea-de-igualdad-linguistica-elen-pide-dar-prioridad-a-la-revitalizacion-del-euskera\/#breadcrumb","itemListElement":[{"@type":"ListItem","position":1,"name":"Portada","item":"https:\/\/mikelatseuskaltegia.com\/eu\/"},{"@type":"ListItem","position":2,"name":"La Red Europea de Igualdad Ling\u00fc\u00edstica ELEN pide dar prioridad a la revitalizaci\u00f3n del euskera"}]},{"@type":"WebSite","@id":"https:\/\/mikelatseuskaltegia.com\/#website","url":"https:\/\/mikelatseuskaltegia.com\/","name":"Mikelats Euskaltegia","description":"Mikelats euskaltegia es especialista en euskaltegi Bilbao","publisher":{"@id":"https:\/\/mikelatseuskaltegia.com\/#organization"},"potentialAction":[{"@type":"SearchAction","target":{"@type":"EntryPoint","urlTemplate":"https:\/\/mikelatseuskaltegia.com\/?s={search_term_string}"},"query-input":{"@type":"PropertyValueSpecification","valueRequired":true,"valueName":"search_term_string"}}],"inLanguage":"eu"},{"@type":"Organization","@id":"https:\/\/mikelatseuskaltegia.com\/#organization","name":"Mikelats Euskaltegia","url":"https:\/\/mikelatseuskaltegia.com\/","logo":{"@type":"ImageObject","inLanguage":"eu","@id":"https:\/\/mikelatseuskaltegia.com\/#\/schema\/logo\/image\/","url":"http:\/\/nueva.mikelatseuskaltegia.com\/wp-content\/uploads\/2019\/12\/logotipo-mikelatz.png","contentUrl":"http:\/\/nueva.mikelatseuskaltegia.com\/wp-content\/uploads\/2019\/12\/logotipo-mikelatz.png","width":109,"height":77,"caption":"Mikelats Euskaltegia"},"image":{"@id":"https:\/\/mikelatseuskaltegia.com\/#\/schema\/logo\/image\/"}},{"@type":"Person","@id":"https:\/\/mikelatseuskaltegia.com\/#\/schema\/person\/d3639b04a236985dcc30249b35c9b58a","name":"Mikelats","image":{"@type":"ImageObject","inLanguage":"eu","@id":"https:\/\/secure.gravatar.com\/avatar\/a69f15aa44e14b786c6ac7076be348a7cf06fefc04c351edeec42417c6990ae7?s=96&d=mm&r=g","url":"https:\/\/secure.gravatar.com\/avatar\/a69f15aa44e14b786c6ac7076be348a7cf06fefc04c351edeec42417c6990ae7?s=96&d=mm&r=g","contentUrl":"https:\/\/secure.gravatar.com\/avatar\/a69f15aa44e14b786c6ac7076be348a7cf06fefc04c351edeec42417c6990ae7?s=96&d=mm&r=g","caption":"Mikelats"}}]}},"_links":{"self":[{"href":"https:\/\/mikelatseuskaltegia.com\/eu\/wp-json\/wp\/v2\/posts\/3777","targetHints":{"allow":["GET"]}}],"collection":[{"href":"https:\/\/mikelatseuskaltegia.com\/eu\/wp-json\/wp\/v2\/posts"}],"about":[{"href":"https:\/\/mikelatseuskaltegia.com\/eu\/wp-json\/wp\/v2\/types\/post"}],"author":[{"embeddable":true,"href":"https:\/\/mikelatseuskaltegia.com\/eu\/wp-json\/wp\/v2\/users\/3"}],"replies":[{"embeddable":true,"href":"https:\/\/mikelatseuskaltegia.com\/eu\/wp-json\/wp\/v2\/comments?post=3777"}],"version-history":[{"count":1,"href":"https:\/\/mikelatseuskaltegia.com\/eu\/wp-json\/wp\/v2\/posts\/3777\/revisions"}],"predecessor-version":[{"id":3779,"href":"https:\/\/mikelatseuskaltegia.com\/eu\/wp-json\/wp\/v2\/posts\/3777\/revisions\/3779"}],"wp:featuredmedia":[{"embeddable":true,"href":"https:\/\/mikelatseuskaltegia.com\/eu\/wp-json\/wp\/v2\/media\/3778"}],"wp:attachment":[{"href":"https:\/\/mikelatseuskaltegia.com\/eu\/wp-json\/wp\/v2\/media?parent=3777"}],"wp:term":[{"taxonomy":"category","embeddable":true,"href":"https:\/\/mikelatseuskaltegia.com\/eu\/wp-json\/wp\/v2\/categories?post=3777"},{"taxonomy":"post_tag","embeddable":true,"href":"https:\/\/mikelatseuskaltegia.com\/eu\/wp-json\/wp\/v2\/tags?post=3777"}],"curies":[{"name":"wp","href":"https:\/\/api.w.org\/{rel}","templated":true}]}}