{"id":3879,"date":"2025-04-11T11:45:42","date_gmt":"2025-04-11T09:45:42","guid":{"rendered":"https:\/\/mikelatseuskaltegia.com\/?p=3879"},"modified":"2025-05-30T12:34:19","modified_gmt":"2025-05-30T10:34:19","slug":"el-ayuntamiento-de-bilbao-lanza-la-convocatoria-2025-de-ayudas-para-el-aprendizaje-de-euskera","status":"publish","type":"post","link":"https:\/\/mikelatseuskaltegia.com\/eu\/el-ayuntamiento-de-bilbao-lanza-la-convocatoria-2025-de-ayudas-para-el-aprendizaje-de-euskera\/","title":{"rendered":"El Ayuntamiento de Bilbao lanza la Convocatoria 2025 de ayudas para el aprendizaje de euskera"},"content":{"rendered":"<h2><strong>Si eres Alumno\/a de Mikelats y vives en el Botxo est\u00e1s de suerte<\/strong>.<\/h2>\n<p>El Ayuntamiento de Bilbao abri\u00f3 el pasado 2 de abril la convocatoria para solicitar ayudas econ\u00f3micas para el aprendizaje de euskera a las y los <strong>mayores de 16 a\u00f1os empadronados en la Villa<\/strong>, matriculados en <strong>un Euskaltegi homologado por <\/strong><a href=\"https:\/\/www.habe.euskadi.eus\/inicio\/\" target=\"_blank\" rel=\"noopener\"><strong>HABE<\/strong><\/a> durante el<strong> curso 2024-2025.<\/strong><\/p>\n<p>Adem\u00e1s de cumplir los requisitos mencionados, las personas que obt\u00e9n a estas subvenciones deben demostrar que <strong>est\u00e1n al corriente de sus obligaciones fiscales y tributarias con la Seguridad Social y el Ayuntamiento de Bilbao<\/strong> durante todo el proceso de concesi\u00f3n y pago de la subvenci\u00f3n. La ayuda cubre el periodo comprendido entre el <strong>1 de junio de 2024 y el 30 de junio de 2025<\/strong>.<\/p>\n<p>Si cumples todo esto, date prisa y presenta ya tu solicitud, porque el plazo se cierra justo antes del inicio de la Semana Santa, el pr\u00f3ximo ,<strong>16 de abril de 2025<\/strong>.<\/p>\n<h3><strong>\u00bfC\u00f3mo pedir la ayuda?<\/strong><\/h3>\n<p>La solicitud puede presentarse de dos maneras:<\/p>\n<p><strong>A trav\u00e9s de la p\u00e1gina web del Ayuntamiento de Bilbao<\/strong>: Puedes acceder a la plataforma de solicitudes en el sitio web oficial del Ayuntamiento <a href=\"https:\/\/www.bilbao.eus\/cs\/Satellite?cid=3000005415&#038;language=es&#038;pagename=Bilbaonet%2FPage%2FBIO_home\" target=\"_blank\" rel=\"noopener\">www.bilbao.eus<\/a>. Para ello, solo tienes que ir a la secci\u00f3n de \u201c<strong>Agenda<\/strong>\u201d y seguir los pasos indicados en la convocatoria.<\/p>\n<p><strong>En el Registro del Ayuntamiento<\/strong>: Tambi\u00e9n es posible presentarla f\u00edsicamente en el Registro, tal y como se establece en las bases de la convocatoria.<\/p>\n<h3><strong>\u00bfNovedades de la convocatoria 2025?<\/strong><\/h3>\n<p>El Ayuntamiento de Bilbao ha mantenido las mejoras incorporadas en 2024, garantizando un acceso a\u00fan m\u00e1s amplio para la ciudadan\u00eda bilba\u00edna. Adem\u00e1s, este a\u00f1o tambi\u00e9n se ha reafirmado en la apertura de las ayudas a <strong>todas las personas empadronadas en Bilbao<\/strong>, sin importar su nivel de conocimiento previo del euskera.<\/p>\n<p>Para consultar las bases completas de 2025 y asegurarte de cumplir con todos los requisitos, puedes consultar el <strong>Bolet\u00edn Oficial de Bizkaia<\/strong> publicado el 1 de abril de 2025, o acceder directamente a la <a href=\"https:\/\/bilbaoeuskaraz.bilbao.eus\/wp-content\/uploads\/2025\/04\/2025-DEIALDIA-CONVOCATORIA.pdf\" target=\"_blank\" rel=\"noopener\">Base de Datos Nacional de Subvenciones<\/a> con el identificador 821920.<\/p>\n<p>Las ayudas del Ayuntamiento son una excelente oportunidad para fomentar el uso de nuestra lengua y acceder a la educaci\u00f3n en euskera de calidad. Si vives en Bilbao y est\u00e1s interesado en estudiar euskera en <a href=\"https:\/\/mikelatseuskaltegia.com\/mikelats-euskaltegia\/\"><strong>un euskaltegi homologado, como Mikelats<\/strong><\/a> no dudes en solicitar esta subvenci\u00f3n. <strong>\u00a1Tienes hasta el 16 de abril para hacerlo<\/strong><\/p>\n<p>&nbsp;<\/p>\n<p>FUENTES: Mikelats, Ayuntamiento de Bilbao, GCI<\/p>\n","protected":false},"excerpt":{"rendered":"<p>Si eres Alumno\/a de Mikelats y vives en el Botxo est\u00e1s de suerte. El Ayuntamiento de Bilbao abri\u00f3 el pasado [&hellip;]<\/p>\n","protected":false},"author":3,"featured_media":3882,"comment_status":"closed","ping_status":"closed","sticky":false,"template":"","format":"standard","meta":{"_vp_format_video_url":"","_vp_image_focal_point":[],"footnotes":""},"categories":[21,67,1],"tags":[26,17],"class_list":["post-3879","post","type-post","status-publish","format-standard","has-post-thumbnail","hentry","category-mikelats","category-noticias","category-sin-categorizar","tag-bilbao","tag-euskera"],"yoast_head":"<!-- This site is optimized with the Yoast SEO plugin v27.4 - https:\/\/yoast.com\/product\/yoast-seo-wordpress\/ -->\n<title>El Ayuntamiento de Bilbao lanza la Convocatoria 2025 de ayudas para el aprendizaje de euskera<\/title>\n<meta name=\"description\" content=\"Si eres Alumno\/a de Mikelats y vives en el Botxo est\u00e1s de suerte. El Ayuntamiento de Bilbao lanza la Convocatoria 2025 de ayudas para el aprendizaje de euskera. El Ayuntamiento de Bilbao abri\u00f3 el pasado 2 de abril la convocatoria para solicitar ayudas econ\u00f3micas para el aprendizaje de euskera a las y los mayores de 16 a\u00f1os empadronados en la Villa, matriculados en un Euskaltegi homologado por HABE durante el curso 2024-2025.\" \/>\n<meta name=\"robots\" content=\"index, follow, max-snippet:-1, max-image-preview:large, max-video-preview:-1\" \/>\n<link rel=\"canonical\" href=\"https:\/\/mikelatseuskaltegia.com\/eu\/el-ayuntamiento-de-bilbao-lanza-la-convocatoria-2025-de-ayudas-para-el-aprendizaje-de-euskera\/\" \/>\n<meta property=\"og:locale\" content=\"en_US\" \/>\n<meta property=\"og:locale:alternate\" content=\"es_ES\" \/>\n<meta property=\"og:type\" content=\"article\" \/>\n<meta property=\"og:title\" content=\"El Ayuntamiento de Bilbao lanza la Convocatoria 2025 de ayudas para el aprendizaje de euskera\" \/>\n<meta property=\"og:description\" content=\"Si eres Alumno\/a de Mikelats y vives en el Botxo est\u00e1s de suerte. El Ayuntamiento de Bilbao lanza la Convocatoria 2025 de ayudas para el aprendizaje de euskera. El Ayuntamiento de Bilbao abri\u00f3 el pasado 2 de abril la convocatoria para solicitar ayudas econ\u00f3micas para el aprendizaje de euskera a las y los mayores de 16 a\u00f1os empadronados en la Villa, matriculados en un Euskaltegi homologado por HABE durante el curso 2024-2025.\" \/>\n<meta property=\"og:url\" content=\"https:\/\/mikelatseuskaltegia.com\/eu\/el-ayuntamiento-de-bilbao-lanza-la-convocatoria-2025-de-ayudas-para-el-aprendizaje-de-euskera\/\" \/>\n<meta property=\"og:site_name\" content=\"Mikelats Euskaltegia\" \/>\n<meta property=\"article:published_time\" content=\"2025-04-11T09:45:42+00:00\" \/>\n<meta property=\"article:modified_time\" content=\"2025-05-30T10:34:19+00:00\" \/>\n<meta property=\"og:image\" content=\"https:\/\/mikelatseuskaltegia.com\/wp-content\/uploads\/2025\/04\/2148586647-1024x684.jpg\" \/>\n\t<meta property=\"og:image:width\" content=\"1024\" \/>\n\t<meta property=\"og:image:height\" content=\"684\" \/>\n\t<meta property=\"og:image:type\" content=\"image\/jpeg\" \/>\n<meta name=\"author\" content=\"Mikelats\" \/>\n<meta name=\"twitter:card\" content=\"summary_large_image\" \/>\n<meta name=\"twitter:label1\" content=\"Written by\" \/>\n\t<meta name=\"twitter:data1\" content=\"Mikelats\" \/>\n\t<meta name=\"twitter:label2\" content=\"Est. reading time\" \/>\n\t<meta name=\"twitter:data2\" content=\"2 minutua\" \/>\n<script type=\"application\/ld+json\" class=\"yoast-schema-graph\">{\"@context\":\"https:\\\/\\\/schema.org\",\"@graph\":[{\"@type\":\"Article\",\"@id\":\"https:\\\/\\\/mikelatseuskaltegia.com\\\/el-ayuntamiento-de-bilbao-lanza-la-convocatoria-2025-de-ayudas-para-el-aprendizaje-de-euskera\\\/#article\",\"isPartOf\":{\"@id\":\"https:\\\/\\\/mikelatseuskaltegia.com\\\/el-ayuntamiento-de-bilbao-lanza-la-convocatoria-2025-de-ayudas-para-el-aprendizaje-de-euskera\\\/\"},\"author\":{\"name\":\"Mikelats\",\"@id\":\"https:\\\/\\\/mikelatseuskaltegia.com\\\/#\\\/schema\\\/person\\\/d3639b04a236985dcc30249b35c9b58a\"},\"headline\":\"El Ayuntamiento de Bilbao lanza la Convocatoria 2025 de ayudas para el aprendizaje de euskera\",\"datePublished\":\"2025-04-11T09:45:42+00:00\",\"dateModified\":\"2025-05-30T10:34:19+00:00\",\"mainEntityOfPage\":{\"@id\":\"https:\\\/\\\/mikelatseuskaltegia.com\\\/el-ayuntamiento-de-bilbao-lanza-la-convocatoria-2025-de-ayudas-para-el-aprendizaje-de-euskera\\\/\"},\"wordCount\":422,\"publisher\":{\"@id\":\"https:\\\/\\\/mikelatseuskaltegia.com\\\/#organization\"},\"image\":{\"@id\":\"https:\\\/\\\/mikelatseuskaltegia.com\\\/el-ayuntamiento-de-bilbao-lanza-la-convocatoria-2025-de-ayudas-para-el-aprendizaje-de-euskera\\\/#primaryimage\"},\"thumbnailUrl\":\"https:\\\/\\\/mikelatseuskaltegia.com\\\/wp-content\\\/uploads\\\/2025\\\/04\\\/2148586647.jpg\",\"keywords\":[\"bilbao\",\"euskera\"],\"articleSection\":[\"Mikelats\",\"Albisteak\",\"Sin categorizar\"],\"inLanguage\":\"eu\"},{\"@type\":\"WebPage\",\"@id\":\"https:\\\/\\\/mikelatseuskaltegia.com\\\/el-ayuntamiento-de-bilbao-lanza-la-convocatoria-2025-de-ayudas-para-el-aprendizaje-de-euskera\\\/\",\"url\":\"https:\\\/\\\/mikelatseuskaltegia.com\\\/el-ayuntamiento-de-bilbao-lanza-la-convocatoria-2025-de-ayudas-para-el-aprendizaje-de-euskera\\\/\",\"name\":\"El Ayuntamiento de Bilbao lanza la Convocatoria 2025 de ayudas para el aprendizaje de euskera\",\"isPartOf\":{\"@id\":\"https:\\\/\\\/mikelatseuskaltegia.com\\\/#website\"},\"primaryImageOfPage\":{\"@id\":\"https:\\\/\\\/mikelatseuskaltegia.com\\\/el-ayuntamiento-de-bilbao-lanza-la-convocatoria-2025-de-ayudas-para-el-aprendizaje-de-euskera\\\/#primaryimage\"},\"image\":{\"@id\":\"https:\\\/\\\/mikelatseuskaltegia.com\\\/el-ayuntamiento-de-bilbao-lanza-la-convocatoria-2025-de-ayudas-para-el-aprendizaje-de-euskera\\\/#primaryimage\"},\"thumbnailUrl\":\"https:\\\/\\\/mikelatseuskaltegia.com\\\/wp-content\\\/uploads\\\/2025\\\/04\\\/2148586647.jpg\",\"datePublished\":\"2025-04-11T09:45:42+00:00\",\"dateModified\":\"2025-05-30T10:34:19+00:00\",\"description\":\"Si eres Alumno\\\/a de Mikelats y vives en el Botxo est\u00e1s de suerte. El Ayuntamiento de Bilbao lanza la Convocatoria 2025 de ayudas para el aprendizaje de euskera. El Ayuntamiento de Bilbao abri\u00f3 el pasado 2 de abril la convocatoria para solicitar ayudas econ\u00f3micas para el aprendizaje de euskera a las y los mayores de 16 a\u00f1os empadronados en la Villa, matriculados en un Euskaltegi homologado por HABE durante el curso 2024-2025.\",\"breadcrumb\":{\"@id\":\"https:\\\/\\\/mikelatseuskaltegia.com\\\/el-ayuntamiento-de-bilbao-lanza-la-convocatoria-2025-de-ayudas-para-el-aprendizaje-de-euskera\\\/#breadcrumb\"},\"inLanguage\":\"eu\",\"potentialAction\":[{\"@type\":\"ReadAction\",\"target\":[\"https:\\\/\\\/mikelatseuskaltegia.com\\\/el-ayuntamiento-de-bilbao-lanza-la-convocatoria-2025-de-ayudas-para-el-aprendizaje-de-euskera\\\/\"]}]},{\"@type\":\"ImageObject\",\"inLanguage\":\"eu\",\"@id\":\"https:\\\/\\\/mikelatseuskaltegia.com\\\/el-ayuntamiento-de-bilbao-lanza-la-convocatoria-2025-de-ayudas-para-el-aprendizaje-de-euskera\\\/#primaryimage\",\"url\":\"https:\\\/\\\/mikelatseuskaltegia.com\\\/wp-content\\\/uploads\\\/2025\\\/04\\\/2148586647.jpg\",\"contentUrl\":\"https:\\\/\\\/mikelatseuskaltegia.com\\\/wp-content\\\/uploads\\\/2025\\\/04\\\/2148586647.jpg\",\"width\":2000,\"height\":1335,\"caption\":\"El Ayuntamiento de Bilbao lanza la Convocatoria 2025 de ayudas para el aprendizaje de euskera\"},{\"@type\":\"BreadcrumbList\",\"@id\":\"https:\\\/\\\/mikelatseuskaltegia.com\\\/el-ayuntamiento-de-bilbao-lanza-la-convocatoria-2025-de-ayudas-para-el-aprendizaje-de-euskera\\\/#breadcrumb\",\"itemListElement\":[{\"@type\":\"ListItem\",\"position\":1,\"name\":\"Portada\",\"item\":\"https:\\\/\\\/mikelatseuskaltegia.com\\\/eu\\\/\"},{\"@type\":\"ListItem\",\"position\":2,\"name\":\"El Ayuntamiento de Bilbao lanza la Convocatoria 2025 de ayudas para el aprendizaje de euskera\"}]},{\"@type\":\"WebSite\",\"@id\":\"https:\\\/\\\/mikelatseuskaltegia.com\\\/#website\",\"url\":\"https:\\\/\\\/mikelatseuskaltegia.com\\\/\",\"name\":\"Mikelats Euskaltegia\",\"description\":\"Mikelats euskaltegia es especialista en euskaltegi Bilbao\",\"publisher\":{\"@id\":\"https:\\\/\\\/mikelatseuskaltegia.com\\\/#organization\"},\"potentialAction\":[{\"@type\":\"SearchAction\",\"target\":{\"@type\":\"EntryPoint\",\"urlTemplate\":\"https:\\\/\\\/mikelatseuskaltegia.com\\\/?s={search_term_string}\"},\"query-input\":{\"@type\":\"PropertyValueSpecification\",\"valueRequired\":true,\"valueName\":\"search_term_string\"}}],\"inLanguage\":\"eu\"},{\"@type\":\"Organization\",\"@id\":\"https:\\\/\\\/mikelatseuskaltegia.com\\\/#organization\",\"name\":\"Mikelats Euskaltegia\",\"url\":\"https:\\\/\\\/mikelatseuskaltegia.com\\\/\",\"logo\":{\"@type\":\"ImageObject\",\"inLanguage\":\"eu\",\"@id\":\"https:\\\/\\\/mikelatseuskaltegia.com\\\/#\\\/schema\\\/logo\\\/image\\\/\",\"url\":\"http:\\\/\\\/nueva.mikelatseuskaltegia.com\\\/wp-content\\\/uploads\\\/2019\\\/12\\\/logotipo-mikelatz.png\",\"contentUrl\":\"http:\\\/\\\/nueva.mikelatseuskaltegia.com\\\/wp-content\\\/uploads\\\/2019\\\/12\\\/logotipo-mikelatz.png\",\"width\":109,\"height\":77,\"caption\":\"Mikelats Euskaltegia\"},\"image\":{\"@id\":\"https:\\\/\\\/mikelatseuskaltegia.com\\\/#\\\/schema\\\/logo\\\/image\\\/\"}},{\"@type\":\"Person\",\"@id\":\"https:\\\/\\\/mikelatseuskaltegia.com\\\/#\\\/schema\\\/person\\\/d3639b04a236985dcc30249b35c9b58a\",\"name\":\"Mikelats\",\"image\":{\"@type\":\"ImageObject\",\"inLanguage\":\"eu\",\"@id\":\"https:\\\/\\\/secure.gravatar.com\\\/avatar\\\/a69f15aa44e14b786c6ac7076be348a7cf06fefc04c351edeec42417c6990ae7?s=96&d=mm&r=g\",\"url\":\"https:\\\/\\\/secure.gravatar.com\\\/avatar\\\/a69f15aa44e14b786c6ac7076be348a7cf06fefc04c351edeec42417c6990ae7?s=96&d=mm&r=g\",\"contentUrl\":\"https:\\\/\\\/secure.gravatar.com\\\/avatar\\\/a69f15aa44e14b786c6ac7076be348a7cf06fefc04c351edeec42417c6990ae7?s=96&d=mm&r=g\",\"caption\":\"Mikelats\"}}]}<\/script>\n<!-- \/ Yoast SEO plugin. -->","yoast_head_json":{"title":"El Ayuntamiento de Bilbao lanza la Convocatoria 2025 de ayudas para el aprendizaje de euskera","description":"Si eres Alumno\/a de Mikelats y vives en el Botxo est\u00e1s de suerte. El Ayuntamiento de Bilbao lanza la Convocatoria 2025 de ayudas para el aprendizaje de euskera. El Ayuntamiento de Bilbao abri\u00f3 el pasado 2 de abril la convocatoria para solicitar ayudas econ\u00f3micas para el aprendizaje de euskera a las y los mayores de 16 a\u00f1os empadronados en la Villa, matriculados en un Euskaltegi homologado por HABE durante el curso 2024-2025.","robots":{"index":"index","follow":"follow","max-snippet":"max-snippet:-1","max-image-preview":"max-image-preview:large","max-video-preview":"max-video-preview:-1"},"canonical":"https:\/\/mikelatseuskaltegia.com\/eu\/el-ayuntamiento-de-bilbao-lanza-la-convocatoria-2025-de-ayudas-para-el-aprendizaje-de-euskera\/","og_locale":"en_US","og_type":"article","og_title":"[:es]El Ayuntamiento de Bilbao lanza la Convocatoria 2025 de ayudas para el aprendizaje de euskera[:] - Mikelats Euskaltegia","og_description":"[:es]Si eres Alumno\/a de Mikelats y vives en el Botxo est\u00e1s de suerte. El Ayuntamiento de Bilbao lanza la Convocatoria 2025 de ayudas para el aprendizaje de euskera. El Ayuntamiento de Bilbao abri\u00f3 el pasado 2 de abril la convocatoria para solicitar ayudas econ\u00f3micas para el aprendizaje de euskera a las y los mayores de 16 a\u00f1os empadronados en la Villa, matriculados en un Euskaltegi homologado por HABE durante el curso 2024-2025.[:]","og_url":"https:\/\/mikelatseuskaltegia.com\/eu\/el-ayuntamiento-de-bilbao-lanza-la-convocatoria-2025-de-ayudas-para-el-aprendizaje-de-euskera\/","og_site_name":"Mikelats Euskaltegia","article_published_time":"2025-04-11T09:45:42+00:00","article_modified_time":"2025-05-30T10:34:19+00:00","og_image":[{"width":1024,"height":684,"url":"https:\/\/mikelatseuskaltegia.com\/wp-content\/uploads\/2025\/04\/2148586647-1024x684.jpg","type":"image\/jpeg"}],"author":"Mikelats","twitter_card":"summary_large_image","twitter_misc":{"Written by":"Mikelats","Est. reading time":"2 minutua"},"schema":{"@context":"https:\/\/schema.org","@graph":[{"@type":"Article","@id":"https:\/\/mikelatseuskaltegia.com\/el-ayuntamiento-de-bilbao-lanza-la-convocatoria-2025-de-ayudas-para-el-aprendizaje-de-euskera\/#article","isPartOf":{"@id":"https:\/\/mikelatseuskaltegia.com\/el-ayuntamiento-de-bilbao-lanza-la-convocatoria-2025-de-ayudas-para-el-aprendizaje-de-euskera\/"},"author":{"name":"Mikelats","@id":"https:\/\/mikelatseuskaltegia.com\/#\/schema\/person\/d3639b04a236985dcc30249b35c9b58a"},"headline":"El Ayuntamiento de Bilbao lanza la Convocatoria 2025 de ayudas para el aprendizaje de euskera","datePublished":"2025-04-11T09:45:42+00:00","dateModified":"2025-05-30T10:34:19+00:00","mainEntityOfPage":{"@id":"https:\/\/mikelatseuskaltegia.com\/el-ayuntamiento-de-bilbao-lanza-la-convocatoria-2025-de-ayudas-para-el-aprendizaje-de-euskera\/"},"wordCount":422,"publisher":{"@id":"https:\/\/mikelatseuskaltegia.com\/#organization"},"image":{"@id":"https:\/\/mikelatseuskaltegia.com\/el-ayuntamiento-de-bilbao-lanza-la-convocatoria-2025-de-ayudas-para-el-aprendizaje-de-euskera\/#primaryimage"},"thumbnailUrl":"https:\/\/mikelatseuskaltegia.com\/wp-content\/uploads\/2025\/04\/2148586647.jpg","keywords":["bilbao","euskera"],"articleSection":["Mikelats","Albisteak","Sin categorizar"],"inLanguage":"eu"},{"@type":"WebPage","@id":"https:\/\/mikelatseuskaltegia.com\/el-ayuntamiento-de-bilbao-lanza-la-convocatoria-2025-de-ayudas-para-el-aprendizaje-de-euskera\/","url":"https:\/\/mikelatseuskaltegia.com\/el-ayuntamiento-de-bilbao-lanza-la-convocatoria-2025-de-ayudas-para-el-aprendizaje-de-euskera\/","name":"El Ayuntamiento de Bilbao lanza la Convocatoria 2025 de ayudas para el aprendizaje de euskera","isPartOf":{"@id":"https:\/\/mikelatseuskaltegia.com\/#website"},"primaryImageOfPage":{"@id":"https:\/\/mikelatseuskaltegia.com\/el-ayuntamiento-de-bilbao-lanza-la-convocatoria-2025-de-ayudas-para-el-aprendizaje-de-euskera\/#primaryimage"},"image":{"@id":"https:\/\/mikelatseuskaltegia.com\/el-ayuntamiento-de-bilbao-lanza-la-convocatoria-2025-de-ayudas-para-el-aprendizaje-de-euskera\/#primaryimage"},"thumbnailUrl":"https:\/\/mikelatseuskaltegia.com\/wp-content\/uploads\/2025\/04\/2148586647.jpg","datePublished":"2025-04-11T09:45:42+00:00","dateModified":"2025-05-30T10:34:19+00:00","description":"Si eres Alumno\/a de Mikelats y vives en el Botxo est\u00e1s de suerte. El Ayuntamiento de Bilbao lanza la Convocatoria 2025 de ayudas para el aprendizaje de euskera. El Ayuntamiento de Bilbao abri\u00f3 el pasado 2 de abril la convocatoria para solicitar ayudas econ\u00f3micas para el aprendizaje de euskera a las y los mayores de 16 a\u00f1os empadronados en la Villa, matriculados en un Euskaltegi homologado por HABE durante el curso 2024-2025.","breadcrumb":{"@id":"https:\/\/mikelatseuskaltegia.com\/el-ayuntamiento-de-bilbao-lanza-la-convocatoria-2025-de-ayudas-para-el-aprendizaje-de-euskera\/#breadcrumb"},"inLanguage":"eu","potentialAction":[{"@type":"ReadAction","target":["https:\/\/mikelatseuskaltegia.com\/el-ayuntamiento-de-bilbao-lanza-la-convocatoria-2025-de-ayudas-para-el-aprendizaje-de-euskera\/"]}]},{"@type":"ImageObject","inLanguage":"eu","@id":"https:\/\/mikelatseuskaltegia.com\/el-ayuntamiento-de-bilbao-lanza-la-convocatoria-2025-de-ayudas-para-el-aprendizaje-de-euskera\/#primaryimage","url":"https:\/\/mikelatseuskaltegia.com\/wp-content\/uploads\/2025\/04\/2148586647.jpg","contentUrl":"https:\/\/mikelatseuskaltegia.com\/wp-content\/uploads\/2025\/04\/2148586647.jpg","width":2000,"height":1335,"caption":"El Ayuntamiento de Bilbao lanza la Convocatoria 2025 de ayudas para el aprendizaje de euskera"},{"@type":"BreadcrumbList","@id":"https:\/\/mikelatseuskaltegia.com\/el-ayuntamiento-de-bilbao-lanza-la-convocatoria-2025-de-ayudas-para-el-aprendizaje-de-euskera\/#breadcrumb","itemListElement":[{"@type":"ListItem","position":1,"name":"Portada","item":"https:\/\/mikelatseuskaltegia.com\/eu\/"},{"@type":"ListItem","position":2,"name":"El Ayuntamiento de Bilbao lanza la Convocatoria 2025 de ayudas para el aprendizaje de euskera"}]},{"@type":"WebSite","@id":"https:\/\/mikelatseuskaltegia.com\/#website","url":"https:\/\/mikelatseuskaltegia.com\/","name":"Mikelats Euskaltegia","description":"Mikelats euskaltegia es especialista en euskaltegi Bilbao","publisher":{"@id":"https:\/\/mikelatseuskaltegia.com\/#organization"},"potentialAction":[{"@type":"SearchAction","target":{"@type":"EntryPoint","urlTemplate":"https:\/\/mikelatseuskaltegia.com\/?s={search_term_string}"},"query-input":{"@type":"PropertyValueSpecification","valueRequired":true,"valueName":"search_term_string"}}],"inLanguage":"eu"},{"@type":"Organization","@id":"https:\/\/mikelatseuskaltegia.com\/#organization","name":"Mikelats Euskaltegia","url":"https:\/\/mikelatseuskaltegia.com\/","logo":{"@type":"ImageObject","inLanguage":"eu","@id":"https:\/\/mikelatseuskaltegia.com\/#\/schema\/logo\/image\/","url":"http:\/\/nueva.mikelatseuskaltegia.com\/wp-content\/uploads\/2019\/12\/logotipo-mikelatz.png","contentUrl":"http:\/\/nueva.mikelatseuskaltegia.com\/wp-content\/uploads\/2019\/12\/logotipo-mikelatz.png","width":109,"height":77,"caption":"Mikelats Euskaltegia"},"image":{"@id":"https:\/\/mikelatseuskaltegia.com\/#\/schema\/logo\/image\/"}},{"@type":"Person","@id":"https:\/\/mikelatseuskaltegia.com\/#\/schema\/person\/d3639b04a236985dcc30249b35c9b58a","name":"Mikelats","image":{"@type":"ImageObject","inLanguage":"eu","@id":"https:\/\/secure.gravatar.com\/avatar\/a69f15aa44e14b786c6ac7076be348a7cf06fefc04c351edeec42417c6990ae7?s=96&d=mm&r=g","url":"https:\/\/secure.gravatar.com\/avatar\/a69f15aa44e14b786c6ac7076be348a7cf06fefc04c351edeec42417c6990ae7?s=96&d=mm&r=g","contentUrl":"https:\/\/secure.gravatar.com\/avatar\/a69f15aa44e14b786c6ac7076be348a7cf06fefc04c351edeec42417c6990ae7?s=96&d=mm&r=g","caption":"Mikelats"}}]}},"_links":{"self":[{"href":"https:\/\/mikelatseuskaltegia.com\/eu\/wp-json\/wp\/v2\/posts\/3879","targetHints":{"allow":["GET"]}}],"collection":[{"href":"https:\/\/mikelatseuskaltegia.com\/eu\/wp-json\/wp\/v2\/posts"}],"about":[{"href":"https:\/\/mikelatseuskaltegia.com\/eu\/wp-json\/wp\/v2\/types\/post"}],"author":[{"embeddable":true,"href":"https:\/\/mikelatseuskaltegia.com\/eu\/wp-json\/wp\/v2\/users\/3"}],"replies":[{"embeddable":true,"href":"https:\/\/mikelatseuskaltegia.com\/eu\/wp-json\/wp\/v2\/comments?post=3879"}],"version-history":[{"count":8,"href":"https:\/\/mikelatseuskaltegia.com\/eu\/wp-json\/wp\/v2\/posts\/3879\/revisions"}],"predecessor-version":[{"id":3888,"href":"https:\/\/mikelatseuskaltegia.com\/eu\/wp-json\/wp\/v2\/posts\/3879\/revisions\/3888"}],"wp:featuredmedia":[{"embeddable":true,"href":"https:\/\/mikelatseuskaltegia.com\/eu\/wp-json\/wp\/v2\/media\/3882"}],"wp:attachment":[{"href":"https:\/\/mikelatseuskaltegia.com\/eu\/wp-json\/wp\/v2\/media?parent=3879"}],"wp:term":[{"taxonomy":"category","embeddable":true,"href":"https:\/\/mikelatseuskaltegia.com\/eu\/wp-json\/wp\/v2\/categories?post=3879"},{"taxonomy":"post_tag","embeddable":true,"href":"https:\/\/mikelatseuskaltegia.com\/eu\/wp-json\/wp\/v2\/tags?post=3879"}],"curies":[{"name":"wp","href":"https:\/\/api.w.org\/{rel}","templated":true}]}}