{"id":931,"date":"2020-06-15T09:17:11","date_gmt":"2020-06-15T09:17:11","guid":{"rendered":"http:\/\/nueva.mikelatseuskaltegia.com\/?p=931"},"modified":"2021-05-04T11:17:36","modified_gmt":"2021-05-04T11:17:36","slug":"necesidad-euskera-mercado-laboral","status":"publish","type":"post","link":"https:\/\/mikelatseuskaltegia.com\/eu\/necesidad-euskera-mercado-laboral\/","title":{"rendered":"La necesidad del euskera para el mercado laboral"},"content":{"rendered":"<p>Debido a la situaci\u00f3n excepcional que ha surgido por el COVID-19, muchas personas se encuentran dentro de un periodo de incertidumbre laboral. No est\u00e1n seguras de si en un futuro podr\u00e1n seguir dedic\u00e1ndose a aquello en lo que llevan trabajando durante los \u00faltimos a\u00f1os de su vida o si tendr\u00e1n que reinventarse para lograr un nuevo puesto de trabajo. Las empresas e instituciones solicitan que los candidatos cumplan con una serie de requisitos. Los a\u00f1os de experiencia son bien recibidos al igual que los cursos, las conferencias o los seminarios a los que hemos podido asistir fuera de nuestro horario laboral, pero las competencias ling\u00fc\u00edsticas son cada vez m\u00e1s importantes.<\/p>\n<p>En Euskadi y, especialmente, en trabajos que implican un trato cara al p\u00fablico, el dominio de idiomas es de vital importancia. Dentro del sector tur\u00edstico el ingl\u00e9s se valora muy positivamente, pero en lo que respecta a las oposiciones y otros cargos procedentes de instituciones p\u00fablicas, el euskera le gana el terreno a cualquier otro idioma demandado. Debemos tener en cuenta que no s\u00f3lo es necesario saber euskera, sino tambi\u00e9n tener un buen nivel que demuestre nuestra capacidad de compresi\u00f3n y de comunicaci\u00f3n.<\/p>\n<h2><strong>Formaci\u00f3n<\/strong><\/h2>\n<p>En dichas oposiciones, se ofertan plazas con exigencia de un perfil ling\u00fc\u00edstico. Esos perfiles se establecen en base a un nivel de conocimiento determinado de euskera: desde el B1 hasta el PL4\/C2 que solamente es necesario en casos muy puntuales. No obstante, adem\u00e1s de aprobar el examen, debemos acreditar las exigencias comunicativas que se incluyen en la oferta de empleo a la que nos hemos presentado.<\/p>\n<p>Por ello, en Mikelats, cada a\u00f1o recibimos a muchos estudiantes que acuden a nuestro euskaltegi tanto para mejorar su nivel de euskera como para obtener un t\u00edtulo acreditativo. Aunque cada estudiante tenga un objetivo distinto, todos ellos coinciden en dos factores: la formaci\u00f3n continua y la importancia del euskera en el \u00e1mbito laboral. A trav\u00e9s de nuestros cursos, todos ellos est\u00e1n mejorando sus competencias ling\u00fc\u00edsticas que de cara a un futuro cercano puede beneficiarles frente al resto de candidatos que no cumplen con los requisitos demandados.<\/p>\n<p>Los y las profesionales que formamos parte de Mikelats euskaltegia queremos facilitarte tu reincorporaci\u00f3n en el mercado laboral. El euskera puede brindarte acceso a nuevas oportunidades de trabajo y desde nuestro centro nos comprometemos a facilitarte el camino.<\/p>\n<p>&nbsp;<\/p>\n","protected":false},"excerpt":{"rendered":"<p>Debido a la situaci\u00f3n excepcional que ha surgido por el COVID-19, muchas personas se encuentran dentro de un periodo de [&hellip;]<\/p>\n","protected":false},"author":3,"featured_media":938,"comment_status":"open","ping_status":"open","sticky":false,"template":"","format":"standard","meta":{"_vp_format_video_url":"","_vp_image_focal_point":[],"footnotes":""},"categories":[27,12],"tags":[],"class_list":["post-931","post","type-post","status-publish","format-standard","has-post-thumbnail","hentry","category-euskera","category-oposiciones"],"yoast_head":"<!-- This site is optimized with the Yoast SEO plugin v27.4 - https:\/\/yoast.com\/product\/yoast-seo-wordpress\/ -->\n<title>La necesidad del euskera para el mercado laboral<\/title>\n<meta name=\"description\" content=\"El dominio del euskera es uno de los requesitos cada vez m\u00e1s demandados en el mercado laboral de Euskadi y en Mikelats queremos facilitarte el camino.\" \/>\n<meta name=\"robots\" content=\"index, follow, max-snippet:-1, max-image-preview:large, max-video-preview:-1\" \/>\n<link rel=\"canonical\" href=\"https:\/\/mikelatseuskaltegia.com\/eu\/necesidad-euskera-mercado-laboral\/\" \/>\n<meta property=\"og:locale\" content=\"en_US\" \/>\n<meta property=\"og:locale:alternate\" content=\"es_ES\" \/>\n<meta property=\"og:type\" content=\"article\" \/>\n<meta property=\"og:title\" content=\"La necesidad del euskera para el mercado laboral\" \/>\n<meta property=\"og:description\" content=\"El dominio del euskera es uno de los requesitos cada vez m\u00e1s demandados en el mercado laboral de Euskadi y en Mikelats queremos facilitarte el camino.\" \/>\n<meta property=\"og:url\" content=\"https:\/\/mikelatseuskaltegia.com\/eu\/necesidad-euskera-mercado-laboral\/\" \/>\n<meta property=\"og:site_name\" content=\"Mikelats Euskaltegia\" \/>\n<meta property=\"article:published_time\" content=\"2020-06-15T09:17:11+00:00\" \/>\n<meta property=\"article:modified_time\" content=\"2021-05-04T11:17:36+00:00\" \/>\n<meta property=\"og:image\" content=\"https:\/\/mikelatseuskaltegia.com\/wp-content\/uploads\/2020\/06\/euskera-mercado-laboral.jpg\" \/>\n\t<meta property=\"og:image:width\" content=\"1600\" \/>\n\t<meta property=\"og:image:height\" content=\"959\" \/>\n\t<meta property=\"og:image:type\" content=\"image\/jpeg\" \/>\n<meta name=\"author\" content=\"Mikelats\" \/>\n<meta name=\"twitter:card\" content=\"summary_large_image\" \/>\n<meta name=\"twitter:label1\" content=\"Written by\" \/>\n\t<meta name=\"twitter:data1\" content=\"Mikelats\" \/>\n\t<meta name=\"twitter:label2\" content=\"Est. reading time\" \/>\n\t<meta name=\"twitter:data2\" content=\"2 minutua\" \/>\n<script type=\"application\/ld+json\" class=\"yoast-schema-graph\">{\"@context\":\"https:\\\/\\\/schema.org\",\"@graph\":[{\"@type\":\"Article\",\"@id\":\"https:\\\/\\\/mikelatseuskaltegia.com\\\/necesidad-euskera-mercado-laboral\\\/#article\",\"isPartOf\":{\"@id\":\"https:\\\/\\\/mikelatseuskaltegia.com\\\/necesidad-euskera-mercado-laboral\\\/\"},\"author\":{\"name\":\"Mikelats\",\"@id\":\"https:\\\/\\\/mikelatseuskaltegia.com\\\/#\\\/schema\\\/person\\\/d3639b04a236985dcc30249b35c9b58a\"},\"headline\":\"La necesidad del euskera para el mercado laboral\",\"datePublished\":\"2020-06-15T09:17:11+00:00\",\"dateModified\":\"2021-05-04T11:17:36+00:00\",\"mainEntityOfPage\":{\"@id\":\"https:\\\/\\\/mikelatseuskaltegia.com\\\/necesidad-euskera-mercado-laboral\\\/\"},\"wordCount\":846,\"commentCount\":0,\"publisher\":{\"@id\":\"https:\\\/\\\/mikelatseuskaltegia.com\\\/#organization\"},\"image\":{\"@id\":\"https:\\\/\\\/mikelatseuskaltegia.com\\\/necesidad-euskera-mercado-laboral\\\/#primaryimage\"},\"thumbnailUrl\":\"https:\\\/\\\/mikelatseuskaltegia.com\\\/wp-content\\\/uploads\\\/2020\\\/06\\\/euskera-mercado-laboral.jpg\",\"articleSection\":[\"Euskera\",\"Oposizioak\"],\"inLanguage\":\"eu\"},{\"@type\":\"WebPage\",\"@id\":\"https:\\\/\\\/mikelatseuskaltegia.com\\\/necesidad-euskera-mercado-laboral\\\/\",\"url\":\"https:\\\/\\\/mikelatseuskaltegia.com\\\/necesidad-euskera-mercado-laboral\\\/\",\"name\":\"La necesidad del euskera para el mercado laboral\",\"isPartOf\":{\"@id\":\"https:\\\/\\\/mikelatseuskaltegia.com\\\/#website\"},\"primaryImageOfPage\":{\"@id\":\"https:\\\/\\\/mikelatseuskaltegia.com\\\/necesidad-euskera-mercado-laboral\\\/#primaryimage\"},\"image\":{\"@id\":\"https:\\\/\\\/mikelatseuskaltegia.com\\\/necesidad-euskera-mercado-laboral\\\/#primaryimage\"},\"thumbnailUrl\":\"https:\\\/\\\/mikelatseuskaltegia.com\\\/wp-content\\\/uploads\\\/2020\\\/06\\\/euskera-mercado-laboral.jpg\",\"datePublished\":\"2020-06-15T09:17:11+00:00\",\"dateModified\":\"2021-05-04T11:17:36+00:00\",\"description\":\"El dominio del euskera es uno de los requesitos cada vez m\u00e1s demandados en el mercado laboral de Euskadi y en Mikelats queremos facilitarte el camino.\",\"breadcrumb\":{\"@id\":\"https:\\\/\\\/mikelatseuskaltegia.com\\\/necesidad-euskera-mercado-laboral\\\/#breadcrumb\"},\"inLanguage\":\"eu\",\"potentialAction\":[{\"@type\":\"ReadAction\",\"target\":[\"https:\\\/\\\/mikelatseuskaltegia.com\\\/necesidad-euskera-mercado-laboral\\\/\"]}]},{\"@type\":\"ImageObject\",\"inLanguage\":\"eu\",\"@id\":\"https:\\\/\\\/mikelatseuskaltegia.com\\\/necesidad-euskera-mercado-laboral\\\/#primaryimage\",\"url\":\"https:\\\/\\\/mikelatseuskaltegia.com\\\/wp-content\\\/uploads\\\/2020\\\/06\\\/euskera-mercado-laboral.jpg\",\"contentUrl\":\"https:\\\/\\\/mikelatseuskaltegia.com\\\/wp-content\\\/uploads\\\/2020\\\/06\\\/euskera-mercado-laboral.jpg\",\"width\":1600,\"height\":959,\"caption\":\"entrevista trabajo manos euskera\"},{\"@type\":\"BreadcrumbList\",\"@id\":\"https:\\\/\\\/mikelatseuskaltegia.com\\\/necesidad-euskera-mercado-laboral\\\/#breadcrumb\",\"itemListElement\":[{\"@type\":\"ListItem\",\"position\":1,\"name\":\"Portada\",\"item\":\"https:\\\/\\\/mikelatseuskaltegia.com\\\/eu\\\/\"},{\"@type\":\"ListItem\",\"position\":2,\"name\":\"La necesidad del euskera para el mercado laboral\"}]},{\"@type\":\"WebSite\",\"@id\":\"https:\\\/\\\/mikelatseuskaltegia.com\\\/#website\",\"url\":\"https:\\\/\\\/mikelatseuskaltegia.com\\\/\",\"name\":\"Mikelats Euskaltegia\",\"description\":\"Mikelats euskaltegia es especialista en euskaltegi Bilbao\",\"publisher\":{\"@id\":\"https:\\\/\\\/mikelatseuskaltegia.com\\\/#organization\"},\"potentialAction\":[{\"@type\":\"SearchAction\",\"target\":{\"@type\":\"EntryPoint\",\"urlTemplate\":\"https:\\\/\\\/mikelatseuskaltegia.com\\\/?s={search_term_string}\"},\"query-input\":{\"@type\":\"PropertyValueSpecification\",\"valueRequired\":true,\"valueName\":\"search_term_string\"}}],\"inLanguage\":\"eu\"},{\"@type\":\"Organization\",\"@id\":\"https:\\\/\\\/mikelatseuskaltegia.com\\\/#organization\",\"name\":\"Mikelats Euskaltegia\",\"url\":\"https:\\\/\\\/mikelatseuskaltegia.com\\\/\",\"logo\":{\"@type\":\"ImageObject\",\"inLanguage\":\"eu\",\"@id\":\"https:\\\/\\\/mikelatseuskaltegia.com\\\/#\\\/schema\\\/logo\\\/image\\\/\",\"url\":\"http:\\\/\\\/nueva.mikelatseuskaltegia.com\\\/wp-content\\\/uploads\\\/2019\\\/12\\\/logotipo-mikelatz.png\",\"contentUrl\":\"http:\\\/\\\/nueva.mikelatseuskaltegia.com\\\/wp-content\\\/uploads\\\/2019\\\/12\\\/logotipo-mikelatz.png\",\"width\":109,\"height\":77,\"caption\":\"Mikelats Euskaltegia\"},\"image\":{\"@id\":\"https:\\\/\\\/mikelatseuskaltegia.com\\\/#\\\/schema\\\/logo\\\/image\\\/\"}},{\"@type\":\"Person\",\"@id\":\"https:\\\/\\\/mikelatseuskaltegia.com\\\/#\\\/schema\\\/person\\\/d3639b04a236985dcc30249b35c9b58a\",\"name\":\"Mikelats\",\"image\":{\"@type\":\"ImageObject\",\"inLanguage\":\"eu\",\"@id\":\"https:\\\/\\\/secure.gravatar.com\\\/avatar\\\/a69f15aa44e14b786c6ac7076be348a7cf06fefc04c351edeec42417c6990ae7?s=96&d=mm&r=g\",\"url\":\"https:\\\/\\\/secure.gravatar.com\\\/avatar\\\/a69f15aa44e14b786c6ac7076be348a7cf06fefc04c351edeec42417c6990ae7?s=96&d=mm&r=g\",\"contentUrl\":\"https:\\\/\\\/secure.gravatar.com\\\/avatar\\\/a69f15aa44e14b786c6ac7076be348a7cf06fefc04c351edeec42417c6990ae7?s=96&d=mm&r=g\",\"caption\":\"Mikelats\"}}]}<\/script>\n<!-- \/ Yoast SEO plugin. -->","yoast_head_json":{"title":"La necesidad del euskera para el mercado laboral","description":"El dominio del euskera es uno de los requesitos cada vez m\u00e1s demandados en el mercado laboral de Euskadi y en Mikelats queremos facilitarte el camino.","robots":{"index":"index","follow":"follow","max-snippet":"max-snippet:-1","max-image-preview":"max-image-preview:large","max-video-preview":"max-video-preview:-1"},"canonical":"https:\/\/mikelatseuskaltegia.com\/eu\/necesidad-euskera-mercado-laboral\/","og_locale":"en_US","og_type":"article","og_title":"[:es]La necesidad del euskera para el mercado laboral[:eu]La necesidad del euskera para el mercado laboral[:] - Mikelats Euskaltegia","og_description":"El dominio del euskera es uno de los requesitos cada vez m\u00e1s demandados en el mercado laboral de Euskadi y en Mikelats queremos facilitarte el camino.","og_url":"https:\/\/mikelatseuskaltegia.com\/eu\/necesidad-euskera-mercado-laboral\/","og_site_name":"Mikelats Euskaltegia","article_published_time":"2020-06-15T09:17:11+00:00","article_modified_time":"2021-05-04T11:17:36+00:00","og_image":[{"width":1600,"height":959,"url":"https:\/\/mikelatseuskaltegia.com\/wp-content\/uploads\/2020\/06\/euskera-mercado-laboral.jpg","type":"image\/jpeg"}],"author":"Mikelats","twitter_card":"summary_large_image","twitter_misc":{"Written by":"Mikelats","Est. reading time":"2 minutua"},"schema":{"@context":"https:\/\/schema.org","@graph":[{"@type":"Article","@id":"https:\/\/mikelatseuskaltegia.com\/necesidad-euskera-mercado-laboral\/#article","isPartOf":{"@id":"https:\/\/mikelatseuskaltegia.com\/necesidad-euskera-mercado-laboral\/"},"author":{"name":"Mikelats","@id":"https:\/\/mikelatseuskaltegia.com\/#\/schema\/person\/d3639b04a236985dcc30249b35c9b58a"},"headline":"La necesidad del euskera para el mercado laboral","datePublished":"2020-06-15T09:17:11+00:00","dateModified":"2021-05-04T11:17:36+00:00","mainEntityOfPage":{"@id":"https:\/\/mikelatseuskaltegia.com\/necesidad-euskera-mercado-laboral\/"},"wordCount":846,"commentCount":0,"publisher":{"@id":"https:\/\/mikelatseuskaltegia.com\/#organization"},"image":{"@id":"https:\/\/mikelatseuskaltegia.com\/necesidad-euskera-mercado-laboral\/#primaryimage"},"thumbnailUrl":"https:\/\/mikelatseuskaltegia.com\/wp-content\/uploads\/2020\/06\/euskera-mercado-laboral.jpg","articleSection":["Euskera","Oposizioak"],"inLanguage":"eu"},{"@type":"WebPage","@id":"https:\/\/mikelatseuskaltegia.com\/necesidad-euskera-mercado-laboral\/","url":"https:\/\/mikelatseuskaltegia.com\/necesidad-euskera-mercado-laboral\/","name":"La necesidad del euskera para el mercado laboral","isPartOf":{"@id":"https:\/\/mikelatseuskaltegia.com\/#website"},"primaryImageOfPage":{"@id":"https:\/\/mikelatseuskaltegia.com\/necesidad-euskera-mercado-laboral\/#primaryimage"},"image":{"@id":"https:\/\/mikelatseuskaltegia.com\/necesidad-euskera-mercado-laboral\/#primaryimage"},"thumbnailUrl":"https:\/\/mikelatseuskaltegia.com\/wp-content\/uploads\/2020\/06\/euskera-mercado-laboral.jpg","datePublished":"2020-06-15T09:17:11+00:00","dateModified":"2021-05-04T11:17:36+00:00","description":"El dominio del euskera es uno de los requesitos cada vez m\u00e1s demandados en el mercado laboral de Euskadi y en Mikelats queremos facilitarte el camino.","breadcrumb":{"@id":"https:\/\/mikelatseuskaltegia.com\/necesidad-euskera-mercado-laboral\/#breadcrumb"},"inLanguage":"eu","potentialAction":[{"@type":"ReadAction","target":["https:\/\/mikelatseuskaltegia.com\/necesidad-euskera-mercado-laboral\/"]}]},{"@type":"ImageObject","inLanguage":"eu","@id":"https:\/\/mikelatseuskaltegia.com\/necesidad-euskera-mercado-laboral\/#primaryimage","url":"https:\/\/mikelatseuskaltegia.com\/wp-content\/uploads\/2020\/06\/euskera-mercado-laboral.jpg","contentUrl":"https:\/\/mikelatseuskaltegia.com\/wp-content\/uploads\/2020\/06\/euskera-mercado-laboral.jpg","width":1600,"height":959,"caption":"entrevista trabajo manos euskera"},{"@type":"BreadcrumbList","@id":"https:\/\/mikelatseuskaltegia.com\/necesidad-euskera-mercado-laboral\/#breadcrumb","itemListElement":[{"@type":"ListItem","position":1,"name":"Portada","item":"https:\/\/mikelatseuskaltegia.com\/eu\/"},{"@type":"ListItem","position":2,"name":"La necesidad del euskera para el mercado laboral"}]},{"@type":"WebSite","@id":"https:\/\/mikelatseuskaltegia.com\/#website","url":"https:\/\/mikelatseuskaltegia.com\/","name":"Mikelats Euskaltegia","description":"Mikelats euskaltegia es especialista en euskaltegi Bilbao","publisher":{"@id":"https:\/\/mikelatseuskaltegia.com\/#organization"},"potentialAction":[{"@type":"SearchAction","target":{"@type":"EntryPoint","urlTemplate":"https:\/\/mikelatseuskaltegia.com\/?s={search_term_string}"},"query-input":{"@type":"PropertyValueSpecification","valueRequired":true,"valueName":"search_term_string"}}],"inLanguage":"eu"},{"@type":"Organization","@id":"https:\/\/mikelatseuskaltegia.com\/#organization","name":"Mikelats Euskaltegia","url":"https:\/\/mikelatseuskaltegia.com\/","logo":{"@type":"ImageObject","inLanguage":"eu","@id":"https:\/\/mikelatseuskaltegia.com\/#\/schema\/logo\/image\/","url":"http:\/\/nueva.mikelatseuskaltegia.com\/wp-content\/uploads\/2019\/12\/logotipo-mikelatz.png","contentUrl":"http:\/\/nueva.mikelatseuskaltegia.com\/wp-content\/uploads\/2019\/12\/logotipo-mikelatz.png","width":109,"height":77,"caption":"Mikelats Euskaltegia"},"image":{"@id":"https:\/\/mikelatseuskaltegia.com\/#\/schema\/logo\/image\/"}},{"@type":"Person","@id":"https:\/\/mikelatseuskaltegia.com\/#\/schema\/person\/d3639b04a236985dcc30249b35c9b58a","name":"Mikelats","image":{"@type":"ImageObject","inLanguage":"eu","@id":"https:\/\/secure.gravatar.com\/avatar\/a69f15aa44e14b786c6ac7076be348a7cf06fefc04c351edeec42417c6990ae7?s=96&d=mm&r=g","url":"https:\/\/secure.gravatar.com\/avatar\/a69f15aa44e14b786c6ac7076be348a7cf06fefc04c351edeec42417c6990ae7?s=96&d=mm&r=g","contentUrl":"https:\/\/secure.gravatar.com\/avatar\/a69f15aa44e14b786c6ac7076be348a7cf06fefc04c351edeec42417c6990ae7?s=96&d=mm&r=g","caption":"Mikelats"}}]}},"_links":{"self":[{"href":"https:\/\/mikelatseuskaltegia.com\/eu\/wp-json\/wp\/v2\/posts\/931","targetHints":{"allow":["GET"]}}],"collection":[{"href":"https:\/\/mikelatseuskaltegia.com\/eu\/wp-json\/wp\/v2\/posts"}],"about":[{"href":"https:\/\/mikelatseuskaltegia.com\/eu\/wp-json\/wp\/v2\/types\/post"}],"author":[{"embeddable":true,"href":"https:\/\/mikelatseuskaltegia.com\/eu\/wp-json\/wp\/v2\/users\/3"}],"replies":[{"embeddable":true,"href":"https:\/\/mikelatseuskaltegia.com\/eu\/wp-json\/wp\/v2\/comments?post=931"}],"version-history":[{"count":3,"href":"https:\/\/mikelatseuskaltegia.com\/eu\/wp-json\/wp\/v2\/posts\/931\/revisions"}],"predecessor-version":[{"id":1391,"href":"https:\/\/mikelatseuskaltegia.com\/eu\/wp-json\/wp\/v2\/posts\/931\/revisions\/1391"}],"wp:featuredmedia":[{"embeddable":true,"href":"https:\/\/mikelatseuskaltegia.com\/eu\/wp-json\/wp\/v2\/media\/938"}],"wp:attachment":[{"href":"https:\/\/mikelatseuskaltegia.com\/eu\/wp-json\/wp\/v2\/media?parent=931"}],"wp:term":[{"taxonomy":"category","embeddable":true,"href":"https:\/\/mikelatseuskaltegia.com\/eu\/wp-json\/wp\/v2\/categories?post=931"},{"taxonomy":"post_tag","embeddable":true,"href":"https:\/\/mikelatseuskaltegia.com\/eu\/wp-json\/wp\/v2\/tags?post=931"}],"curies":[{"name":"wp","href":"https:\/\/api.w.org\/{rel}","templated":true}]}}