{"id":952,"date":"2020-08-03T08:58:00","date_gmt":"2020-08-03T08:58:00","guid":{"rendered":"http:\/\/nueva.mikelatseuskaltegia.com\/?p=952"},"modified":"2021-05-04T11:26:51","modified_gmt":"2021-05-04T11:26:51","slug":"euskaraldia-2020-2","status":"publish","type":"post","link":"https:\/\/mikelatseuskaltegia.com\/eu\/euskaraldia-2020-2\/","title":{"rendered":"EUSKARALDIA 2020"},"content":{"rendered":"<p>Hace unos meses inform\u00e1bamos sobre las novedades de la segunda edici\u00f3n del <strong>Euskaraldia 2020<\/strong>, iniciativa que busca cambios en los h\u00e1bitos ling\u00fc\u00edsticos orales de las personas que entienden <strong>el euskera<\/strong> para as\u00ed fomentar el uso del idioma.<\/p>\n<p>Este a\u00f1o tendr\u00e1 lugar del <strong>20 de noviembre al 4 de diciembre de 2020<\/strong> alarg\u00e1ndose as\u00ed cuatro d\u00edas m\u00e1s que su primera edici\u00f3n.<\/p>\n<p>Para ello, tanto las entidades y sus miembros como todas las personas que quieran participar en esta iniciativa tendr\u00e1n la posibilidad de hacerlo de dos formas este a\u00f1o, convirti\u00e9ndose en <strong><em>ahobizi<\/em> o <em>belarriprest<\/em><\/strong> o gracias a la creaci\u00f3n de <strong>arigunes<\/strong> dentro de las propias entidades.<\/p>\n<h2><strong><em>Ahobizi<\/em><\/strong><strong> y <em>belarriprest<\/em><\/strong><\/h2>\n<p>Ya utilizados en la anterior edici\u00f3n, <em>ahobizi<\/em> y <em>belarriprest<\/em> suponen una nueva forma de incentivar el uso del euskera. Los participantes deber\u00e1n elegir una de las dos opciones para aplicarla de forma individual tanto en su \u00e1mbito laboral como personal.<\/p>\n<p>El objetivo de los <em>ahobizi<\/em> es hablar siempre en euskera. Son personas que\u00a0 hablan y entienden el idioma. Al comenzar una conversaci\u00f3n con alguien del que no est\u00e9n seguros que hable euskera, deber\u00e1n decir las tres primeras palabras en ese idioma y si la otra persona lo entiende continuar hablando en en euskera.<\/p>\n<p>Por otro lado, los <em>belarriprest<\/em> son personas que entienden euskera pero que no lo hablar\u00e1n siempre. Estas personas pueden elegir cuando hablar euskera pero pedir\u00e1n siempre que se les hable en este idioma. De esta manera se crear\u00e1n conversaciones en euskera y un entorno protegido para su uso.<\/p>\n<p>Todos los que deseen apuntarse a esta iniciativa como <em>ahobizi<\/em> o <em>belarriprest<\/em> podr\u00e1n hacerlo a partir del pr\u00f3ximo mes de septiembre.<\/p>\n<h2><strong>Los arigunes<\/strong><\/h2>\n<p>La gran novedad de esta edici\u00f3n es la creaci\u00f3n de los arigunes, espacios dentro de entidades, empresas y asociaciones destinados al uso del euskera con el objetivo de fomentar el uso del idioma en las relaciones del \u00e1mbito laboral. En estos espacios, las personas que se han unido a <em>ahobizi<\/em> y<em> belarriprest<\/em> llevar\u00e1n a cabo ejercicios de forma colectiva.<\/p>\n<p>El plazo para la inscripci\u00f3n de las entidades que promuevan estos espacios permanecer\u00e1 abierto hasta el 27 de septiembre.<\/p>\n<p>Este a\u00f1o se estima superar el n\u00famero de participantes de la primera edici\u00f3n. A d\u00eda de hoy cuentan con m\u00e1s de 325 grupos de ciudadanos apuntados y con la creaci\u00f3n de m\u00e1s de 3.200 puntos de encuentro por parte de las entidades inscritas, siendo algunas de ellas Fagor, Euskaltel o el Grupo Deportivo Super Amara Bera Bera.<\/p>\n<p><span style=\"color: #999999;\">Fuentes: <a style=\"color: #999999;\" href=\"https:\/\/www.eitb.eus\/es\/cultura\/videos\/detalle\/7308322\/euskaraldia-2020-que-son-arigunes-novedad-iniciativa-euskera\/\">Eitb.eus<\/a>, <a style=\"color: #999999;\" href=\"https:\/\/euskaraldia.eus\/es\/\">Euskaraldia 2020<\/a><\/span><\/p>\n","protected":false},"excerpt":{"rendered":"<p>Hace unos meses inform\u00e1bamos sobre las novedades de la segunda edici\u00f3n del Euskaraldia 2020, iniciativa que busca cambios en los [&hellip;]<\/p>\n","protected":false},"author":3,"featured_media":955,"comment_status":"open","ping_status":"open","sticky":false,"template":"","format":"standard","meta":{"_vp_format_video_url":"","_vp_image_focal_point":[],"footnotes":""},"categories":[27],"tags":[],"class_list":["post-952","post","type-post","status-publish","format-standard","has-post-thumbnail","hentry","category-euskera"],"yoast_head":"<!-- This site is optimized with the Yoast SEO plugin v27.4 - https:\/\/yoast.com\/product\/yoast-seo-wordpress\/ -->\n<title>EUSKARALDIA 2020<\/title>\n<meta name=\"description\" content=\"La segunda edici\u00f3n del Euskaraldia se llevar\u00e1 a cabo a partir de Noviembre con el objetivo de fomentar el uso del euskera.\" \/>\n<meta name=\"robots\" content=\"index, follow, max-snippet:-1, max-image-preview:large, max-video-preview:-1\" \/>\n<link rel=\"canonical\" href=\"https:\/\/mikelatseuskaltegia.com\/eu\/euskaraldia-2020-2\/\" \/>\n<meta property=\"og:locale\" content=\"en_US\" \/>\n<meta property=\"og:locale:alternate\" content=\"es_ES\" \/>\n<meta property=\"og:type\" content=\"article\" \/>\n<meta property=\"og:title\" content=\"EUSKARALDIA 2020\" \/>\n<meta property=\"og:description\" content=\"La segunda edici\u00f3n del Euskaraldia se llevar\u00e1 a cabo a partir de Noviembre con el objetivo de fomentar el uso del euskera.\" \/>\n<meta property=\"og:url\" content=\"https:\/\/mikelatseuskaltegia.com\/eu\/euskaraldia-2020-2\/\" \/>\n<meta property=\"og:site_name\" content=\"Mikelats Euskaltegia\" \/>\n<meta property=\"article:published_time\" content=\"2020-08-03T08:58:00+00:00\" \/>\n<meta property=\"article:modified_time\" content=\"2021-05-04T11:26:51+00:00\" \/>\n<meta property=\"og:image\" content=\"https:\/\/mikelatseuskaltegia.com\/wp-content\/uploads\/2020\/07\/EUSKARALDIA-NABARMENDUA-627x545-1.jpg\" \/>\n\t<meta property=\"og:image:width\" content=\"627\" \/>\n\t<meta property=\"og:image:height\" content=\"545\" \/>\n\t<meta property=\"og:image:type\" content=\"image\/jpeg\" \/>\n<meta name=\"author\" content=\"Mikelats\" \/>\n<meta name=\"twitter:card\" content=\"summary_large_image\" \/>\n<meta name=\"twitter:label1\" content=\"Written by\" \/>\n\t<meta name=\"twitter:data1\" content=\"Mikelats\" \/>\n\t<meta name=\"twitter:label2\" content=\"Est. reading time\" \/>\n\t<meta name=\"twitter:data2\" content=\"2 minutua\" \/>\n<script type=\"application\/ld+json\" class=\"yoast-schema-graph\">{\"@context\":\"https:\\\/\\\/schema.org\",\"@graph\":[{\"@type\":\"Article\",\"@id\":\"https:\\\/\\\/mikelatseuskaltegia.com\\\/euskaraldia-2020-2\\\/#article\",\"isPartOf\":{\"@id\":\"https:\\\/\\\/mikelatseuskaltegia.com\\\/euskaraldia-2020-2\\\/\"},\"author\":{\"name\":\"Mikelats\",\"@id\":\"https:\\\/\\\/mikelatseuskaltegia.com\\\/#\\\/schema\\\/person\\\/d3639b04a236985dcc30249b35c9b58a\"},\"headline\":\"EUSKARALDIA 2020\",\"datePublished\":\"2020-08-03T08:58:00+00:00\",\"dateModified\":\"2021-05-04T11:26:51+00:00\",\"mainEntityOfPage\":{\"@id\":\"https:\\\/\\\/mikelatseuskaltegia.com\\\/euskaraldia-2020-2\\\/\"},\"wordCount\":882,\"commentCount\":0,\"publisher\":{\"@id\":\"https:\\\/\\\/mikelatseuskaltegia.com\\\/#organization\"},\"image\":{\"@id\":\"https:\\\/\\\/mikelatseuskaltegia.com\\\/euskaraldia-2020-2\\\/#primaryimage\"},\"thumbnailUrl\":\"https:\\\/\\\/mikelatseuskaltegia.com\\\/wp-content\\\/uploads\\\/2020\\\/07\\\/EUSKARALDIA-NABARMENDUA-627x545-1.jpg\",\"articleSection\":[\"Euskera\"],\"inLanguage\":\"eu\"},{\"@type\":\"WebPage\",\"@id\":\"https:\\\/\\\/mikelatseuskaltegia.com\\\/euskaraldia-2020-2\\\/\",\"url\":\"https:\\\/\\\/mikelatseuskaltegia.com\\\/euskaraldia-2020-2\\\/\",\"name\":\"EUSKARALDIA 2020\",\"isPartOf\":{\"@id\":\"https:\\\/\\\/mikelatseuskaltegia.com\\\/#website\"},\"primaryImageOfPage\":{\"@id\":\"https:\\\/\\\/mikelatseuskaltegia.com\\\/euskaraldia-2020-2\\\/#primaryimage\"},\"image\":{\"@id\":\"https:\\\/\\\/mikelatseuskaltegia.com\\\/euskaraldia-2020-2\\\/#primaryimage\"},\"thumbnailUrl\":\"https:\\\/\\\/mikelatseuskaltegia.com\\\/wp-content\\\/uploads\\\/2020\\\/07\\\/EUSKARALDIA-NABARMENDUA-627x545-1.jpg\",\"datePublished\":\"2020-08-03T08:58:00+00:00\",\"dateModified\":\"2021-05-04T11:26:51+00:00\",\"description\":\"La segunda edici\u00f3n del Euskaraldia se llevar\u00e1 a cabo a partir de Noviembre con el objetivo de fomentar el uso del euskera.\",\"breadcrumb\":{\"@id\":\"https:\\\/\\\/mikelatseuskaltegia.com\\\/euskaraldia-2020-2\\\/#breadcrumb\"},\"inLanguage\":\"eu\",\"potentialAction\":[{\"@type\":\"ReadAction\",\"target\":[\"https:\\\/\\\/mikelatseuskaltegia.com\\\/euskaraldia-2020-2\\\/\"]}]},{\"@type\":\"ImageObject\",\"inLanguage\":\"eu\",\"@id\":\"https:\\\/\\\/mikelatseuskaltegia.com\\\/euskaraldia-2020-2\\\/#primaryimage\",\"url\":\"https:\\\/\\\/mikelatseuskaltegia.com\\\/wp-content\\\/uploads\\\/2020\\\/07\\\/EUSKARALDIA-NABARMENDUA-627x545-1.jpg\",\"contentUrl\":\"https:\\\/\\\/mikelatseuskaltegia.com\\\/wp-content\\\/uploads\\\/2020\\\/07\\\/EUSKARALDIA-NABARMENDUA-627x545-1.jpg\",\"width\":627,\"height\":545,\"caption\":\"eukaraldia\"},{\"@type\":\"BreadcrumbList\",\"@id\":\"https:\\\/\\\/mikelatseuskaltegia.com\\\/euskaraldia-2020-2\\\/#breadcrumb\",\"itemListElement\":[{\"@type\":\"ListItem\",\"position\":1,\"name\":\"Portada\",\"item\":\"https:\\\/\\\/mikelatseuskaltegia.com\\\/eu\\\/\"},{\"@type\":\"ListItem\",\"position\":2,\"name\":\"EUSKARALDIA 2020\"}]},{\"@type\":\"WebSite\",\"@id\":\"https:\\\/\\\/mikelatseuskaltegia.com\\\/#website\",\"url\":\"https:\\\/\\\/mikelatseuskaltegia.com\\\/\",\"name\":\"Mikelats Euskaltegia\",\"description\":\"Mikelats euskaltegia es especialista en euskaltegi Bilbao\",\"publisher\":{\"@id\":\"https:\\\/\\\/mikelatseuskaltegia.com\\\/#organization\"},\"potentialAction\":[{\"@type\":\"SearchAction\",\"target\":{\"@type\":\"EntryPoint\",\"urlTemplate\":\"https:\\\/\\\/mikelatseuskaltegia.com\\\/?s={search_term_string}\"},\"query-input\":{\"@type\":\"PropertyValueSpecification\",\"valueRequired\":true,\"valueName\":\"search_term_string\"}}],\"inLanguage\":\"eu\"},{\"@type\":\"Organization\",\"@id\":\"https:\\\/\\\/mikelatseuskaltegia.com\\\/#organization\",\"name\":\"Mikelats Euskaltegia\",\"url\":\"https:\\\/\\\/mikelatseuskaltegia.com\\\/\",\"logo\":{\"@type\":\"ImageObject\",\"inLanguage\":\"eu\",\"@id\":\"https:\\\/\\\/mikelatseuskaltegia.com\\\/#\\\/schema\\\/logo\\\/image\\\/\",\"url\":\"http:\\\/\\\/nueva.mikelatseuskaltegia.com\\\/wp-content\\\/uploads\\\/2019\\\/12\\\/logotipo-mikelatz.png\",\"contentUrl\":\"http:\\\/\\\/nueva.mikelatseuskaltegia.com\\\/wp-content\\\/uploads\\\/2019\\\/12\\\/logotipo-mikelatz.png\",\"width\":109,\"height\":77,\"caption\":\"Mikelats Euskaltegia\"},\"image\":{\"@id\":\"https:\\\/\\\/mikelatseuskaltegia.com\\\/#\\\/schema\\\/logo\\\/image\\\/\"}},{\"@type\":\"Person\",\"@id\":\"https:\\\/\\\/mikelatseuskaltegia.com\\\/#\\\/schema\\\/person\\\/d3639b04a236985dcc30249b35c9b58a\",\"name\":\"Mikelats\",\"image\":{\"@type\":\"ImageObject\",\"inLanguage\":\"eu\",\"@id\":\"https:\\\/\\\/secure.gravatar.com\\\/avatar\\\/a69f15aa44e14b786c6ac7076be348a7cf06fefc04c351edeec42417c6990ae7?s=96&d=mm&r=g\",\"url\":\"https:\\\/\\\/secure.gravatar.com\\\/avatar\\\/a69f15aa44e14b786c6ac7076be348a7cf06fefc04c351edeec42417c6990ae7?s=96&d=mm&r=g\",\"contentUrl\":\"https:\\\/\\\/secure.gravatar.com\\\/avatar\\\/a69f15aa44e14b786c6ac7076be348a7cf06fefc04c351edeec42417c6990ae7?s=96&d=mm&r=g\",\"caption\":\"Mikelats\"}}]}<\/script>\n<!-- \/ Yoast SEO plugin. -->","yoast_head_json":{"title":"EUSKARALDIA 2020","description":"La segunda edici\u00f3n del Euskaraldia se llevar\u00e1 a cabo a partir de Noviembre con el objetivo de fomentar el uso del euskera.","robots":{"index":"index","follow":"follow","max-snippet":"max-snippet:-1","max-image-preview":"max-image-preview:large","max-video-preview":"max-video-preview:-1"},"canonical":"https:\/\/mikelatseuskaltegia.com\/eu\/euskaraldia-2020-2\/","og_locale":"en_US","og_type":"article","og_title":"[:es]EUSKARALDIA 2020[:eu]EUSKARALDIA 2020[:] - Mikelats Euskaltegia","og_description":"La segunda edici\u00f3n del Euskaraldia se llevar\u00e1 a cabo a partir de Noviembre con el objetivo de fomentar el uso del euskera.","og_url":"https:\/\/mikelatseuskaltegia.com\/eu\/euskaraldia-2020-2\/","og_site_name":"Mikelats Euskaltegia","article_published_time":"2020-08-03T08:58:00+00:00","article_modified_time":"2021-05-04T11:26:51+00:00","og_image":[{"width":627,"height":545,"url":"https:\/\/mikelatseuskaltegia.com\/wp-content\/uploads\/2020\/07\/EUSKARALDIA-NABARMENDUA-627x545-1.jpg","type":"image\/jpeg"}],"author":"Mikelats","twitter_card":"summary_large_image","twitter_misc":{"Written by":"Mikelats","Est. reading time":"2 minutua"},"schema":{"@context":"https:\/\/schema.org","@graph":[{"@type":"Article","@id":"https:\/\/mikelatseuskaltegia.com\/euskaraldia-2020-2\/#article","isPartOf":{"@id":"https:\/\/mikelatseuskaltegia.com\/euskaraldia-2020-2\/"},"author":{"name":"Mikelats","@id":"https:\/\/mikelatseuskaltegia.com\/#\/schema\/person\/d3639b04a236985dcc30249b35c9b58a"},"headline":"EUSKARALDIA 2020","datePublished":"2020-08-03T08:58:00+00:00","dateModified":"2021-05-04T11:26:51+00:00","mainEntityOfPage":{"@id":"https:\/\/mikelatseuskaltegia.com\/euskaraldia-2020-2\/"},"wordCount":882,"commentCount":0,"publisher":{"@id":"https:\/\/mikelatseuskaltegia.com\/#organization"},"image":{"@id":"https:\/\/mikelatseuskaltegia.com\/euskaraldia-2020-2\/#primaryimage"},"thumbnailUrl":"https:\/\/mikelatseuskaltegia.com\/wp-content\/uploads\/2020\/07\/EUSKARALDIA-NABARMENDUA-627x545-1.jpg","articleSection":["Euskera"],"inLanguage":"eu"},{"@type":"WebPage","@id":"https:\/\/mikelatseuskaltegia.com\/euskaraldia-2020-2\/","url":"https:\/\/mikelatseuskaltegia.com\/euskaraldia-2020-2\/","name":"EUSKARALDIA 2020","isPartOf":{"@id":"https:\/\/mikelatseuskaltegia.com\/#website"},"primaryImageOfPage":{"@id":"https:\/\/mikelatseuskaltegia.com\/euskaraldia-2020-2\/#primaryimage"},"image":{"@id":"https:\/\/mikelatseuskaltegia.com\/euskaraldia-2020-2\/#primaryimage"},"thumbnailUrl":"https:\/\/mikelatseuskaltegia.com\/wp-content\/uploads\/2020\/07\/EUSKARALDIA-NABARMENDUA-627x545-1.jpg","datePublished":"2020-08-03T08:58:00+00:00","dateModified":"2021-05-04T11:26:51+00:00","description":"La segunda edici\u00f3n del Euskaraldia se llevar\u00e1 a cabo a partir de Noviembre con el objetivo de fomentar el uso del euskera.","breadcrumb":{"@id":"https:\/\/mikelatseuskaltegia.com\/euskaraldia-2020-2\/#breadcrumb"},"inLanguage":"eu","potentialAction":[{"@type":"ReadAction","target":["https:\/\/mikelatseuskaltegia.com\/euskaraldia-2020-2\/"]}]},{"@type":"ImageObject","inLanguage":"eu","@id":"https:\/\/mikelatseuskaltegia.com\/euskaraldia-2020-2\/#primaryimage","url":"https:\/\/mikelatseuskaltegia.com\/wp-content\/uploads\/2020\/07\/EUSKARALDIA-NABARMENDUA-627x545-1.jpg","contentUrl":"https:\/\/mikelatseuskaltegia.com\/wp-content\/uploads\/2020\/07\/EUSKARALDIA-NABARMENDUA-627x545-1.jpg","width":627,"height":545,"caption":"eukaraldia"},{"@type":"BreadcrumbList","@id":"https:\/\/mikelatseuskaltegia.com\/euskaraldia-2020-2\/#breadcrumb","itemListElement":[{"@type":"ListItem","position":1,"name":"Portada","item":"https:\/\/mikelatseuskaltegia.com\/eu\/"},{"@type":"ListItem","position":2,"name":"EUSKARALDIA 2020"}]},{"@type":"WebSite","@id":"https:\/\/mikelatseuskaltegia.com\/#website","url":"https:\/\/mikelatseuskaltegia.com\/","name":"Mikelats Euskaltegia","description":"Mikelats euskaltegia es especialista en euskaltegi Bilbao","publisher":{"@id":"https:\/\/mikelatseuskaltegia.com\/#organization"},"potentialAction":[{"@type":"SearchAction","target":{"@type":"EntryPoint","urlTemplate":"https:\/\/mikelatseuskaltegia.com\/?s={search_term_string}"},"query-input":{"@type":"PropertyValueSpecification","valueRequired":true,"valueName":"search_term_string"}}],"inLanguage":"eu"},{"@type":"Organization","@id":"https:\/\/mikelatseuskaltegia.com\/#organization","name":"Mikelats Euskaltegia","url":"https:\/\/mikelatseuskaltegia.com\/","logo":{"@type":"ImageObject","inLanguage":"eu","@id":"https:\/\/mikelatseuskaltegia.com\/#\/schema\/logo\/image\/","url":"http:\/\/nueva.mikelatseuskaltegia.com\/wp-content\/uploads\/2019\/12\/logotipo-mikelatz.png","contentUrl":"http:\/\/nueva.mikelatseuskaltegia.com\/wp-content\/uploads\/2019\/12\/logotipo-mikelatz.png","width":109,"height":77,"caption":"Mikelats Euskaltegia"},"image":{"@id":"https:\/\/mikelatseuskaltegia.com\/#\/schema\/logo\/image\/"}},{"@type":"Person","@id":"https:\/\/mikelatseuskaltegia.com\/#\/schema\/person\/d3639b04a236985dcc30249b35c9b58a","name":"Mikelats","image":{"@type":"ImageObject","inLanguage":"eu","@id":"https:\/\/secure.gravatar.com\/avatar\/a69f15aa44e14b786c6ac7076be348a7cf06fefc04c351edeec42417c6990ae7?s=96&d=mm&r=g","url":"https:\/\/secure.gravatar.com\/avatar\/a69f15aa44e14b786c6ac7076be348a7cf06fefc04c351edeec42417c6990ae7?s=96&d=mm&r=g","contentUrl":"https:\/\/secure.gravatar.com\/avatar\/a69f15aa44e14b786c6ac7076be348a7cf06fefc04c351edeec42417c6990ae7?s=96&d=mm&r=g","caption":"Mikelats"}}]}},"_links":{"self":[{"href":"https:\/\/mikelatseuskaltegia.com\/eu\/wp-json\/wp\/v2\/posts\/952","targetHints":{"allow":["GET"]}}],"collection":[{"href":"https:\/\/mikelatseuskaltegia.com\/eu\/wp-json\/wp\/v2\/posts"}],"about":[{"href":"https:\/\/mikelatseuskaltegia.com\/eu\/wp-json\/wp\/v2\/types\/post"}],"author":[{"embeddable":true,"href":"https:\/\/mikelatseuskaltegia.com\/eu\/wp-json\/wp\/v2\/users\/3"}],"replies":[{"embeddable":true,"href":"https:\/\/mikelatseuskaltegia.com\/eu\/wp-json\/wp\/v2\/comments?post=952"}],"version-history":[{"count":5,"href":"https:\/\/mikelatseuskaltegia.com\/eu\/wp-json\/wp\/v2\/posts\/952\/revisions"}],"predecessor-version":[{"id":1405,"href":"https:\/\/mikelatseuskaltegia.com\/eu\/wp-json\/wp\/v2\/posts\/952\/revisions\/1405"}],"wp:featuredmedia":[{"embeddable":true,"href":"https:\/\/mikelatseuskaltegia.com\/eu\/wp-json\/wp\/v2\/media\/955"}],"wp:attachment":[{"href":"https:\/\/mikelatseuskaltegia.com\/eu\/wp-json\/wp\/v2\/media?parent=952"}],"wp:term":[{"taxonomy":"category","embeddable":true,"href":"https:\/\/mikelatseuskaltegia.com\/eu\/wp-json\/wp\/v2\/categories?post=952"},{"taxonomy":"post_tag","embeddable":true,"href":"https:\/\/mikelatseuskaltegia.com\/eu\/wp-json\/wp\/v2\/tags?post=952"}],"curies":[{"name":"wp","href":"https:\/\/api.w.org\/{rel}","templated":true}]}}